{"id":24833,"date":"2025-10-02T22:24:18","date_gmt":"2025-10-02T20:24:18","guid":{"rendered":"http:\/\/euwps05.newsmemory.com\/chiesedisicilia\/news\/2025\/10\/02\/aree-interne-area-vasta-comuni-e-progettazione-la-chiave-per-rilanciare-i-territori-e-fermare-lo-spopolamento\/"},"modified":"2025-10-02T22:25:14","modified_gmt":"2025-10-02T20:25:14","slug":"aree-interne-area-vasta-comuni-e-progettazione-la-chiave-per-rilanciare-i-territori-e-fermare-lo-spopolamento","status":"publish","type":"post","link":"https:\/\/www.chiesedisicilia.org\/2025\/10\/02\/aree-interne-area-vasta-comuni-e-progettazione-la-chiave-per-rilanciare-i-territori-e-fermare-lo-spopolamento\/","title":{"rendered":"&#8220;AREE INTERNE: AREA VASTA, COMUNI E PROGETTAZIONE LA CHIAVE PER RILANCIARE I TERRITORI E FERMARE LO SPOPOLAMENTO&#8221;"},"content":{"rendered":"<p>&#8220;<em>Aree interne: area vasta, Comuni e progettazione la chiave per rilanciare i territori e fermare lo spopolamento&#8221; \u00e8 il titolo di una\u00a0riflessione che si inserisce nell\u2019ampio dibattito sullo spopolamento delle aree interne che cerca di dare una lettura equilibrata e basata su dati concreti relativi a questo fenomeno.<\/em><\/p>\n<p><em>Il documento \u00e8 a firma di Cristiano Bevilacqua, responsabile dell&#8217;Osservatorio giuridico-legislativo della Conferenza episcopale siciliana.<\/em><\/p>\n<p><em>Cos\u00ec all&#8217;inizio dell&#8217;articolo: &#8220;Nell\u2019ultimo decennio, le aree interne e marginali italiane hanno subito un progressivo indebolimento istituzionale ed economico, accompagnato da fenomeni di spopolamento sempre pi\u00f9 marcati. A ci\u00f2 si \u00e8 unita la riforma delle Province, la riduzione dei servizi essenziali e la centralit\u00e0 accordata alle citt\u00e0 metropolitane che hanno lasciato molti piccoli comuni soli a presidiare territori estesi e complessi, spesso senza risorse adeguate.<\/em><\/p>\n<p><em>Recentemente si leggono vari commenti, alcuni dei quali basati su mere affermazioni populistiche e disancorate da ogni tipo di reale dato scientifico, giuridico e tecnico, in un settore cos\u00ec importante che richiederebbe un\u2019attenta lettura degli eventi ma soprattutto dei dati.<\/em><\/p>\n<p><em>Invero, invece di gridare all\u2019abbandono creando ancor pi\u00f9 scoramento e disfattismo, andrebbe capito realmente qual \u00e8 il nodo essenziale delle problematiche dalla recente strategia per le aree interne<\/em>&#8220;.<\/p>\n<p>Diverse gli ambiti di approfondimento; dalle &#8220;<em>Aree interne e marginalit\u00e0<\/em>&#8221; e i &#8220;<em>Comuni siciliani, le aree interne e la SNAI<\/em>&#8220;, allo &#8220;<em>spopolamento irreversibile<\/em>&#8220;, la &#8220;<em>Promozione, progettazione e Green communities tra le leve di sviluppo<\/em>&#8221; e &#8220;<em>Il rischio dell\u2019inerzia<\/em>&#8220;. A tirare le somme le conclusioni, con riflessioni e indicazioni sulle possibili strade da percorrere con responsabilit\u00e0.<\/p>\n<h3 style=\"text-align: center;\"><a href=\"https:\/\/www.chiesedisicilia.org\/chiesedisicilia\/news\/wp-content\/uploads\/sites\/2\/2025\/10\/Aree-interne-e-spopolamento-Testo-completo.pdf\">Aree interne e spopolamento &#8211; Testo completo<\/a><\/h3>\n","protected":false},"excerpt":{"rendered":"","protected":false},"author":4,"featured_media":24832,"comment_status":"closed","ping_status":"closed","sticky":false,"template":"","format":"standard","meta":[],"categories":[7],"tags":[],"news-destination":[],"news-source":[],"is_homepage":[931],"ta_other":[],"_links":{"self":[{"href":"https:\/\/www.chiesedisicilia.org\/chiesedisicilia\/news\/wp-json\/wp\/v2\/posts\/24833"}],"collection":[{"href":"https:\/\/www.chiesedisicilia.org\/chiesedisicilia\/news\/wp-json\/wp\/v2\/posts"}],"about":[{"href":"https:\/\/www.chiesedisicilia.org\/chiesedisicilia\/news\/wp-json\/wp\/v2\/types\/post"}],"author":[{"embeddable":true,"href":"https:\/\/www.chiesedisicilia.org\/chiesedisicilia\/news\/wp-json\/wp\/v2\/users\/4"}],"replies":[{"embeddable":true,"href":"https:\/\/www.chiesedisicilia.org\/chiesedisicilia\/news\/wp-json\/wp\/v2\/comments?post=24833"}],"version-history":[{"count":0,"href":"https:\/\/www.chiesedisicilia.org\/chiesedisicilia\/news\/wp-json\/wp\/v2\/posts\/24833\/revisions"}],"wp:featuredmedia":[{"embeddable":true,"href":"https:\/\/www.chiesedisicilia.org\/chiesedisicilia\/news\/wp-json\/wp\/v2\/media\/24832"}],"wp:attachment":[{"href":"https:\/\/www.chiesedisicilia.org\/chiesedisicilia\/news\/wp-json\/wp\/v2\/media?parent=24833"}],"wp:term":[{"taxonomy":"category","embeddable":true,"href":"https:\/\/www.chiesedisicilia.org\/chiesedisicilia\/news\/wp-json\/wp\/v2\/categories?post=24833"},{"taxonomy":"post_tag","embeddable":true,"href":"https:\/\/www.chiesedisicilia.org\/chiesedisicilia\/news\/wp-json\/wp\/v2\/tags?post=24833"},{"taxonomy":"news-destination","embeddable":true,"href":"https:\/\/www.chiesedisicilia.org\/chiesedisicilia\/news\/wp-json\/wp\/v2\/news-destination?post=24833"},{"taxonomy":"news-source","embeddable":true,"href":"https:\/\/www.chiesedisicilia.org\/chiesedisicilia\/news\/wp-json\/wp\/v2\/news-source?post=24833"},{"taxonomy":"is_homepage","embeddable":true,"href":"https:\/\/www.chiesedisicilia.org\/chiesedisicilia\/news\/wp-json\/wp\/v2\/is_homepage?post=24833"},{"taxonomy":"ta_other","embeddable":true,"href":"https:\/\/www.chiesedisicilia.org\/chiesedisicilia\/news\/wp-json\/wp\/v2\/ta_other?post=24833"}],"curies":[{"name":"wp","href":"https:\/\/api.w.org\/{rel}","templated":true}]}}