{"id":24755,"date":"2025-08-28T12:27:41","date_gmt":"2025-08-28T10:27:41","guid":{"rendered":"http:\/\/euwps06.newsmemory.com\/chiesedisicilia\/news\/2025\/08\/28\/famiglia-tra-vocazione-e-missione-e-tra-fecondita-e-staglioni-della-vita-due-focus-di-pastorale-familiare\/"},"modified":"2025-08-28T22:07:22","modified_gmt":"2025-08-28T20:07:22","slug":"famiglia-tra-vocazione-e-missione-e-tra-fecondita-e-staglioni-della-vita-due-focus-di-pastorale-familiare","status":"publish","type":"post","link":"https:\/\/www.chiesedisicilia.org\/2025\/08\/28\/famiglia-tra-vocazione-e-missione-e-tra-fecondita-e-staglioni-della-vita-due-focus-di-pastorale-familiare\/","title":{"rendered":"FAMIGLIA TRA VOCAZIONE E MISSIONE E TRA FECONDITA&#8217; E STAGIONI DELLA VITA: DUE FOCUS DI PASTORALE FAMILIARE"},"content":{"rendered":"<p>&#8220;<em>Perch\u00e9 la famiglia? Quale famiglia? Da dove vogliamo partire e verso dove vogliamo andare? Di quale fecondit\u00e0 possiamo occuparci?&#8230; Sono alcune delle domande che ci poniamo quando operiamo con le famiglie. Chi si trova a stretto contatto con le realt\u00e0 familiari avverte la necessit\u00e0 di confronto e aggiornamento, perch\u00e9 le situazioni con cui entriamo in relazione possono essere davvero complesse! Si, la formazione continua \u00e8 indispensabile<\/em>&#8220;. Cos\u00ec <strong>Rosmary e Vito Di Leo insieme con don Calogero Tascone, direttore dell&#8217;Ufficio per la Famiglia della Conferenza episcopale siciliana<\/strong> presentano l&#8217;iniziativa aperta a quanti si occupano di pastorale familiare nelle diciotto diocesi dell&#8217;Isola.<\/p>\n<p>Quello proposto alla ripresa dei lavori dopo la pausa estiva \u00e8 un Focus pensato come occasione per un &#8220;<em>ulteriore approfondimento nei percorsi di formazione per il ben-essere della famiglia e pensati nell&#8217;ottica della formazione continua di tutti gli operatori di pastorale familiare<\/em>&#8220;. Sono due gli appuntamenti in programma: il 20 e il 21 settembre il primo Focus su &#8220;<strong>Vocazione e missione della famiglia<\/strong>&#8220;. A guidare la riflessione sar\u00e0 <strong>don Gilfredo Marengo<\/strong>, <em>professore dell&#8217;Istituto Giovanni Paolo II di Roma<\/em>. Sede dell&#8217;incontro sar\u00e0 Torre Normanna, ad Altavilla Milicia (Pa). I lavori si svolgeranno dalle ore 9 di sabato alle 15 di domenica.<\/p>\n<p style=\"text-align: left;\">Stessi orari anche per il secondo Focus previsto al Federico II, ad Enna, il 25 e 26 ottobre e dedicato a &#8220;<strong>La fecondit\u00e0 dell&#8217;amore e nelle stagioni della vita<\/strong>&#8221; con i coniugi <strong>Teresa e Giordano Barioni<\/strong>, <em>esperti in pedagogia e formazione<\/em>.<\/p>\n<p style=\"text-align: center;\"><a href=\"https:\/\/view.genially.com\/688fc105c5978859ad939210\/presentation-focus-di-pastorale-familiare\"><strong>LA BROCHURE INTERATTIVA<\/strong><\/a><\/p>\n<p>Per le due occasioni \u00e8 stata realizzata anche una brochure interattiva che d\u00e0 risposta a tutte le possibili domande e soddisfa ogni curiosit\u00e0: di cosa si tratta? per chi? quando e dove? trovano risposta e si trovano anche dettagli ed informazioni sul programma e i relatori. Nel supporto multimediale anche la possibilit\u00e0 di lasciarsi guidare fra tutti gli aspetti positivi che l&#8217;occasione racchiude in s\u00e9 e che pu\u00f2 offrire a quanti partecipano. Anche entrare in contatto con gli organizzatori e iscriversi \u00e8 possibile attraverso lo stesso documento.<\/p>\n<p>Per i responsabili della Pf della Cesi, &#8220;<em>i Focus di Pastorale familiare nascono come un luogo di aggiornamento per chi opera nel mondo della Famiglia e vuole mantenersi al passo. Si tratta di un&#8217;opportunit\u00e0 di confronto tra vecchi e nuovi operatori di Pastorale familiare, ma anche per attualizzare le proprie conoscenze in materia di Matrimonio e Famiglia, prendersi cura della propria formazione continua, mettere a confronto la propria con l&#8217;esperienza degli altri, mantenersi formati e in-formati per formare, accompagnare e discernere nella bellezza del camminare insieme. L&#8217;iniziativa \u00e8 anche <\/em><em>completamento per la formazione di tutti coloro che hanno frequentato i corsi specifici di LabPF Sicilia &#8211; percorsi di formazione per il ben-essere della famiglia &#8211; e adesso devono completare la propria formazione per operare in maniera adeguata nel campo della Pastorale Familiare<\/em>&#8220;.<\/p>\n","protected":false},"excerpt":{"rendered":"","protected":false},"author":4,"featured_media":24754,"comment_status":"closed","ping_status":"closed","sticky":false,"template":"","format":"standard","meta":[],"categories":[7],"tags":[],"news-destination":[],"news-source":[],"is_homepage":[931],"ta_other":[],"_links":{"self":[{"href":"https:\/\/www.chiesedisicilia.org\/chiesedisicilia\/news\/wp-json\/wp\/v2\/posts\/24755"}],"collection":[{"href":"https:\/\/www.chiesedisicilia.org\/chiesedisicilia\/news\/wp-json\/wp\/v2\/posts"}],"about":[{"href":"https:\/\/www.chiesedisicilia.org\/chiesedisicilia\/news\/wp-json\/wp\/v2\/types\/post"}],"author":[{"embeddable":true,"href":"https:\/\/www.chiesedisicilia.org\/chiesedisicilia\/news\/wp-json\/wp\/v2\/users\/4"}],"replies":[{"embeddable":true,"href":"https:\/\/www.chiesedisicilia.org\/chiesedisicilia\/news\/wp-json\/wp\/v2\/comments?post=24755"}],"version-history":[{"count":2,"href":"https:\/\/www.chiesedisicilia.org\/chiesedisicilia\/news\/wp-json\/wp\/v2\/posts\/24755\/revisions"}],"predecessor-version":[{"id":24758,"href":"https:\/\/www.chiesedisicilia.org\/chiesedisicilia\/news\/wp-json\/wp\/v2\/posts\/24755\/revisions\/24758"}],"wp:featuredmedia":[{"embeddable":true,"href":"https:\/\/www.chiesedisicilia.org\/chiesedisicilia\/news\/wp-json\/wp\/v2\/media\/24754"}],"wp:attachment":[{"href":"https:\/\/www.chiesedisicilia.org\/chiesedisicilia\/news\/wp-json\/wp\/v2\/media?parent=24755"}],"wp:term":[{"taxonomy":"category","embeddable":true,"href":"https:\/\/www.chiesedisicilia.org\/chiesedisicilia\/news\/wp-json\/wp\/v2\/categories?post=24755"},{"taxonomy":"post_tag","embeddable":true,"href":"https:\/\/www.chiesedisicilia.org\/chiesedisicilia\/news\/wp-json\/wp\/v2\/tags?post=24755"},{"taxonomy":"news-destination","embeddable":true,"href":"https:\/\/www.chiesedisicilia.org\/chiesedisicilia\/news\/wp-json\/wp\/v2\/news-destination?post=24755"},{"taxonomy":"news-source","embeddable":true,"href":"https:\/\/www.chiesedisicilia.org\/chiesedisicilia\/news\/wp-json\/wp\/v2\/news-source?post=24755"},{"taxonomy":"is_homepage","embeddable":true,"href":"https:\/\/www.chiesedisicilia.org\/chiesedisicilia\/news\/wp-json\/wp\/v2\/is_homepage?post=24755"},{"taxonomy":"ta_other","embeddable":true,"href":"https:\/\/www.chiesedisicilia.org\/chiesedisicilia\/news\/wp-json\/wp\/v2\/ta_other?post=24755"}],"curies":[{"name":"wp","href":"https:\/\/api.w.org\/{rel}","templated":true}]}}