{"id":24429,"date":"2025-05-19T14:03:27","date_gmt":"2025-05-19T12:03:27","guid":{"rendered":"http:\/\/euwps06.newsmemory.com\/chiesedisicilia\/news\/2025\/05\/19\/concluso-il-convegno-regionale-delle-caritas-diocesane-di-sicilia-dal-titolo-la-speranza-non-si-delude-tre-giorni-di-riflessione-e-condivisione-a-piazza-armerina\/"},"modified":"2025-05-30T08:53:36","modified_gmt":"2025-05-30T06:53:36","slug":"concluso-il-convegno-regionale-delle-caritas-diocesane-di-sicilia-dal-titolo-la-speranza-non-si-delude-tre-giorni-di-riflessione-e-condivisione-a-piazza-armerina","status":"publish","type":"post","link":"https:\/\/www.chiesedisicilia.org\/2025\/05\/19\/concluso-il-convegno-regionale-delle-caritas-diocesane-di-sicilia-dal-titolo-la-speranza-non-si-delude-tre-giorni-di-riflessione-e-condivisione-a-piazza-armerina\/","title":{"rendered":"CONCLUSO IL CONVEGNO REGIONALE DELLE CARITAS DIOCESANE DI SICILIA DAL TITOLO \u201cLA SPERANZA NON SI DELUDE\u201d: TRE GIORNI DI RIFLESSIONE E CONDIVISIONE A PIAZZA ARMERINA"},"content":{"rendered":"<p>Si \u00e8 concluso, con grande partecipazione e intensit\u00e0, il Convegno Regionale delle Caritas Diocesane di Sicilia, svoltosi dal 15 al 17 maggio 2025 a Piazza Armerina, nel solco delle parole di Papa Francesco <a href=\"https:\/\/www.chiesedisicilia.org\/2025\/05\/13\/la-speranza-non-si-delude-convegno-regionale-delle-caritas-diocesane-di-sicilia\/\">\u201cLa Speranza non si delude\u201d<\/a>. Tre giorni di confronto, laboratori e testimonianze che hanno visto protagonisti operatori, volontari, giovani delle Young Caritas e delegazioni provenienti da tutte le Diocesi dell\u2019isola.<\/p>\n<p>Il Convegno si \u00e8 aperto nel pomeriggio di gioved\u00ec 15 maggio con l\u2019accoglienza e i saluti istituzionali del diac. Mario Zuccarello, direttore della Caritas diocesana di Piazza Armerina, e di mons. Rosario Gisana, vescovo di Piazza Armerina. A seguire, gli interventi di Domenico Leggio, delegato regionale Caritas e di Valerio Landri, referente per l\u2019area Promozione Caritas, che hanno introdotto i lavori.<\/p>\n<p>Di seguito l&#8217;intervista all&#8217;arcivescovo mons. Giovanni Accolla, delegato regionale Caritas Sicilia. A realizzarla Andrea Sturniolo.<\/p>\n<p><iframe loading=\"lazy\" title=\"Convegno Caritas a Piazza Armerina - mons. Giovanni Accolla\" width=\"640\" height=\"360\" src=\"https:\/\/www.youtube.com\/embed\/iOPBuPHfQu8?feature=oembed\" frameborder=\"0\" allow=\"accelerometer; autoplay; clipboard-write; encrypted-media; gyroscope; picture-in-picture; web-share\" referrerpolicy=\"strict-origin-when-cross-origin\" allowfullscreen><\/iframe><\/p>\n<p>Particolarmente significativo il contributo di <strong>don Antonino Sapuppo, direttore dello Studio Teologico \u201cSan Paolo\u201d<\/strong>, che ha proposto un percorso biblico-sapienziale per rileggere la speranza come via di alterit\u00e0 nel tempo presente. La giornata si \u00e8 poi conclusa con lo spettacolo \u201cSogni Appesi\u201d, frutto del lavoro congiunto tra Young Caritas di Piazza Armerina e i detenuti del carcere di Enna, portando sul palco una potente testimonianza sul valore umano e redentivo della speranza.<\/p>\n<p>Nella giornata del 16 maggio, alla quale ha partecipato mons. Giovanni Accolla, arcivescovo di Messina e delegato della Conferenza episcopale siciliana per la Carit\u00e0, anche ampio spazio \u00e8 stato dedicato al protagonismo dei giovani con workshop e restituzioni curate dalle Young Caritas siciliane, seguite dall\u2019intervento del <strong>prof. Diego Mesa dell\u2019Universit\u00e0 Cattolica del \u201cSacro Cuore\u201d<\/strong>, che ha riflettuto sul valore del dialogo intergenerazionale in una societ\u00e0 sempre pi\u00f9 frammentata. I partecipanti si sono poi confrontati in gruppi tematici coordinati dal gruppo regionale formatori.<\/p>\n<p>Di seguito Domenico Leggio, delegato regionale Caritas Sicilia.<\/p>\n<p><iframe loading=\"lazy\" title=\"Convegno Caritas a Piazza Armerina - Domenico Leggio\" width=\"640\" height=\"360\" src=\"https:\/\/www.youtube.com\/embed\/S7q04CpfE30?feature=oembed\" frameborder=\"0\" allow=\"accelerometer; autoplay; clipboard-write; encrypted-media; gyroscope; picture-in-picture; web-share\" referrerpolicy=\"strict-origin-when-cross-origin\" allowfullscreen><\/iframe><\/p>\n<p>Il convegno si \u00e8 concluso sabato 17 maggio con una tavola rotonda tra operatori Caritas, utile a raccogliere esperienze concrete legate agli ambiti di lavoro, housing, giustizia e immigrazione, rilette alla luce della speranza cristiana. Le conclusioni sono state affidate a Domenico Leggio e al diac. Mario Zuccarello, che hanno tracciato le prospettive future del cammino Caritas in Sicilia.<\/p>\n<p>Il Convegno \u00e8 stato vissuto come una tappa significativa del percorso sinodale in atto, confermando la volont\u00e0 delle Caritas diocesane di farsi strumento di ascolto, prossimit\u00e0 e cambiamento nelle comunit\u00e0 locali, in un tempo che chiede coraggio e visione perch\u00e9, come ricorda il titolo scelto per quest\u2019anno, la speranza non si delude.<\/p>\n<p><strong>GALLERIA FOROGRAFICA a cura di Andrea Sturniolo<\/strong><\/p>\n<div id=\"gallery_5015_1777110438489_expanded\" class=\"TA_gallery_element\"><style style_tmpl='expanded' style='display:none'>\/*EXTENDED*\/\r\n.main_tmpl .content #gallery_5015_1777110438489_expanded li.li_0 {\r\n    display: block;\r\n}\r\n\r\n.main_tmpl .content #gallery_5015_1777110438489_expanded li {\r\n    display: block;\r\n}\r\n\r\n\/* IN ARTICLE START*\/\r\n.main_tmpl .content #gallery_5015_1777110438489_expanded {\r\n    all:unset;\r\n    position: relative;\r\n    display:flex;\r\n    flex-direction:row;\r\n    font-family:inherit;\r\n}\r\n\r\n.main_tmpl .content #gallery_5015_1777110438489_expanded * {  \r\n    all:unset;\r\n}\r\n\r\n.main_tmpl .content #gallery_5015_1777110438489_expanded * {\r\n    --image_height:150px;\r\n    --image_width:150px;\r\n}\r\n\r\n.main_tmpl .content #gallery_5015_1777110438489_expanded div {\r\n    position:relative;\r\n    display:flex;\r\n    flex-direction:row;\r\n    flex-wrap: wrap;\r\n}\r\n\r\n.main_tmpl .content #gallery_5015_1777110438489_expanded div li {\r\n    list-style-type: none;\r\n    margin-left:5px;\r\n    margin-right:5px;\r\n    cursor: pointer;\r\n}\r\n\r\n.main_tmpl .content #gallery_5015_1777110438489_expanded div li img {\r\n    display:inline-block;\r\n    height: var(--image_height);\r\n    width: var(--image_width);\r\n    object-fit: cover;\r\n    overflow: hidden;\r\n    transition: transform 1s ease-in-out;\r\n}\r\n\r\n.main_tmpl .content #gallery_5015_1777110438489_expanded div li span.gallery-caption {\r\n    display:none;\r\n    padding:10px;\r\n    width: auto;\r\n    text-align: center;\r\n    background-color: white;\r\n    margin:0px;\r\n}\r\n\r\n.main_tmpl .content #gallery_5015_1777110438489_expanded #gallery_5015_1777110438489_expandedclose_image {\r\n    display:none;\r\n}\r\n\r\n.main_tmpl .content #gallery_5015_1777110438489_expanded #gallery_5015_1777110438489_expanded_ads_top {\r\n    \/* display:none; *\/\r\n    visibility: hidden;\r\n    height: 0;\r\n}\r\n\r\n.main_tmpl .content #gallery_5015_1777110438489_expanded #gallery_5015_1777110438489_expanded_ads_bottom {\r\n    display:none;\r\n}\r\n\r\n.main_tmpl .content #gallery_5015_1777110438489_expanded #gallery_5015_1777110438489_expandedprev {\r\n    display:none;\r\n}\r\n\r\n.main_tmpl .content #gallery_5015_1777110438489_expanded #gallery_5015_1777110438489_expandednext {\r\n    display:none;\r\n}\r\n\/* IN ARTICLE END*\/\r\n\r\n\r\n\/* OVERLAY START *\/\r\n.main_tmpl .content #gallery_5015_1777110438489_expanded #gallery_5015_1777110438489_expanded_overlay {\r\n    width: 100vw;\r\n    height:100vh;\r\n    position: fixed;\r\n    z-index: 999;\r\n    top: 0;\r\n    left: 0;\r\n}\r\n\r\n.main_tmpl .content #gallery_5015_1777110438489_expanded #gallery_5015_1777110438489_expanded_overlay>div {\r\n    width: inherit;\r\n    height: inherit;\r\n    background-color: rgba(100,100,100,0.9);\r\n    flex-direction: column;\r\n    align-items: center;\r\n    justify-content: center;\r\n}\r\n\r\n.main_tmpl .content #gallery_5015_1777110438489_expanded #gallery_5015_1777110438489_expanded_overlay li {\r\n    height: auto;\r\n    width: auto;\r\n    display: none;\r\n    justify-content: center;\r\n    align-items: center;\r\n    flex-direction: column;\r\n    height: auto;\r\n    background-color: rgba(0,0,0,0);\r\n    align-items: stretch;\r\n}\r\n\r\n.main_tmpl .content #gallery_5015_1777110438489_expanded #gallery_5015_1777110438489_expanded_overlay li.li_0 {\r\n    display: flex;\r\n}\r\n\r\n.main_tmpl .content #gallery_5015_1777110438489_expanded #gallery_5015_1777110438489_expanded_overlay  li img{\r\n    height: auto;\r\n    width: 100%;\r\n    margin:auto;\r\n}\r\n\r\n@media screen and (min-width:1000px){\r\n    .main_tmpl .content #gallery_5015_1777110438489_expanded #gallery_5015_1777110438489_expanded_overlay  li{\r\n        max-height: 90vh;\r\n        max-width: 60vw;\r\n    }\r\n}\r\n\r\n@media screen and (max-width:999px){\r\n    .main_tmpl .content #gallery_5015_1777110438489_expanded #gallery_5015_1777110438489_expanded_overlay div li{\r\n        max-height: 80vh;\r\n        max-width: 90vw;\r\n    }\r\n}\r\n\r\n.main_tmpl .content #gallery_5015_1777110438489_expanded #gallery_5015_1777110438489_expanded_overlay div li span.gallery-caption {\r\n    display:block;\r\n}\r\n\r\n\/* BUTTONS START *\/\r\n.main_tmpl .content #gallery_5015_1777110438489_expanded #gallery_5015_1777110438489_expanded_overlay #gallery_5015_1777110438489_expandedclose_image {\r\n    display: flex;\r\n    cursor: pointer;\r\n    justify-content: center; \/* Align horizontal *\/\r\n    align-items: center;\r\n    position:absolute;\r\n    background-color: rgba(210,0,0,1);\r\n    width: 60px;\r\n    height: 60px;\r\n    top: 0;\r\n    right: 0;\r\n    z-index: 2;\r\n    text-align: center;\r\n}\r\n\r\n.main_tmpl .content #gallery_5015_1777110438489_expanded #gallery_5015_1777110438489_expanded_overlay #gallery_5015_1777110438489_expanded_ads_top {\r\n    display: block;\r\n    position:absolute;      \r\n    top: 0;\r\n    z-index: 1;\r\n    text-align: center;\r\n    visibility: visible;\r\n    height: auto;\r\n}\r\n\r\n.main_tmpl .content #gallery_5015_1777110438489_expanded #gallery_5015_1777110438489_expanded_overlay #gallery_5015_1777110438489_expanded_ads_top * {\r\n    display: block;\r\n}\r\n\r\n.main_tmpl .content #gallery_5015_1777110438489_expanded #gallery_5015_1777110438489_expanded_overlay #gallery_5015_1777110438489_expanded_ads_top script {\r\n    display: none;\r\n}\r\n\r\n.main_tmpl .content #gallery_5015_1777110438489_expanded #gallery_5015_1777110438489_expanded_overlay #gallery_5015_1777110438489_expanded_ads_top a {\r\n    margin: 0;\r\n}\r\n\r\n.main_tmpl .content #gallery_5015_1777110438489_expanded #gallery_5015_1777110438489_expanded_overlay #gallery_5015_1777110438489_expanded_ads_top img {\r\n    object-fit: contain;\r\n}\r\n\r\n.main_tmpl .content #gallery_5015_1777110438489_expanded #gallery_5015_1777110438489_expanded_overlay #gallery_5015_1777110438489_expanded_ads_bottom {\r\n    display: flex;\r\n    position:absolute;      \r\n    bottom: 0;\r\n    z-index: 1;\r\n    text-align: center;\r\n}\r\n\r\n.main_tmpl .content #gallery_5015_1777110438489_expanded #gallery_5015_1777110438489_expanded_overlay #gallery_5015_1777110438489_expandedprev {\r\n    left:0px;\r\n}\r\n\r\n.main_tmpl .content #gallery_5015_1777110438489_expanded #gallery_5015_1777110438489_expanded_overlay #gallery_5015_1777110438489_expandednext {\r\n    right:0px;\r\n}\r\n\r\n\/*.main_tmpl .content #gallery_5015_1777110438489_expanded #gallery_5015_1777110438489_expanded_overlay #gallery_5015_1777110438489_expandednext, .main_tmpl .content #gallery_5015_1777110438489_expanded #gallery_5015_1777110438489_expanded_overlay #gallery_5015_1777110438489_expandedprev {\r\n    display:block;  \r\n    cursor: pointer;\r\n    position: absolute;\r\n    top: 50%;\r\n    width: auto;\r\n    padding: 16px;\r\n    margin-top: -22px;\r\n    color: white;\r\n    font-weight: bold;\r\n    font-size: 18px;\r\n    transition: 0.6s ease;\r\n    border-radius: 0 3px 3px 0;\r\n    user-select: none;\r\n    background-color: rgba(200,200,200,0.3);\r\n\r\n    z-index: 1;\r\n    text-align: center;\r\n}*\/\r\n\r\n.main_tmpl .content #gallery_5015_1777110438489_expanded #gallery_5015_1777110438489_expanded_overlay #gallery_5015_1777110438489_expandeddots {\r\n    height: auto;\r\n    width: auto;\r\n    background-color: rgba(0,0,0,0);\r\n    margin-top: 10px;\r\n}\r\n\/* \/\/\/\/\/\/\/\/\/\/\/\/\/\/\/\/\/\/\/\/\/\/\/\/\/\/\/\/\/\/\/*\/\r\n    \r\n#gallery_5015_1777110438489_expanded #gallery_5015_1777110438489_expanded_overlay .prev, #gallery_5015_1777110438489_expanded #gallery_5015_1777110438489_expanded_overlay .next {\r\n    cursor: pointer;\r\n    position: absolute;\r\n    top: 50%;\r\n    width: auto;\r\n    padding: 16px;\r\n    margin-top: -22px;\r\n    color: white;\r\n    font-weight: bold;\r\n    font-size: 18px;\r\n    transition: 0.6s ease;\r\n    border-radius: 0 3px 3px 0;\r\n    user-select: none;\r\n    background-color: rgba(200,200,200,0.3);\r\n}\r\n\r\n\/* Position the \"next button\" to the right *\/\r\n#gallery_5015_1777110438489_expanded #gallery_5015_1777110438489_expanded_overlay .next {\r\n    right: 0;\r\n    border-radius: 3px 0 0 3px;\r\n}\r\n\r\n\/* On hover, add a black background color with a little bit see-through *\/\r\n#gallery_5015_1777110438489_expanded #gallery_5015_1777110438489_expanded_overlay .prev:hover, #gallery_5015_1777110438489_expanded #gallery_5015_1777110438489_expanded_overlay .next:hover {\r\n    background-color: rgba(100,100,100,0.8);\r\n}\r\n\t\r\n\/* The dots\/bullets\/indicators *\/\r\n#gallery_5015_1777110438489_expanded #gallery_5015_1777110438489_expanded_overlay .dot {\r\n    cursor: pointer;\r\n    height: 15px;\r\n    width: 15px;\r\n    margin: 0 2px;\r\n    background-color: rgba(200,200,200,0.8);\r\n    border-radius: 80%;\r\n    display: inline-block;\r\n    transition: background-color 0.6s ease;\r\n}\r\n\r\n#gallery_5015_1777110438489_expanded #gallery_5015_1777110438489_expanded_overlay .active, #gallery_5015_1777110438489_expanded #gallery_5015_1777110438489_expanded_overlay .active .dot:hover {\r\n    background-color: rgba(33,33,33,0.8);\r\n}\r\n\r\n\/* Fading animation *\/\r\n#gallery_5015_1777110438489_expanded #gallery_5015_1777110438489_expanded_overlay li {\r\n    animation-name: fade;\r\n    animation-duration: 2.5s;\r\n}\r\n\r\n#gallery_5015_1777110438489_expanded #gallery_5015_1777110438489_expanded_overlay #dots {\r\n    padding:5px;\r\n    border-bottom: 1px solid rgb(172, 171, 171);\r\n}\r\n\r\n#gallery_5015_1777110438489_expanded #gallery_5015_1777110438489_expanded_overlay #prev {\r\n    display:none;\r\n}\r\n\r\n#gallery_5015_1777110438489_expanded #gallery_5015_1777110438489_expanded_overlay #next {\r\n    display:none;\r\n}\r\n\r\n#gallery_5015_1777110438489_expanded #gallery_5015_1777110438489_expanded_overlay #dots {\r\n    display:none;\r\n}\r\n\/* BUTTONS END *\/\r\n\r\n\/* OVERLAY START *\/\r\n<\/style><div class=\"imglist img-gal expanded \" ><li class=\"li_0\" onclick=\"gallery_5015_1777110438489_expandedmy_action_on_click(0)\" ><img src=\"https:\/\/www.chiesedisicilia.org\/chiesedisicilia\/news\/wp-content\/uploads\/sites\/2\/2025\/05\/Caritas-a-Piazza-Armerina-2025-00-300x169.jpg\" srcset=\"https:\/\/euwps06.newsmemory.com\/chiesedisicilia\/news\/wp-content\/uploads\/sites\/2\/2025\/05\/Caritas-a-Piazza-Armerina-2025-00-300x169.jpg 300w, https:\/\/euwps06.newsmemory.com\/chiesedisicilia\/news\/wp-content\/uploads\/sites\/2\/2025\/05\/Caritas-a-Piazza-Armerina-2025-00-1024x576.jpg 1024w, https:\/\/euwps06.newsmemory.com\/chiesedisicilia\/news\/wp-content\/uploads\/sites\/2\/2025\/05\/Caritas-a-Piazza-Armerina-2025-00-768x432.jpg 768w, https:\/\/euwps06.newsmemory.com\/chiesedisicilia\/news\/wp-content\/uploads\/sites\/2\/2025\/05\/Caritas-a-Piazza-Armerina-2025-00-1536x864.jpg 1536w, https:\/\/euwps06.newsmemory.com\/chiesedisicilia\/news\/wp-content\/uploads\/sites\/2\/2025\/05\/Caritas-a-Piazza-Armerina-2025-00-750x422.jpg 750w, https:\/\/euwps06.newsmemory.com\/chiesedisicilia\/news\/wp-content\/uploads\/sites\/2\/2025\/05\/Caritas-a-Piazza-Armerina-2025-00.jpg 1600w\" sizes=\" 300px\" style=\"max-width:1600px; max-height:min(900px,600px);\"\/><\/li><li class=\"li_1\" onclick=\"gallery_5015_1777110438489_expandedmy_action_on_click(1)\" ><img src=\"https:\/\/www.chiesedisicilia.org\/chiesedisicilia\/news\/wp-content\/uploads\/sites\/2\/2025\/05\/Caritas-a-Piazza-Armerina-2025-03-169x300.jpg\" srcset=\"https:\/\/euwps06.newsmemory.com\/chiesedisicilia\/news\/wp-content\/uploads\/sites\/2\/2025\/05\/Caritas-a-Piazza-Armerina-2025-03-169x300.jpg 169w, https:\/\/euwps06.newsmemory.com\/chiesedisicilia\/news\/wp-content\/uploads\/sites\/2\/2025\/05\/Caritas-a-Piazza-Armerina-2025-03-576x1024.jpg 576w, https:\/\/euwps06.newsmemory.com\/chiesedisicilia\/news\/wp-content\/uploads\/sites\/2\/2025\/05\/Caritas-a-Piazza-Armerina-2025-03-768x1365.jpg 768w, https:\/\/euwps06.newsmemory.com\/chiesedisicilia\/news\/wp-content\/uploads\/sites\/2\/2025\/05\/Caritas-a-Piazza-Armerina-2025-03-864x1536.jpg 864w, https:\/\/euwps06.newsmemory.com\/chiesedisicilia\/news\/wp-content\/uploads\/sites\/2\/2025\/05\/Caritas-a-Piazza-Armerina-2025-03-750x1333.jpg 750w, https:\/\/euwps06.newsmemory.com\/chiesedisicilia\/news\/wp-content\/uploads\/sites\/2\/2025\/05\/Caritas-a-Piazza-Armerina-2025-03.jpg 900w\" sizes=\" 300px\" style=\"max-width:900px; max-height:min(1600px,600px);\"\/><\/li><li class=\"li_2\" onclick=\"gallery_5015_1777110438489_expandedmy_action_on_click(2)\" ><img src=\"https:\/\/www.chiesedisicilia.org\/chiesedisicilia\/news\/wp-content\/uploads\/sites\/2\/2025\/05\/Caritas-a-Piazza-Armerina-2025-08-300x169.jpg\" srcset=\"https:\/\/euwps06.newsmemory.com\/chiesedisicilia\/news\/wp-content\/uploads\/sites\/2\/2025\/05\/Caritas-a-Piazza-Armerina-2025-08-300x169.jpg 300w, https:\/\/euwps06.newsmemory.com\/chiesedisicilia\/news\/wp-content\/uploads\/sites\/2\/2025\/05\/Caritas-a-Piazza-Armerina-2025-08-1024x576.jpg 1024w, https:\/\/euwps06.newsmemory.com\/chiesedisicilia\/news\/wp-content\/uploads\/sites\/2\/2025\/05\/Caritas-a-Piazza-Armerina-2025-08-768x432.jpg 768w, https:\/\/euwps06.newsmemory.com\/chiesedisicilia\/news\/wp-content\/uploads\/sites\/2\/2025\/05\/Caritas-a-Piazza-Armerina-2025-08-1536x864.jpg 1536w, https:\/\/euwps06.newsmemory.com\/chiesedisicilia\/news\/wp-content\/uploads\/sites\/2\/2025\/05\/Caritas-a-Piazza-Armerina-2025-08-750x422.jpg 750w, https:\/\/euwps06.newsmemory.com\/chiesedisicilia\/news\/wp-content\/uploads\/sites\/2\/2025\/05\/Caritas-a-Piazza-Armerina-2025-08.jpg 1600w\" sizes=\" 300px\" style=\"max-width:1600px; max-height:min(900px,600px);\"\/><\/li><li class=\"li_3\" onclick=\"gallery_5015_1777110438489_expandedmy_action_on_click(3)\" ><img src=\"https:\/\/www.chiesedisicilia.org\/chiesedisicilia\/news\/wp-content\/uploads\/sites\/2\/2025\/05\/Caritas-a-Piazza-Armerina-2025-01-300x169.jpg\" srcset=\"https:\/\/euwps06.newsmemory.com\/chiesedisicilia\/news\/wp-content\/uploads\/sites\/2\/2025\/05\/Caritas-a-Piazza-Armerina-2025-01-300x169.jpg 300w, https:\/\/euwps06.newsmemory.com\/chiesedisicilia\/news\/wp-content\/uploads\/sites\/2\/2025\/05\/Caritas-a-Piazza-Armerina-2025-01-1024x577.jpg 1024w, https:\/\/euwps06.newsmemory.com\/chiesedisicilia\/news\/wp-content\/uploads\/sites\/2\/2025\/05\/Caritas-a-Piazza-Armerina-2025-01-768x432.jpg 768w, https:\/\/euwps06.newsmemory.com\/chiesedisicilia\/news\/wp-content\/uploads\/sites\/2\/2025\/05\/Caritas-a-Piazza-Armerina-2025-01-1536x865.jpg 1536w, https:\/\/euwps06.newsmemory.com\/chiesedisicilia\/news\/wp-content\/uploads\/sites\/2\/2025\/05\/Caritas-a-Piazza-Armerina-2025-01-750x422.jpg 750w, https:\/\/euwps06.newsmemory.com\/chiesedisicilia\/news\/wp-content\/uploads\/sites\/2\/2025\/05\/Caritas-a-Piazza-Armerina-2025-01.jpg 1600w\" sizes=\" 300px\" style=\"max-width:1600px; max-height:min(901px,600px);\"\/><\/li><li class=\"li_4\" onclick=\"gallery_5015_1777110438489_expandedmy_action_on_click(4)\" ><img src=\"https:\/\/www.chiesedisicilia.org\/chiesedisicilia\/news\/wp-content\/uploads\/sites\/2\/2025\/05\/Caritas-a-Piazza-Armerina-2025-02-300x169.jpg\" srcset=\"https:\/\/euwps06.newsmemory.com\/chiesedisicilia\/news\/wp-content\/uploads\/sites\/2\/2025\/05\/Caritas-a-Piazza-Armerina-2025-02-300x169.jpg 300w, https:\/\/euwps06.newsmemory.com\/chiesedisicilia\/news\/wp-content\/uploads\/sites\/2\/2025\/05\/Caritas-a-Piazza-Armerina-2025-02-1024x576.jpg 1024w, https:\/\/euwps06.newsmemory.com\/chiesedisicilia\/news\/wp-content\/uploads\/sites\/2\/2025\/05\/Caritas-a-Piazza-Armerina-2025-02-768x432.jpg 768w, https:\/\/euwps06.newsmemory.com\/chiesedisicilia\/news\/wp-content\/uploads\/sites\/2\/2025\/05\/Caritas-a-Piazza-Armerina-2025-02-1536x864.jpg 1536w, https:\/\/euwps06.newsmemory.com\/chiesedisicilia\/news\/wp-content\/uploads\/sites\/2\/2025\/05\/Caritas-a-Piazza-Armerina-2025-02-750x422.jpg 750w, https:\/\/euwps06.newsmemory.com\/chiesedisicilia\/news\/wp-content\/uploads\/sites\/2\/2025\/05\/Caritas-a-Piazza-Armerina-2025-02.jpg 1600w\" sizes=\" 300px\" style=\"max-width:1600px; max-height:min(900px,600px);\"\/><\/li><li class=\"li_5\" onclick=\"gallery_5015_1777110438489_expandedmy_action_on_click(5)\" ><img src=\"https:\/\/www.chiesedisicilia.org\/chiesedisicilia\/news\/wp-content\/uploads\/sites\/2\/2025\/05\/Caritas-a-Piazza-Armerina-2025-04-300x169.jpg\" srcset=\"https:\/\/euwps06.newsmemory.com\/chiesedisicilia\/news\/wp-content\/uploads\/sites\/2\/2025\/05\/Caritas-a-Piazza-Armerina-2025-04-300x169.jpg 300w, https:\/\/euwps06.newsmemory.com\/chiesedisicilia\/news\/wp-content\/uploads\/sites\/2\/2025\/05\/Caritas-a-Piazza-Armerina-2025-04-1024x577.jpg 1024w, https:\/\/euwps06.newsmemory.com\/chiesedisicilia\/news\/wp-content\/uploads\/sites\/2\/2025\/05\/Caritas-a-Piazza-Armerina-2025-04-768x432.jpg 768w, https:\/\/euwps06.newsmemory.com\/chiesedisicilia\/news\/wp-content\/uploads\/sites\/2\/2025\/05\/Caritas-a-Piazza-Armerina-2025-04-1536x865.jpg 1536w, https:\/\/euwps06.newsmemory.com\/chiesedisicilia\/news\/wp-content\/uploads\/sites\/2\/2025\/05\/Caritas-a-Piazza-Armerina-2025-04-750x422.jpg 750w, https:\/\/euwps06.newsmemory.com\/chiesedisicilia\/news\/wp-content\/uploads\/sites\/2\/2025\/05\/Caritas-a-Piazza-Armerina-2025-04.jpg 1600w\" sizes=\" 300px\" style=\"max-width:1600px; max-height:min(901px,600px);\"\/><\/li><li class=\"li_6\" onclick=\"gallery_5015_1777110438489_expandedmy_action_on_click(6)\" ><img src=\"https:\/\/www.chiesedisicilia.org\/chiesedisicilia\/news\/wp-content\/uploads\/sites\/2\/2025\/05\/Caritas-a-Piazza-Armerina-2025-05-300x169.jpg\" srcset=\"https:\/\/euwps06.newsmemory.com\/chiesedisicilia\/news\/wp-content\/uploads\/sites\/2\/2025\/05\/Caritas-a-Piazza-Armerina-2025-05-300x169.jpg 300w, https:\/\/euwps06.newsmemory.com\/chiesedisicilia\/news\/wp-content\/uploads\/sites\/2\/2025\/05\/Caritas-a-Piazza-Armerina-2025-05-1024x576.jpg 1024w, https:\/\/euwps06.newsmemory.com\/chiesedisicilia\/news\/wp-content\/uploads\/sites\/2\/2025\/05\/Caritas-a-Piazza-Armerina-2025-05-768x432.jpg 768w, https:\/\/euwps06.newsmemory.com\/chiesedisicilia\/news\/wp-content\/uploads\/sites\/2\/2025\/05\/Caritas-a-Piazza-Armerina-2025-05-1536x864.jpg 1536w, https:\/\/euwps06.newsmemory.com\/chiesedisicilia\/news\/wp-content\/uploads\/sites\/2\/2025\/05\/Caritas-a-Piazza-Armerina-2025-05-750x422.jpg 750w, https:\/\/euwps06.newsmemory.com\/chiesedisicilia\/news\/wp-content\/uploads\/sites\/2\/2025\/05\/Caritas-a-Piazza-Armerina-2025-05.jpg 1600w\" sizes=\" 300px\" style=\"max-width:1600px; max-height:min(900px,600px);\"\/><\/li><li class=\"li_7\" onclick=\"gallery_5015_1777110438489_expandedmy_action_on_click(7)\" ><img src=\"https:\/\/www.chiesedisicilia.org\/chiesedisicilia\/news\/wp-content\/uploads\/sites\/2\/2025\/05\/Caritas-a-Piazza-Armerina-2025-06-300x169.jpg\" srcset=\"https:\/\/euwps06.newsmemory.com\/chiesedisicilia\/news\/wp-content\/uploads\/sites\/2\/2025\/05\/Caritas-a-Piazza-Armerina-2025-06-300x169.jpg 300w, https:\/\/euwps06.newsmemory.com\/chiesedisicilia\/news\/wp-content\/uploads\/sites\/2\/2025\/05\/Caritas-a-Piazza-Armerina-2025-06-1024x576.jpg 1024w, https:\/\/euwps06.newsmemory.com\/chiesedisicilia\/news\/wp-content\/uploads\/sites\/2\/2025\/05\/Caritas-a-Piazza-Armerina-2025-06-768x432.jpg 768w, https:\/\/euwps06.newsmemory.com\/chiesedisicilia\/news\/wp-content\/uploads\/sites\/2\/2025\/05\/Caritas-a-Piazza-Armerina-2025-06-1536x864.jpg 1536w, https:\/\/euwps06.newsmemory.com\/chiesedisicilia\/news\/wp-content\/uploads\/sites\/2\/2025\/05\/Caritas-a-Piazza-Armerina-2025-06-750x422.jpg 750w, https:\/\/euwps06.newsmemory.com\/chiesedisicilia\/news\/wp-content\/uploads\/sites\/2\/2025\/05\/Caritas-a-Piazza-Armerina-2025-06.jpg 1600w\" sizes=\" 300px\" style=\"max-width:1600px; max-height:min(900px,600px);\"\/><\/li><li class=\"li_8\" onclick=\"gallery_5015_1777110438489_expandedmy_action_on_click(8)\" ><img src=\"https:\/\/www.chiesedisicilia.org\/chiesedisicilia\/news\/wp-content\/uploads\/sites\/2\/2025\/05\/Caritas-a-Piazza-Armerina-2025-09-300x169.jpg\" srcset=\"https:\/\/euwps06.newsmemory.com\/chiesedisicilia\/news\/wp-content\/uploads\/sites\/2\/2025\/05\/Caritas-a-Piazza-Armerina-2025-09-300x169.jpg 300w, https:\/\/euwps06.newsmemory.com\/chiesedisicilia\/news\/wp-content\/uploads\/sites\/2\/2025\/05\/Caritas-a-Piazza-Armerina-2025-09-1024x577.jpg 1024w, https:\/\/euwps06.newsmemory.com\/chiesedisicilia\/news\/wp-content\/uploads\/sites\/2\/2025\/05\/Caritas-a-Piazza-Armerina-2025-09-768x432.jpg 768w, https:\/\/euwps06.newsmemory.com\/chiesedisicilia\/news\/wp-content\/uploads\/sites\/2\/2025\/05\/Caritas-a-Piazza-Armerina-2025-09-1536x865.jpg 1536w, https:\/\/euwps06.newsmemory.com\/chiesedisicilia\/news\/wp-content\/uploads\/sites\/2\/2025\/05\/Caritas-a-Piazza-Armerina-2025-09-750x422.jpg 750w, https:\/\/euwps06.newsmemory.com\/chiesedisicilia\/news\/wp-content\/uploads\/sites\/2\/2025\/05\/Caritas-a-Piazza-Armerina-2025-09.jpg 1600w\" sizes=\" 300px\" style=\"max-width:1600px; max-height:min(901px,600px);\"\/><\/li><li class=\"li_9\" onclick=\"gallery_5015_1777110438489_expandedmy_action_on_click(9)\" ><img src=\"https:\/\/www.chiesedisicilia.org\/chiesedisicilia\/news\/wp-content\/uploads\/sites\/2\/2025\/05\/Caritas-a-Piazza-Armerina-2025-10-300x169.jpg\" srcset=\"https:\/\/euwps06.newsmemory.com\/chiesedisicilia\/news\/wp-content\/uploads\/sites\/2\/2025\/05\/Caritas-a-Piazza-Armerina-2025-10-300x169.jpg 300w, https:\/\/euwps06.newsmemory.com\/chiesedisicilia\/news\/wp-content\/uploads\/sites\/2\/2025\/05\/Caritas-a-Piazza-Armerina-2025-10-1024x576.jpg 1024w, https:\/\/euwps06.newsmemory.com\/chiesedisicilia\/news\/wp-content\/uploads\/sites\/2\/2025\/05\/Caritas-a-Piazza-Armerina-2025-10-768x432.jpg 768w, https:\/\/euwps06.newsmemory.com\/chiesedisicilia\/news\/wp-content\/uploads\/sites\/2\/2025\/05\/Caritas-a-Piazza-Armerina-2025-10-1536x864.jpg 1536w, https:\/\/euwps06.newsmemory.com\/chiesedisicilia\/news\/wp-content\/uploads\/sites\/2\/2025\/05\/Caritas-a-Piazza-Armerina-2025-10-750x422.jpg 750w, https:\/\/euwps06.newsmemory.com\/chiesedisicilia\/news\/wp-content\/uploads\/sites\/2\/2025\/05\/Caritas-a-Piazza-Armerina-2025-10.jpg 1600w\" sizes=\" 300px\" style=\"max-width:1600px; max-height:min(900px,600px);\"\/><\/li><li class=\"li_10\" onclick=\"gallery_5015_1777110438489_expandedmy_action_on_click(10)\" ><img src=\"https:\/\/www.chiesedisicilia.org\/chiesedisicilia\/news\/wp-content\/uploads\/sites\/2\/2025\/05\/Caritas-a-Piazza-Armerina-2025-11-300x169.jpg\" srcset=\"https:\/\/euwps06.newsmemory.com\/chiesedisicilia\/news\/wp-content\/uploads\/sites\/2\/2025\/05\/Caritas-a-Piazza-Armerina-2025-11-300x169.jpg 300w, https:\/\/euwps06.newsmemory.com\/chiesedisicilia\/news\/wp-content\/uploads\/sites\/2\/2025\/05\/Caritas-a-Piazza-Armerina-2025-11-1024x576.jpg 1024w, https:\/\/euwps06.newsmemory.com\/chiesedisicilia\/news\/wp-content\/uploads\/sites\/2\/2025\/05\/Caritas-a-Piazza-Armerina-2025-11-768x432.jpg 768w, https:\/\/euwps06.newsmemory.com\/chiesedisicilia\/news\/wp-content\/uploads\/sites\/2\/2025\/05\/Caritas-a-Piazza-Armerina-2025-11-1536x864.jpg 1536w, https:\/\/euwps06.newsmemory.com\/chiesedisicilia\/news\/wp-content\/uploads\/sites\/2\/2025\/05\/Caritas-a-Piazza-Armerina-2025-11-750x422.jpg 750w, https:\/\/euwps06.newsmemory.com\/chiesedisicilia\/news\/wp-content\/uploads\/sites\/2\/2025\/05\/Caritas-a-Piazza-Armerina-2025-11.jpg 1600w\" sizes=\" 300px\" style=\"max-width:1600px; max-height:min(900px,600px);\"\/><\/li><li class=\"li_11\" onclick=\"gallery_5015_1777110438489_expandedmy_action_on_click(11)\" ><img src=\"https:\/\/www.chiesedisicilia.org\/chiesedisicilia\/news\/wp-content\/uploads\/sites\/2\/2025\/05\/Caritas-a-Piazza-Armerina-2025-12-300x169.jpg\" srcset=\"https:\/\/euwps06.newsmemory.com\/chiesedisicilia\/news\/wp-content\/uploads\/sites\/2\/2025\/05\/Caritas-a-Piazza-Armerina-2025-12-300x169.jpg 300w, https:\/\/euwps06.newsmemory.com\/chiesedisicilia\/news\/wp-content\/uploads\/sites\/2\/2025\/05\/Caritas-a-Piazza-Armerina-2025-12-1024x576.jpg 1024w, https:\/\/euwps06.newsmemory.com\/chiesedisicilia\/news\/wp-content\/uploads\/sites\/2\/2025\/05\/Caritas-a-Piazza-Armerina-2025-12-768x432.jpg 768w, https:\/\/euwps06.newsmemory.com\/chiesedisicilia\/news\/wp-content\/uploads\/sites\/2\/2025\/05\/Caritas-a-Piazza-Armerina-2025-12-1536x864.jpg 1536w, https:\/\/euwps06.newsmemory.com\/chiesedisicilia\/news\/wp-content\/uploads\/sites\/2\/2025\/05\/Caritas-a-Piazza-Armerina-2025-12-750x422.jpg 750w, https:\/\/euwps06.newsmemory.com\/chiesedisicilia\/news\/wp-content\/uploads\/sites\/2\/2025\/05\/Caritas-a-Piazza-Armerina-2025-12.jpg 1600w\" sizes=\" 300px\" style=\"max-width:1600px; max-height:min(900px,600px);\"\/><\/li><li class=\"li_12\" onclick=\"gallery_5015_1777110438489_expandedmy_action_on_click(12)\" ><img src=\"https:\/\/www.chiesedisicilia.org\/chiesedisicilia\/news\/wp-content\/uploads\/sites\/2\/2025\/05\/Caritas-a-Piazza-Armerina-2025-13-300x169.jpg\" srcset=\"https:\/\/euwps06.newsmemory.com\/chiesedisicilia\/news\/wp-content\/uploads\/sites\/2\/2025\/05\/Caritas-a-Piazza-Armerina-2025-13-300x169.jpg 300w, https:\/\/euwps06.newsmemory.com\/chiesedisicilia\/news\/wp-content\/uploads\/sites\/2\/2025\/05\/Caritas-a-Piazza-Armerina-2025-13-1024x576.jpg 1024w, https:\/\/euwps06.newsmemory.com\/chiesedisicilia\/news\/wp-content\/uploads\/sites\/2\/2025\/05\/Caritas-a-Piazza-Armerina-2025-13-768x432.jpg 768w, https:\/\/euwps06.newsmemory.com\/chiesedisicilia\/news\/wp-content\/uploads\/sites\/2\/2025\/05\/Caritas-a-Piazza-Armerina-2025-13-1536x864.jpg 1536w, https:\/\/euwps06.newsmemory.com\/chiesedisicilia\/news\/wp-content\/uploads\/sites\/2\/2025\/05\/Caritas-a-Piazza-Armerina-2025-13-750x422.jpg 750w, https:\/\/euwps06.newsmemory.com\/chiesedisicilia\/news\/wp-content\/uploads\/sites\/2\/2025\/05\/Caritas-a-Piazza-Armerina-2025-13.jpg 1600w\" sizes=\" 300px\" style=\"max-width:1600px; max-height:min(900px,600px);\"\/><\/li><li class=\"li_13\" onclick=\"gallery_5015_1777110438489_expandedmy_action_on_click(13)\" ><img src=\"https:\/\/www.chiesedisicilia.org\/chiesedisicilia\/news\/wp-content\/uploads\/sites\/2\/2025\/05\/Caritas-a-Piazza-Armerina-2025-14-300x169.jpg\" srcset=\"https:\/\/euwps06.newsmemory.com\/chiesedisicilia\/news\/wp-content\/uploads\/sites\/2\/2025\/05\/Caritas-a-Piazza-Armerina-2025-14-300x169.jpg 300w, https:\/\/euwps06.newsmemory.com\/chiesedisicilia\/news\/wp-content\/uploads\/sites\/2\/2025\/05\/Caritas-a-Piazza-Armerina-2025-14-1024x576.jpg 1024w, https:\/\/euwps06.newsmemory.com\/chiesedisicilia\/news\/wp-content\/uploads\/sites\/2\/2025\/05\/Caritas-a-Piazza-Armerina-2025-14-768x432.jpg 768w, https:\/\/euwps06.newsmemory.com\/chiesedisicilia\/news\/wp-content\/uploads\/sites\/2\/2025\/05\/Caritas-a-Piazza-Armerina-2025-14-1536x864.jpg 1536w, https:\/\/euwps06.newsmemory.com\/chiesedisicilia\/news\/wp-content\/uploads\/sites\/2\/2025\/05\/Caritas-a-Piazza-Armerina-2025-14-750x422.jpg 750w, https:\/\/euwps06.newsmemory.com\/chiesedisicilia\/news\/wp-content\/uploads\/sites\/2\/2025\/05\/Caritas-a-Piazza-Armerina-2025-14.jpg 1600w\" sizes=\" 300px\" style=\"max-width:1600px; max-height:min(900px,600px);\"\/><\/li><li class=\"li_14\" onclick=\"gallery_5015_1777110438489_expandedmy_action_on_click(14)\" ><img src=\"https:\/\/www.chiesedisicilia.org\/chiesedisicilia\/news\/wp-content\/uploads\/sites\/2\/2025\/05\/Caritas-a-Piazza-Armerina-2025-15-169x300.jpg\" srcset=\"https:\/\/euwps06.newsmemory.com\/chiesedisicilia\/news\/wp-content\/uploads\/sites\/2\/2025\/05\/Caritas-a-Piazza-Armerina-2025-15-169x300.jpg 169w, https:\/\/euwps06.newsmemory.com\/chiesedisicilia\/news\/wp-content\/uploads\/sites\/2\/2025\/05\/Caritas-a-Piazza-Armerina-2025-15-576x1024.jpg 576w, https:\/\/euwps06.newsmemory.com\/chiesedisicilia\/news\/wp-content\/uploads\/sites\/2\/2025\/05\/Caritas-a-Piazza-Armerina-2025-15-768x1365.jpg 768w, https:\/\/euwps06.newsmemory.com\/chiesedisicilia\/news\/wp-content\/uploads\/sites\/2\/2025\/05\/Caritas-a-Piazza-Armerina-2025-15-864x1536.jpg 864w, https:\/\/euwps06.newsmemory.com\/chiesedisicilia\/news\/wp-content\/uploads\/sites\/2\/2025\/05\/Caritas-a-Piazza-Armerina-2025-15-750x1333.jpg 750w, https:\/\/euwps06.newsmemory.com\/chiesedisicilia\/news\/wp-content\/uploads\/sites\/2\/2025\/05\/Caritas-a-Piazza-Armerina-2025-15.jpg 900w\" sizes=\" 300px\" style=\"max-width:900px; max-height:min(1600px,600px);\"\/><\/li><li class=\"li_15\" onclick=\"gallery_5015_1777110438489_expandedmy_action_on_click(15)\" ><img src=\"https:\/\/www.chiesedisicilia.org\/chiesedisicilia\/news\/wp-content\/uploads\/sites\/2\/2025\/05\/Caritas-a-Piazza-Armerina-2025-16-300x169.jpg\" srcset=\"https:\/\/euwps06.newsmemory.com\/chiesedisicilia\/news\/wp-content\/uploads\/sites\/2\/2025\/05\/Caritas-a-Piazza-Armerina-2025-16-300x169.jpg 300w, https:\/\/euwps06.newsmemory.com\/chiesedisicilia\/news\/wp-content\/uploads\/sites\/2\/2025\/05\/Caritas-a-Piazza-Armerina-2025-16-1024x576.jpg 1024w, https:\/\/euwps06.newsmemory.com\/chiesedisicilia\/news\/wp-content\/uploads\/sites\/2\/2025\/05\/Caritas-a-Piazza-Armerina-2025-16-768x432.jpg 768w, https:\/\/euwps06.newsmemory.com\/chiesedisicilia\/news\/wp-content\/uploads\/sites\/2\/2025\/05\/Caritas-a-Piazza-Armerina-2025-16-1536x864.jpg 1536w, https:\/\/euwps06.newsmemory.com\/chiesedisicilia\/news\/wp-content\/uploads\/sites\/2\/2025\/05\/Caritas-a-Piazza-Armerina-2025-16-750x422.jpg 750w, https:\/\/euwps06.newsmemory.com\/chiesedisicilia\/news\/wp-content\/uploads\/sites\/2\/2025\/05\/Caritas-a-Piazza-Armerina-2025-16.jpg 1600w\" sizes=\" 300px\" style=\"max-width:1600px; max-height:min(900px,600px);\"\/><\/li><li class=\"li_16\" onclick=\"gallery_5015_1777110438489_expandedmy_action_on_click(16)\" ><img src=\"https:\/\/www.chiesedisicilia.org\/chiesedisicilia\/news\/wp-content\/uploads\/sites\/2\/2025\/05\/Caritas-a-Piazza-Armerina-2025-17-300x169.jpg\" srcset=\"https:\/\/euwps06.newsmemory.com\/chiesedisicilia\/news\/wp-content\/uploads\/sites\/2\/2025\/05\/Caritas-a-Piazza-Armerina-2025-17-300x169.jpg 300w, https:\/\/euwps06.newsmemory.com\/chiesedisicilia\/news\/wp-content\/uploads\/sites\/2\/2025\/05\/Caritas-a-Piazza-Armerina-2025-17-1024x576.jpg 1024w, https:\/\/euwps06.newsmemory.com\/chiesedisicilia\/news\/wp-content\/uploads\/sites\/2\/2025\/05\/Caritas-a-Piazza-Armerina-2025-17-768x432.jpg 768w, https:\/\/euwps06.newsmemory.com\/chiesedisicilia\/news\/wp-content\/uploads\/sites\/2\/2025\/05\/Caritas-a-Piazza-Armerina-2025-17-1536x864.jpg 1536w, https:\/\/euwps06.newsmemory.com\/chiesedisicilia\/news\/wp-content\/uploads\/sites\/2\/2025\/05\/Caritas-a-Piazza-Armerina-2025-17-750x422.jpg 750w, https:\/\/euwps06.newsmemory.com\/chiesedisicilia\/news\/wp-content\/uploads\/sites\/2\/2025\/05\/Caritas-a-Piazza-Armerina-2025-17.jpg 1600w\" sizes=\" 300px\" style=\"max-width:1600px; max-height:min(900px,600px);\"\/><\/li><li class=\"li_17\" onclick=\"gallery_5015_1777110438489_expandedmy_action_on_click(17)\" ><img src=\"https:\/\/www.chiesedisicilia.org\/chiesedisicilia\/news\/wp-content\/uploads\/sites\/2\/2025\/05\/Caritas-a-Piazza-Armerina-2025-18-300x169.jpg\" srcset=\"https:\/\/euwps06.newsmemory.com\/chiesedisicilia\/news\/wp-content\/uploads\/sites\/2\/2025\/05\/Caritas-a-Piazza-Armerina-2025-18-300x169.jpg 300w, https:\/\/euwps06.newsmemory.com\/chiesedisicilia\/news\/wp-content\/uploads\/sites\/2\/2025\/05\/Caritas-a-Piazza-Armerina-2025-18-1024x576.jpg 1024w, https:\/\/euwps06.newsmemory.com\/chiesedisicilia\/news\/wp-content\/uploads\/sites\/2\/2025\/05\/Caritas-a-Piazza-Armerina-2025-18-768x432.jpg 768w, https:\/\/euwps06.newsmemory.com\/chiesedisicilia\/news\/wp-content\/uploads\/sites\/2\/2025\/05\/Caritas-a-Piazza-Armerina-2025-18-1536x864.jpg 1536w, https:\/\/euwps06.newsmemory.com\/chiesedisicilia\/news\/wp-content\/uploads\/sites\/2\/2025\/05\/Caritas-a-Piazza-Armerina-2025-18-750x422.jpg 750w, https:\/\/euwps06.newsmemory.com\/chiesedisicilia\/news\/wp-content\/uploads\/sites\/2\/2025\/05\/Caritas-a-Piazza-Armerina-2025-18.jpg 1600w\" sizes=\" 300px\" style=\"max-width:1600px; max-height:min(900px,600px);\"\/><\/li><li class=\"li_18\" onclick=\"gallery_5015_1777110438489_expandedmy_action_on_click(18)\" ><img src=\"https:\/\/www.chiesedisicilia.org\/chiesedisicilia\/news\/wp-content\/uploads\/sites\/2\/2025\/05\/Caritas-a-Piazza-Armerina-2025-19-300x169.jpg\" srcset=\"https:\/\/euwps06.newsmemory.com\/chiesedisicilia\/news\/wp-content\/uploads\/sites\/2\/2025\/05\/Caritas-a-Piazza-Armerina-2025-19-300x169.jpg 300w, https:\/\/euwps06.newsmemory.com\/chiesedisicilia\/news\/wp-content\/uploads\/sites\/2\/2025\/05\/Caritas-a-Piazza-Armerina-2025-19-1024x577.jpg 1024w, https:\/\/euwps06.newsmemory.com\/chiesedisicilia\/news\/wp-content\/uploads\/sites\/2\/2025\/05\/Caritas-a-Piazza-Armerina-2025-19-768x432.jpg 768w, https:\/\/euwps06.newsmemory.com\/chiesedisicilia\/news\/wp-content\/uploads\/sites\/2\/2025\/05\/Caritas-a-Piazza-Armerina-2025-19-1536x865.jpg 1536w, https:\/\/euwps06.newsmemory.com\/chiesedisicilia\/news\/wp-content\/uploads\/sites\/2\/2025\/05\/Caritas-a-Piazza-Armerina-2025-19-750x422.jpg 750w, https:\/\/euwps06.newsmemory.com\/chiesedisicilia\/news\/wp-content\/uploads\/sites\/2\/2025\/05\/Caritas-a-Piazza-Armerina-2025-19.jpg 1600w\" sizes=\" 300px\" style=\"max-width:1600px; max-height:min(901px,600px);\"\/><\/li><li class=\"li_19\" onclick=\"gallery_5015_1777110438489_expandedmy_action_on_click(19)\" ><img src=\"https:\/\/www.chiesedisicilia.org\/chiesedisicilia\/news\/wp-content\/uploads\/sites\/2\/2025\/05\/Caritas-a-Piazza-Armerina-2025-20-300x169.jpg\" srcset=\"https:\/\/euwps06.newsmemory.com\/chiesedisicilia\/news\/wp-content\/uploads\/sites\/2\/2025\/05\/Caritas-a-Piazza-Armerina-2025-20-300x169.jpg 300w, https:\/\/euwps06.newsmemory.com\/chiesedisicilia\/news\/wp-content\/uploads\/sites\/2\/2025\/05\/Caritas-a-Piazza-Armerina-2025-20-1024x576.jpg 1024w, https:\/\/euwps06.newsmemory.com\/chiesedisicilia\/news\/wp-content\/uploads\/sites\/2\/2025\/05\/Caritas-a-Piazza-Armerina-2025-20-768x432.jpg 768w, https:\/\/euwps06.newsmemory.com\/chiesedisicilia\/news\/wp-content\/uploads\/sites\/2\/2025\/05\/Caritas-a-Piazza-Armerina-2025-20-1536x864.jpg 1536w, https:\/\/euwps06.newsmemory.com\/chiesedisicilia\/news\/wp-content\/uploads\/sites\/2\/2025\/05\/Caritas-a-Piazza-Armerina-2025-20-750x422.jpg 750w, https:\/\/euwps06.newsmemory.com\/chiesedisicilia\/news\/wp-content\/uploads\/sites\/2\/2025\/05\/Caritas-a-Piazza-Armerina-2025-20.jpg 1600w\" sizes=\" 300px\" style=\"max-width:1600px; max-height:min(900px,600px);\"\/><\/li><li class=\"li_20\" onclick=\"gallery_5015_1777110438489_expandedmy_action_on_click(20)\" ><img src=\"https:\/\/www.chiesedisicilia.org\/chiesedisicilia\/news\/wp-content\/uploads\/sites\/2\/2025\/05\/Caritas-a-Piazza-Armerina-2025-21-300x169.jpg\" srcset=\"https:\/\/euwps06.newsmemory.com\/chiesedisicilia\/news\/wp-content\/uploads\/sites\/2\/2025\/05\/Caritas-a-Piazza-Armerina-2025-21-300x169.jpg 300w, https:\/\/euwps06.newsmemory.com\/chiesedisicilia\/news\/wp-content\/uploads\/sites\/2\/2025\/05\/Caritas-a-Piazza-Armerina-2025-21-1024x576.jpg 1024w, https:\/\/euwps06.newsmemory.com\/chiesedisicilia\/news\/wp-content\/uploads\/sites\/2\/2025\/05\/Caritas-a-Piazza-Armerina-2025-21-768x432.jpg 768w, https:\/\/euwps06.newsmemory.com\/chiesedisicilia\/news\/wp-content\/uploads\/sites\/2\/2025\/05\/Caritas-a-Piazza-Armerina-2025-21-1536x864.jpg 1536w, https:\/\/euwps06.newsmemory.com\/chiesedisicilia\/news\/wp-content\/uploads\/sites\/2\/2025\/05\/Caritas-a-Piazza-Armerina-2025-21-750x422.jpg 750w, https:\/\/euwps06.newsmemory.com\/chiesedisicilia\/news\/wp-content\/uploads\/sites\/2\/2025\/05\/Caritas-a-Piazza-Armerina-2025-21.jpg 1600w\" sizes=\" 300px\" style=\"max-width:1600px; max-height:min(900px,600px);\"\/><\/li><li class=\"li_21\" onclick=\"gallery_5015_1777110438489_expandedmy_action_on_click(21)\" ><img src=\"https:\/\/www.chiesedisicilia.org\/chiesedisicilia\/news\/wp-content\/uploads\/sites\/2\/2025\/05\/Caritas-a-Piazza-Armerina-2025-22-300x169.jpg\" srcset=\"https:\/\/euwps06.newsmemory.com\/chiesedisicilia\/news\/wp-content\/uploads\/sites\/2\/2025\/05\/Caritas-a-Piazza-Armerina-2025-22-300x169.jpg 300w, https:\/\/euwps06.newsmemory.com\/chiesedisicilia\/news\/wp-content\/uploads\/sites\/2\/2025\/05\/Caritas-a-Piazza-Armerina-2025-22-1024x576.jpg 1024w, https:\/\/euwps06.newsmemory.com\/chiesedisicilia\/news\/wp-content\/uploads\/sites\/2\/2025\/05\/Caritas-a-Piazza-Armerina-2025-22-768x432.jpg 768w, https:\/\/euwps06.newsmemory.com\/chiesedisicilia\/news\/wp-content\/uploads\/sites\/2\/2025\/05\/Caritas-a-Piazza-Armerina-2025-22-1536x864.jpg 1536w, https:\/\/euwps06.newsmemory.com\/chiesedisicilia\/news\/wp-content\/uploads\/sites\/2\/2025\/05\/Caritas-a-Piazza-Armerina-2025-22-750x422.jpg 750w, https:\/\/euwps06.newsmemory.com\/chiesedisicilia\/news\/wp-content\/uploads\/sites\/2\/2025\/05\/Caritas-a-Piazza-Armerina-2025-22.jpg 1600w\" sizes=\" 300px\" style=\"max-width:1600px; max-height:min(900px,600px);\"\/><\/li><li class=\"li_22\" onclick=\"gallery_5015_1777110438489_expandedmy_action_on_click(22)\" ><img src=\"https:\/\/www.chiesedisicilia.org\/chiesedisicilia\/news\/wp-content\/uploads\/sites\/2\/2025\/05\/Caritas-a-Piazza-Armerina-2025-24-300x169.jpg\" srcset=\"https:\/\/euwps06.newsmemory.com\/chiesedisicilia\/news\/wp-content\/uploads\/sites\/2\/2025\/05\/Caritas-a-Piazza-Armerina-2025-24-300x169.jpg 300w, https:\/\/euwps06.newsmemory.com\/chiesedisicilia\/news\/wp-content\/uploads\/sites\/2\/2025\/05\/Caritas-a-Piazza-Armerina-2025-24-1024x577.jpg 1024w, https:\/\/euwps06.newsmemory.com\/chiesedisicilia\/news\/wp-content\/uploads\/sites\/2\/2025\/05\/Caritas-a-Piazza-Armerina-2025-24-768x432.jpg 768w, https:\/\/euwps06.newsmemory.com\/chiesedisicilia\/news\/wp-content\/uploads\/sites\/2\/2025\/05\/Caritas-a-Piazza-Armerina-2025-24-1536x865.jpg 1536w, https:\/\/euwps06.newsmemory.com\/chiesedisicilia\/news\/wp-content\/uploads\/sites\/2\/2025\/05\/Caritas-a-Piazza-Armerina-2025-24-750x422.jpg 750w, https:\/\/euwps06.newsmemory.com\/chiesedisicilia\/news\/wp-content\/uploads\/sites\/2\/2025\/05\/Caritas-a-Piazza-Armerina-2025-24.jpg 1600w\" sizes=\" 300px\" style=\"max-width:1600px; max-height:min(901px,600px);\"\/><\/li><li class=\"li_23\" onclick=\"gallery_5015_1777110438489_expandedmy_action_on_click(23)\" ><img src=\"https:\/\/www.chiesedisicilia.org\/chiesedisicilia\/news\/wp-content\/uploads\/sites\/2\/2025\/05\/Caritas-a-Piazza-Armerina-2025-25-300x169.jpg\" srcset=\"https:\/\/euwps06.newsmemory.com\/chiesedisicilia\/news\/wp-content\/uploads\/sites\/2\/2025\/05\/Caritas-a-Piazza-Armerina-2025-25-300x169.jpg 300w, https:\/\/euwps06.newsmemory.com\/chiesedisicilia\/news\/wp-content\/uploads\/sites\/2\/2025\/05\/Caritas-a-Piazza-Armerina-2025-25-1024x576.jpg 1024w, https:\/\/euwps06.newsmemory.com\/chiesedisicilia\/news\/wp-content\/uploads\/sites\/2\/2025\/05\/Caritas-a-Piazza-Armerina-2025-25-768x432.jpg 768w, https:\/\/euwps06.newsmemory.com\/chiesedisicilia\/news\/wp-content\/uploads\/sites\/2\/2025\/05\/Caritas-a-Piazza-Armerina-2025-25-1536x864.jpg 1536w, https:\/\/euwps06.newsmemory.com\/chiesedisicilia\/news\/wp-content\/uploads\/sites\/2\/2025\/05\/Caritas-a-Piazza-Armerina-2025-25-750x422.jpg 750w, https:\/\/euwps06.newsmemory.com\/chiesedisicilia\/news\/wp-content\/uploads\/sites\/2\/2025\/05\/Caritas-a-Piazza-Armerina-2025-25.jpg 1600w\" sizes=\" 300px\" style=\"max-width:1600px; max-height:min(900px,600px);\"\/><\/li><li class=\"li_24\" onclick=\"gallery_5015_1777110438489_expandedmy_action_on_click(24)\" ><img src=\"https:\/\/www.chiesedisicilia.org\/chiesedisicilia\/news\/wp-content\/uploads\/sites\/2\/2025\/05\/Caritas-a-Piazza-Armerina-2025-26-300x169.jpg\" srcset=\"https:\/\/euwps06.newsmemory.com\/chiesedisicilia\/news\/wp-content\/uploads\/sites\/2\/2025\/05\/Caritas-a-Piazza-Armerina-2025-26-300x169.jpg 300w, https:\/\/euwps06.newsmemory.com\/chiesedisicilia\/news\/wp-content\/uploads\/sites\/2\/2025\/05\/Caritas-a-Piazza-Armerina-2025-26-1024x576.jpg 1024w, https:\/\/euwps06.newsmemory.com\/chiesedisicilia\/news\/wp-content\/uploads\/sites\/2\/2025\/05\/Caritas-a-Piazza-Armerina-2025-26-768x432.jpg 768w, https:\/\/euwps06.newsmemory.com\/chiesedisicilia\/news\/wp-content\/uploads\/sites\/2\/2025\/05\/Caritas-a-Piazza-Armerina-2025-26-1536x864.jpg 1536w, https:\/\/euwps06.newsmemory.com\/chiesedisicilia\/news\/wp-content\/uploads\/sites\/2\/2025\/05\/Caritas-a-Piazza-Armerina-2025-26-750x422.jpg 750w, https:\/\/euwps06.newsmemory.com\/chiesedisicilia\/news\/wp-content\/uploads\/sites\/2\/2025\/05\/Caritas-a-Piazza-Armerina-2025-26.jpg 1600w\" sizes=\" 300px\" style=\"max-width:1600px; max-height:min(900px,600px);\"\/><\/li><li class=\"li_25\" onclick=\"gallery_5015_1777110438489_expandedmy_action_on_click(25)\" ><img src=\"https:\/\/www.chiesedisicilia.org\/chiesedisicilia\/news\/wp-content\/uploads\/sites\/2\/2025\/05\/Caritas-a-Piazza-Armerina-2025-27-169x300.jpg\" srcset=\"https:\/\/euwps06.newsmemory.com\/chiesedisicilia\/news\/wp-content\/uploads\/sites\/2\/2025\/05\/Caritas-a-Piazza-Armerina-2025-27-169x300.jpg 169w, https:\/\/euwps06.newsmemory.com\/chiesedisicilia\/news\/wp-content\/uploads\/sites\/2\/2025\/05\/Caritas-a-Piazza-Armerina-2025-27-576x1024.jpg 576w, https:\/\/euwps06.newsmemory.com\/chiesedisicilia\/news\/wp-content\/uploads\/sites\/2\/2025\/05\/Caritas-a-Piazza-Armerina-2025-27-768x1365.jpg 768w, https:\/\/euwps06.newsmemory.com\/chiesedisicilia\/news\/wp-content\/uploads\/sites\/2\/2025\/05\/Caritas-a-Piazza-Armerina-2025-27-864x1536.jpg 864w, https:\/\/euwps06.newsmemory.com\/chiesedisicilia\/news\/wp-content\/uploads\/sites\/2\/2025\/05\/Caritas-a-Piazza-Armerina-2025-27-750x1333.jpg 750w, https:\/\/euwps06.newsmemory.com\/chiesedisicilia\/news\/wp-content\/uploads\/sites\/2\/2025\/05\/Caritas-a-Piazza-Armerina-2025-27.jpg 900w\" sizes=\" 300px\" style=\"max-width:900px; max-height:min(1600px,600px);\"\/><\/li><li class=\"li_26\" onclick=\"gallery_5015_1777110438489_expandedmy_action_on_click(26)\" ><img src=\"https:\/\/www.chiesedisicilia.org\/chiesedisicilia\/news\/wp-content\/uploads\/sites\/2\/2025\/05\/Caritas-a-Piazza-Armerina-2025-29-300x169.jpg\" srcset=\"https:\/\/euwps06.newsmemory.com\/chiesedisicilia\/news\/wp-content\/uploads\/sites\/2\/2025\/05\/Caritas-a-Piazza-Armerina-2025-29-300x169.jpg 300w, https:\/\/euwps06.newsmemory.com\/chiesedisicilia\/news\/wp-content\/uploads\/sites\/2\/2025\/05\/Caritas-a-Piazza-Armerina-2025-29-1024x576.jpg 1024w, https:\/\/euwps06.newsmemory.com\/chiesedisicilia\/news\/wp-content\/uploads\/sites\/2\/2025\/05\/Caritas-a-Piazza-Armerina-2025-29-768x432.jpg 768w, https:\/\/euwps06.newsmemory.com\/chiesedisicilia\/news\/wp-content\/uploads\/sites\/2\/2025\/05\/Caritas-a-Piazza-Armerina-2025-29-1536x864.jpg 1536w, https:\/\/euwps06.newsmemory.com\/chiesedisicilia\/news\/wp-content\/uploads\/sites\/2\/2025\/05\/Caritas-a-Piazza-Armerina-2025-29-750x422.jpg 750w, https:\/\/euwps06.newsmemory.com\/chiesedisicilia\/news\/wp-content\/uploads\/sites\/2\/2025\/05\/Caritas-a-Piazza-Armerina-2025-29.jpg 1600w\" sizes=\" 300px\" style=\"max-width:1600px; max-height:min(900px,600px);\"\/><\/li><li class=\"li_27\" onclick=\"gallery_5015_1777110438489_expandedmy_action_on_click(27)\" ><img src=\"https:\/\/www.chiesedisicilia.org\/chiesedisicilia\/news\/wp-content\/uploads\/sites\/2\/2025\/05\/Caritas-a-Piazza-Armerina-2025-28-300x169.jpg\" srcset=\"https:\/\/euwps06.newsmemory.com\/chiesedisicilia\/news\/wp-content\/uploads\/sites\/2\/2025\/05\/Caritas-a-Piazza-Armerina-2025-28-300x169.jpg 300w, https:\/\/euwps06.newsmemory.com\/chiesedisicilia\/news\/wp-content\/uploads\/sites\/2\/2025\/05\/Caritas-a-Piazza-Armerina-2025-28-1024x576.jpg 1024w, https:\/\/euwps06.newsmemory.com\/chiesedisicilia\/news\/wp-content\/uploads\/sites\/2\/2025\/05\/Caritas-a-Piazza-Armerina-2025-28-768x432.jpg 768w, https:\/\/euwps06.newsmemory.com\/chiesedisicilia\/news\/wp-content\/uploads\/sites\/2\/2025\/05\/Caritas-a-Piazza-Armerina-2025-28-1536x864.jpg 1536w, https:\/\/euwps06.newsmemory.com\/chiesedisicilia\/news\/wp-content\/uploads\/sites\/2\/2025\/05\/Caritas-a-Piazza-Armerina-2025-28-750x422.jpg 750w, https:\/\/euwps06.newsmemory.com\/chiesedisicilia\/news\/wp-content\/uploads\/sites\/2\/2025\/05\/Caritas-a-Piazza-Armerina-2025-28.jpg 1600w\" sizes=\" 300px\" style=\"max-width:1600px; max-height:min(900px,600px);\"\/><\/li><li class=\"li_28\" onclick=\"gallery_5015_1777110438489_expandedmy_action_on_click(28)\" ><img src=\"https:\/\/www.chiesedisicilia.org\/chiesedisicilia\/news\/wp-content\/uploads\/sites\/2\/2025\/05\/Caritas-a-Piazza-Armerina-2025-30-300x169.jpg\" srcset=\"https:\/\/euwps06.newsmemory.com\/chiesedisicilia\/news\/wp-content\/uploads\/sites\/2\/2025\/05\/Caritas-a-Piazza-Armerina-2025-30-300x169.jpg 300w, https:\/\/euwps06.newsmemory.com\/chiesedisicilia\/news\/wp-content\/uploads\/sites\/2\/2025\/05\/Caritas-a-Piazza-Armerina-2025-30-1024x576.jpg 1024w, https:\/\/euwps06.newsmemory.com\/chiesedisicilia\/news\/wp-content\/uploads\/sites\/2\/2025\/05\/Caritas-a-Piazza-Armerina-2025-30-768x432.jpg 768w, https:\/\/euwps06.newsmemory.com\/chiesedisicilia\/news\/wp-content\/uploads\/sites\/2\/2025\/05\/Caritas-a-Piazza-Armerina-2025-30-1536x864.jpg 1536w, https:\/\/euwps06.newsmemory.com\/chiesedisicilia\/news\/wp-content\/uploads\/sites\/2\/2025\/05\/Caritas-a-Piazza-Armerina-2025-30-750x422.jpg 750w, https:\/\/euwps06.newsmemory.com\/chiesedisicilia\/news\/wp-content\/uploads\/sites\/2\/2025\/05\/Caritas-a-Piazza-Armerina-2025-30.jpg 1600w\" sizes=\" 300px\" style=\"max-width:1600px; max-height:min(900px,600px);\"\/><\/li><li class=\"li_29\" onclick=\"gallery_5015_1777110438489_expandedmy_action_on_click(29)\" ><img src=\"https:\/\/www.chiesedisicilia.org\/chiesedisicilia\/news\/wp-content\/uploads\/sites\/2\/2025\/05\/Caritas-a-Piazza-Armerina-2025-31-300x169.jpg\" srcset=\"https:\/\/euwps06.newsmemory.com\/chiesedisicilia\/news\/wp-content\/uploads\/sites\/2\/2025\/05\/Caritas-a-Piazza-Armerina-2025-31-300x169.jpg 300w, https:\/\/euwps06.newsmemory.com\/chiesedisicilia\/news\/wp-content\/uploads\/sites\/2\/2025\/05\/Caritas-a-Piazza-Armerina-2025-31-1024x576.jpg 1024w, https:\/\/euwps06.newsmemory.com\/chiesedisicilia\/news\/wp-content\/uploads\/sites\/2\/2025\/05\/Caritas-a-Piazza-Armerina-2025-31-768x432.jpg 768w, https:\/\/euwps06.newsmemory.com\/chiesedisicilia\/news\/wp-content\/uploads\/sites\/2\/2025\/05\/Caritas-a-Piazza-Armerina-2025-31-1536x864.jpg 1536w, https:\/\/euwps06.newsmemory.com\/chiesedisicilia\/news\/wp-content\/uploads\/sites\/2\/2025\/05\/Caritas-a-Piazza-Armerina-2025-31-750x422.jpg 750w, https:\/\/euwps06.newsmemory.com\/chiesedisicilia\/news\/wp-content\/uploads\/sites\/2\/2025\/05\/Caritas-a-Piazza-Armerina-2025-31.jpg 1600w\" sizes=\" 300px\" style=\"max-width:1600px; max-height:min(900px,600px);\"\/><\/li><li class=\"li_30\" onclick=\"gallery_5015_1777110438489_expandedmy_action_on_click(30)\" ><img src=\"https:\/\/www.chiesedisicilia.org\/chiesedisicilia\/news\/wp-content\/uploads\/sites\/2\/2025\/05\/Caritas-a-Piazza-Armerina-2025-33-169x300.jpg\" srcset=\"https:\/\/euwps06.newsmemory.com\/chiesedisicilia\/news\/wp-content\/uploads\/sites\/2\/2025\/05\/Caritas-a-Piazza-Armerina-2025-33-169x300.jpg 169w, https:\/\/euwps06.newsmemory.com\/chiesedisicilia\/news\/wp-content\/uploads\/sites\/2\/2025\/05\/Caritas-a-Piazza-Armerina-2025-33-576x1024.jpg 576w, https:\/\/euwps06.newsmemory.com\/chiesedisicilia\/news\/wp-content\/uploads\/sites\/2\/2025\/05\/Caritas-a-Piazza-Armerina-2025-33-768x1365.jpg 768w, https:\/\/euwps06.newsmemory.com\/chiesedisicilia\/news\/wp-content\/uploads\/sites\/2\/2025\/05\/Caritas-a-Piazza-Armerina-2025-33-864x1536.jpg 864w, https:\/\/euwps06.newsmemory.com\/chiesedisicilia\/news\/wp-content\/uploads\/sites\/2\/2025\/05\/Caritas-a-Piazza-Armerina-2025-33-750x1333.jpg 750w, https:\/\/euwps06.newsmemory.com\/chiesedisicilia\/news\/wp-content\/uploads\/sites\/2\/2025\/05\/Caritas-a-Piazza-Armerina-2025-33.jpg 900w\" sizes=\" 300px\" style=\"max-width:900px; max-height:min(1600px,600px);\"\/><\/li><li class=\"li_31\" onclick=\"gallery_5015_1777110438489_expandedmy_action_on_click(31)\" ><img src=\"https:\/\/www.chiesedisicilia.org\/chiesedisicilia\/news\/wp-content\/uploads\/sites\/2\/2025\/05\/Caritas-a-Piazza-Armerina-2025-32-300x169.jpg\" srcset=\"https:\/\/euwps06.newsmemory.com\/chiesedisicilia\/news\/wp-content\/uploads\/sites\/2\/2025\/05\/Caritas-a-Piazza-Armerina-2025-32-300x169.jpg 300w, https:\/\/euwps06.newsmemory.com\/chiesedisicilia\/news\/wp-content\/uploads\/sites\/2\/2025\/05\/Caritas-a-Piazza-Armerina-2025-32-1024x577.jpg 1024w, https:\/\/euwps06.newsmemory.com\/chiesedisicilia\/news\/wp-content\/uploads\/sites\/2\/2025\/05\/Caritas-a-Piazza-Armerina-2025-32-768x432.jpg 768w, https:\/\/euwps06.newsmemory.com\/chiesedisicilia\/news\/wp-content\/uploads\/sites\/2\/2025\/05\/Caritas-a-Piazza-Armerina-2025-32-1536x865.jpg 1536w, https:\/\/euwps06.newsmemory.com\/chiesedisicilia\/news\/wp-content\/uploads\/sites\/2\/2025\/05\/Caritas-a-Piazza-Armerina-2025-32-750x422.jpg 750w, https:\/\/euwps06.newsmemory.com\/chiesedisicilia\/news\/wp-content\/uploads\/sites\/2\/2025\/05\/Caritas-a-Piazza-Armerina-2025-32.jpg 1600w\" sizes=\" 300px\" style=\"max-width:1600px; max-height:min(901px,600px);\"\/><\/li><li class=\"li_32\" onclick=\"gallery_5015_1777110438489_expandedmy_action_on_click(32)\" ><img src=\"https:\/\/www.chiesedisicilia.org\/chiesedisicilia\/news\/wp-content\/uploads\/sites\/2\/2025\/05\/Caritas-a-Piazza-Armerina-2025-34-300x225.jpg\" srcset=\"https:\/\/euwps06.newsmemory.com\/chiesedisicilia\/news\/wp-content\/uploads\/sites\/2\/2025\/05\/Caritas-a-Piazza-Armerina-2025-34-300x225.jpg 300w, https:\/\/euwps06.newsmemory.com\/chiesedisicilia\/news\/wp-content\/uploads\/sites\/2\/2025\/05\/Caritas-a-Piazza-Armerina-2025-34-1024x768.jpg 1024w, https:\/\/euwps06.newsmemory.com\/chiesedisicilia\/news\/wp-content\/uploads\/sites\/2\/2025\/05\/Caritas-a-Piazza-Armerina-2025-34-768x576.jpg 768w, https:\/\/euwps06.newsmemory.com\/chiesedisicilia\/news\/wp-content\/uploads\/sites\/2\/2025\/05\/Caritas-a-Piazza-Armerina-2025-34-1536x1153.jpg 1536w, https:\/\/euwps06.newsmemory.com\/chiesedisicilia\/news\/wp-content\/uploads\/sites\/2\/2025\/05\/Caritas-a-Piazza-Armerina-2025-34-750x563.jpg 750w, https:\/\/euwps06.newsmemory.com\/chiesedisicilia\/news\/wp-content\/uploads\/sites\/2\/2025\/05\/Caritas-a-Piazza-Armerina-2025-34.jpg 1599w\" sizes=\" 300px\" style=\"max-width:1599px; max-height:min(1200px,600px);\"\/><\/li><li class=\"li_33\" onclick=\"gallery_5015_1777110438489_expandedmy_action_on_click(33)\" ><img src=\"https:\/\/www.chiesedisicilia.org\/chiesedisicilia\/news\/wp-content\/uploads\/sites\/2\/2025\/05\/Caritas-a-Piazza-Armerina-2025-35-300x169.jpg\" srcset=\"https:\/\/euwps06.newsmemory.com\/chiesedisicilia\/news\/wp-content\/uploads\/sites\/2\/2025\/05\/Caritas-a-Piazza-Armerina-2025-35-300x169.jpg 300w, https:\/\/euwps06.newsmemory.com\/chiesedisicilia\/news\/wp-content\/uploads\/sites\/2\/2025\/05\/Caritas-a-Piazza-Armerina-2025-35-1024x577.jpg 1024w, https:\/\/euwps06.newsmemory.com\/chiesedisicilia\/news\/wp-content\/uploads\/sites\/2\/2025\/05\/Caritas-a-Piazza-Armerina-2025-35-768x432.jpg 768w, https:\/\/euwps06.newsmemory.com\/chiesedisicilia\/news\/wp-content\/uploads\/sites\/2\/2025\/05\/Caritas-a-Piazza-Armerina-2025-35-1536x865.jpg 1536w, https:\/\/euwps06.newsmemory.com\/chiesedisicilia\/news\/wp-content\/uploads\/sites\/2\/2025\/05\/Caritas-a-Piazza-Armerina-2025-35-750x422.jpg 750w, https:\/\/euwps06.newsmemory.com\/chiesedisicilia\/news\/wp-content\/uploads\/sites\/2\/2025\/05\/Caritas-a-Piazza-Armerina-2025-35.jpg 1600w\" sizes=\" 300px\" style=\"max-width:1600px; max-height:min(901px,600px);\"\/><\/li><li class=\"li_34\" onclick=\"gallery_5015_1777110438489_expandedmy_action_on_click(34)\" ><img src=\"https:\/\/www.chiesedisicilia.org\/chiesedisicilia\/news\/wp-content\/uploads\/sites\/2\/2025\/05\/Caritas-a-Piazza-Armerina-2025-36-300x169.jpg\" srcset=\"https:\/\/euwps06.newsmemory.com\/chiesedisicilia\/news\/wp-content\/uploads\/sites\/2\/2025\/05\/Caritas-a-Piazza-Armerina-2025-36-300x169.jpg 300w, https:\/\/euwps06.newsmemory.com\/chiesedisicilia\/news\/wp-content\/uploads\/sites\/2\/2025\/05\/Caritas-a-Piazza-Armerina-2025-36-1024x576.jpg 1024w, https:\/\/euwps06.newsmemory.com\/chiesedisicilia\/news\/wp-content\/uploads\/sites\/2\/2025\/05\/Caritas-a-Piazza-Armerina-2025-36-768x432.jpg 768w, https:\/\/euwps06.newsmemory.com\/chiesedisicilia\/news\/wp-content\/uploads\/sites\/2\/2025\/05\/Caritas-a-Piazza-Armerina-2025-36-1536x864.jpg 1536w, https:\/\/euwps06.newsmemory.com\/chiesedisicilia\/news\/wp-content\/uploads\/sites\/2\/2025\/05\/Caritas-a-Piazza-Armerina-2025-36-750x422.jpg 750w, https:\/\/euwps06.newsmemory.com\/chiesedisicilia\/news\/wp-content\/uploads\/sites\/2\/2025\/05\/Caritas-a-Piazza-Armerina-2025-36.jpg 1600w\" sizes=\" 300px\" style=\"max-width:1600px; max-height:min(900px,600px);\"\/><\/li><li class=\"li_35\" onclick=\"gallery_5015_1777110438489_expandedmy_action_on_click(35)\" ><img src=\"https:\/\/www.chiesedisicilia.org\/chiesedisicilia\/news\/wp-content\/uploads\/sites\/2\/2025\/05\/Caritas-a-Piazza-Armerina-2025-37-300x169.jpg\" srcset=\"https:\/\/euwps06.newsmemory.com\/chiesedisicilia\/news\/wp-content\/uploads\/sites\/2\/2025\/05\/Caritas-a-Piazza-Armerina-2025-37-300x169.jpg 300w, https:\/\/euwps06.newsmemory.com\/chiesedisicilia\/news\/wp-content\/uploads\/sites\/2\/2025\/05\/Caritas-a-Piazza-Armerina-2025-37-1024x576.jpg 1024w, https:\/\/euwps06.newsmemory.com\/chiesedisicilia\/news\/wp-content\/uploads\/sites\/2\/2025\/05\/Caritas-a-Piazza-Armerina-2025-37-768x432.jpg 768w, https:\/\/euwps06.newsmemory.com\/chiesedisicilia\/news\/wp-content\/uploads\/sites\/2\/2025\/05\/Caritas-a-Piazza-Armerina-2025-37-1536x864.jpg 1536w, https:\/\/euwps06.newsmemory.com\/chiesedisicilia\/news\/wp-content\/uploads\/sites\/2\/2025\/05\/Caritas-a-Piazza-Armerina-2025-37-750x422.jpg 750w, https:\/\/euwps06.newsmemory.com\/chiesedisicilia\/news\/wp-content\/uploads\/sites\/2\/2025\/05\/Caritas-a-Piazza-Armerina-2025-37.jpg 1600w\" sizes=\" 300px\" style=\"max-width:1600px; max-height:min(900px,600px);\"\/><\/li><li class=\"li_36\" onclick=\"gallery_5015_1777110438489_expandedmy_action_on_click(36)\" ><img src=\"https:\/\/www.chiesedisicilia.org\/chiesedisicilia\/news\/wp-content\/uploads\/sites\/2\/2025\/05\/Caritas-a-Piazza-Armerina-2025-38-300x169.jpg\" srcset=\"https:\/\/euwps06.newsmemory.com\/chiesedisicilia\/news\/wp-content\/uploads\/sites\/2\/2025\/05\/Caritas-a-Piazza-Armerina-2025-38-300x169.jpg 300w, https:\/\/euwps06.newsmemory.com\/chiesedisicilia\/news\/wp-content\/uploads\/sites\/2\/2025\/05\/Caritas-a-Piazza-Armerina-2025-38-1024x576.jpg 1024w, https:\/\/euwps06.newsmemory.com\/chiesedisicilia\/news\/wp-content\/uploads\/sites\/2\/2025\/05\/Caritas-a-Piazza-Armerina-2025-38-768x432.jpg 768w, https:\/\/euwps06.newsmemory.com\/chiesedisicilia\/news\/wp-content\/uploads\/sites\/2\/2025\/05\/Caritas-a-Piazza-Armerina-2025-38-1536x864.jpg 1536w, https:\/\/euwps06.newsmemory.com\/chiesedisicilia\/news\/wp-content\/uploads\/sites\/2\/2025\/05\/Caritas-a-Piazza-Armerina-2025-38-750x422.jpg 750w, https:\/\/euwps06.newsmemory.com\/chiesedisicilia\/news\/wp-content\/uploads\/sites\/2\/2025\/05\/Caritas-a-Piazza-Armerina-2025-38.jpg 1600w\" sizes=\" 300px\" style=\"max-width:1600px; max-height:min(900px,600px);\"\/><\/li><li class=\"li_37\" onclick=\"gallery_5015_1777110438489_expandedmy_action_on_click(37)\" ><img src=\"https:\/\/www.chiesedisicilia.org\/chiesedisicilia\/news\/wp-content\/uploads\/sites\/2\/2025\/05\/Caritas-a-Piazza-Armerina-2025-39-300x169.jpg\" srcset=\"https:\/\/euwps06.newsmemory.com\/chiesedisicilia\/news\/wp-content\/uploads\/sites\/2\/2025\/05\/Caritas-a-Piazza-Armerina-2025-39-300x169.jpg 300w, https:\/\/euwps06.newsmemory.com\/chiesedisicilia\/news\/wp-content\/uploads\/sites\/2\/2025\/05\/Caritas-a-Piazza-Armerina-2025-39-1024x577.jpg 1024w, https:\/\/euwps06.newsmemory.com\/chiesedisicilia\/news\/wp-content\/uploads\/sites\/2\/2025\/05\/Caritas-a-Piazza-Armerina-2025-39-768x432.jpg 768w, https:\/\/euwps06.newsmemory.com\/chiesedisicilia\/news\/wp-content\/uploads\/sites\/2\/2025\/05\/Caritas-a-Piazza-Armerina-2025-39-1536x865.jpg 1536w, https:\/\/euwps06.newsmemory.com\/chiesedisicilia\/news\/wp-content\/uploads\/sites\/2\/2025\/05\/Caritas-a-Piazza-Armerina-2025-39-750x422.jpg 750w, https:\/\/euwps06.newsmemory.com\/chiesedisicilia\/news\/wp-content\/uploads\/sites\/2\/2025\/05\/Caritas-a-Piazza-Armerina-2025-39.jpg 1600w\" sizes=\" 300px\" style=\"max-width:1600px; max-height:min(901px,600px);\"\/><\/li><li class=\"li_38\" onclick=\"gallery_5015_1777110438489_expandedmy_action_on_click(38)\" ><img src=\"https:\/\/www.chiesedisicilia.org\/chiesedisicilia\/news\/wp-content\/uploads\/sites\/2\/2025\/05\/Caritas-a-Piazza-Armerina-2025-40-300x169.jpg\" srcset=\"https:\/\/euwps06.newsmemory.com\/chiesedisicilia\/news\/wp-content\/uploads\/sites\/2\/2025\/05\/Caritas-a-Piazza-Armerina-2025-40-300x169.jpg 300w, https:\/\/euwps06.newsmemory.com\/chiesedisicilia\/news\/wp-content\/uploads\/sites\/2\/2025\/05\/Caritas-a-Piazza-Armerina-2025-40-1024x576.jpg 1024w, https:\/\/euwps06.newsmemory.com\/chiesedisicilia\/news\/wp-content\/uploads\/sites\/2\/2025\/05\/Caritas-a-Piazza-Armerina-2025-40-768x432.jpg 768w, https:\/\/euwps06.newsmemory.com\/chiesedisicilia\/news\/wp-content\/uploads\/sites\/2\/2025\/05\/Caritas-a-Piazza-Armerina-2025-40-1536x864.jpg 1536w, https:\/\/euwps06.newsmemory.com\/chiesedisicilia\/news\/wp-content\/uploads\/sites\/2\/2025\/05\/Caritas-a-Piazza-Armerina-2025-40-750x422.jpg 750w, https:\/\/euwps06.newsmemory.com\/chiesedisicilia\/news\/wp-content\/uploads\/sites\/2\/2025\/05\/Caritas-a-Piazza-Armerina-2025-40.jpg 1600w\" sizes=\" 300px\" style=\"max-width:1600px; max-height:min(900px,600px);\"\/><\/li><li class=\"li_39\" onclick=\"gallery_5015_1777110438489_expandedmy_action_on_click(39)\" ><img src=\"https:\/\/www.chiesedisicilia.org\/chiesedisicilia\/news\/wp-content\/uploads\/sites\/2\/2025\/05\/Caritas-a-Piazza-Armerina-2025-41-300x169.jpg\" srcset=\"https:\/\/euwps06.newsmemory.com\/chiesedisicilia\/news\/wp-content\/uploads\/sites\/2\/2025\/05\/Caritas-a-Piazza-Armerina-2025-41-300x169.jpg 300w, https:\/\/euwps06.newsmemory.com\/chiesedisicilia\/news\/wp-content\/uploads\/sites\/2\/2025\/05\/Caritas-a-Piazza-Armerina-2025-41-1024x576.jpg 1024w, https:\/\/euwps06.newsmemory.com\/chiesedisicilia\/news\/wp-content\/uploads\/sites\/2\/2025\/05\/Caritas-a-Piazza-Armerina-2025-41-768x432.jpg 768w, https:\/\/euwps06.newsmemory.com\/chiesedisicilia\/news\/wp-content\/uploads\/sites\/2\/2025\/05\/Caritas-a-Piazza-Armerina-2025-41-1536x864.jpg 1536w, https:\/\/euwps06.newsmemory.com\/chiesedisicilia\/news\/wp-content\/uploads\/sites\/2\/2025\/05\/Caritas-a-Piazza-Armerina-2025-41-750x422.jpg 750w, https:\/\/euwps06.newsmemory.com\/chiesedisicilia\/news\/wp-content\/uploads\/sites\/2\/2025\/05\/Caritas-a-Piazza-Armerina-2025-41.jpg 1600w\" sizes=\" 300px\" style=\"max-width:1600px; max-height:min(900px,600px);\"\/><\/li><li class=\"li_40\" onclick=\"gallery_5015_1777110438489_expandedmy_action_on_click(40)\" ><img src=\"https:\/\/www.chiesedisicilia.org\/chiesedisicilia\/news\/wp-content\/uploads\/sites\/2\/2025\/05\/Caritas-a-Piazza-Armerina-2025-42-300x169.jpg\" srcset=\"https:\/\/euwps06.newsmemory.com\/chiesedisicilia\/news\/wp-content\/uploads\/sites\/2\/2025\/05\/Caritas-a-Piazza-Armerina-2025-42-300x169.jpg 300w, https:\/\/euwps06.newsmemory.com\/chiesedisicilia\/news\/wp-content\/uploads\/sites\/2\/2025\/05\/Caritas-a-Piazza-Armerina-2025-42-1024x576.jpg 1024w, https:\/\/euwps06.newsmemory.com\/chiesedisicilia\/news\/wp-content\/uploads\/sites\/2\/2025\/05\/Caritas-a-Piazza-Armerina-2025-42-768x432.jpg 768w, https:\/\/euwps06.newsmemory.com\/chiesedisicilia\/news\/wp-content\/uploads\/sites\/2\/2025\/05\/Caritas-a-Piazza-Armerina-2025-42-1536x864.jpg 1536w, https:\/\/euwps06.newsmemory.com\/chiesedisicilia\/news\/wp-content\/uploads\/sites\/2\/2025\/05\/Caritas-a-Piazza-Armerina-2025-42-750x422.jpg 750w, https:\/\/euwps06.newsmemory.com\/chiesedisicilia\/news\/wp-content\/uploads\/sites\/2\/2025\/05\/Caritas-a-Piazza-Armerina-2025-42.jpg 1600w\" sizes=\" 300px\" style=\"max-width:1600px; max-height:min(900px,600px);\"\/><\/li><li class=\"li_41\" onclick=\"gallery_5015_1777110438489_expandedmy_action_on_click(41)\" ><img src=\"https:\/\/www.chiesedisicilia.org\/chiesedisicilia\/news\/wp-content\/uploads\/sites\/2\/2025\/05\/Caritas-a-Piazza-Armerina-2025-43-300x225.jpg\" srcset=\"https:\/\/euwps06.newsmemory.com\/chiesedisicilia\/news\/wp-content\/uploads\/sites\/2\/2025\/05\/Caritas-a-Piazza-Armerina-2025-43-300x225.jpg 300w, https:\/\/euwps06.newsmemory.com\/chiesedisicilia\/news\/wp-content\/uploads\/sites\/2\/2025\/05\/Caritas-a-Piazza-Armerina-2025-43-1024x768.jpg 1024w, https:\/\/euwps06.newsmemory.com\/chiesedisicilia\/news\/wp-content\/uploads\/sites\/2\/2025\/05\/Caritas-a-Piazza-Armerina-2025-43-768x576.jpg 768w, https:\/\/euwps06.newsmemory.com\/chiesedisicilia\/news\/wp-content\/uploads\/sites\/2\/2025\/05\/Caritas-a-Piazza-Armerina-2025-43-1536x1153.jpg 1536w, https:\/\/euwps06.newsmemory.com\/chiesedisicilia\/news\/wp-content\/uploads\/sites\/2\/2025\/05\/Caritas-a-Piazza-Armerina-2025-43-750x563.jpg 750w, https:\/\/euwps06.newsmemory.com\/chiesedisicilia\/news\/wp-content\/uploads\/sites\/2\/2025\/05\/Caritas-a-Piazza-Armerina-2025-43.jpg 1599w\" sizes=\" 300px\" style=\"max-width:1599px; max-height:min(1200px,600px);\"\/><\/li><li class=\"li_42\" onclick=\"gallery_5015_1777110438489_expandedmy_action_on_click(42)\" ><img src=\"https:\/\/www.chiesedisicilia.org\/chiesedisicilia\/news\/wp-content\/uploads\/sites\/2\/2025\/05\/Caritas-a-Piazza-Armerina-2025-44-300x169.jpg\" srcset=\"https:\/\/euwps06.newsmemory.com\/chiesedisicilia\/news\/wp-content\/uploads\/sites\/2\/2025\/05\/Caritas-a-Piazza-Armerina-2025-44-300x169.jpg 300w, https:\/\/euwps06.newsmemory.com\/chiesedisicilia\/news\/wp-content\/uploads\/sites\/2\/2025\/05\/Caritas-a-Piazza-Armerina-2025-44-1024x576.jpg 1024w, https:\/\/euwps06.newsmemory.com\/chiesedisicilia\/news\/wp-content\/uploads\/sites\/2\/2025\/05\/Caritas-a-Piazza-Armerina-2025-44-768x432.jpg 768w, https:\/\/euwps06.newsmemory.com\/chiesedisicilia\/news\/wp-content\/uploads\/sites\/2\/2025\/05\/Caritas-a-Piazza-Armerina-2025-44-1536x864.jpg 1536w, https:\/\/euwps06.newsmemory.com\/chiesedisicilia\/news\/wp-content\/uploads\/sites\/2\/2025\/05\/Caritas-a-Piazza-Armerina-2025-44-750x422.jpg 750w, https:\/\/euwps06.newsmemory.com\/chiesedisicilia\/news\/wp-content\/uploads\/sites\/2\/2025\/05\/Caritas-a-Piazza-Armerina-2025-44.jpg 1600w\" sizes=\" 300px\" style=\"max-width:1600px; max-height:min(900px,600px);\"\/><\/li><li class=\"li_43\" onclick=\"gallery_5015_1777110438489_expandedmy_action_on_click(43)\" ><img src=\"https:\/\/www.chiesedisicilia.org\/chiesedisicilia\/news\/wp-content\/uploads\/sites\/2\/2025\/05\/Caritas-a-Piazza-Armerina-2025-45-300x169.jpg\" srcset=\"https:\/\/euwps06.newsmemory.com\/chiesedisicilia\/news\/wp-content\/uploads\/sites\/2\/2025\/05\/Caritas-a-Piazza-Armerina-2025-45-300x169.jpg 300w, https:\/\/euwps06.newsmemory.com\/chiesedisicilia\/news\/wp-content\/uploads\/sites\/2\/2025\/05\/Caritas-a-Piazza-Armerina-2025-45-1024x576.jpg 1024w, https:\/\/euwps06.newsmemory.com\/chiesedisicilia\/news\/wp-content\/uploads\/sites\/2\/2025\/05\/Caritas-a-Piazza-Armerina-2025-45-768x432.jpg 768w, https:\/\/euwps06.newsmemory.com\/chiesedisicilia\/news\/wp-content\/uploads\/sites\/2\/2025\/05\/Caritas-a-Piazza-Armerina-2025-45-1536x864.jpg 1536w, https:\/\/euwps06.newsmemory.com\/chiesedisicilia\/news\/wp-content\/uploads\/sites\/2\/2025\/05\/Caritas-a-Piazza-Armerina-2025-45-750x422.jpg 750w, https:\/\/euwps06.newsmemory.com\/chiesedisicilia\/news\/wp-content\/uploads\/sites\/2\/2025\/05\/Caritas-a-Piazza-Armerina-2025-45.jpg 1600w\" sizes=\" 300px\" style=\"max-width:1600px; max-height:min(900px,600px);\"\/><\/li><li class=\"li_44\" onclick=\"gallery_5015_1777110438489_expandedmy_action_on_click(44)\" ><img src=\"https:\/\/www.chiesedisicilia.org\/chiesedisicilia\/news\/wp-content\/uploads\/sites\/2\/2025\/05\/Caritas-a-Piazza-Armerina-2025-46-169x300.jpg\" srcset=\"https:\/\/euwps06.newsmemory.com\/chiesedisicilia\/news\/wp-content\/uploads\/sites\/2\/2025\/05\/Caritas-a-Piazza-Armerina-2025-46-169x300.jpg 169w, https:\/\/euwps06.newsmemory.com\/chiesedisicilia\/news\/wp-content\/uploads\/sites\/2\/2025\/05\/Caritas-a-Piazza-Armerina-2025-46-576x1024.jpg 576w, https:\/\/euwps06.newsmemory.com\/chiesedisicilia\/news\/wp-content\/uploads\/sites\/2\/2025\/05\/Caritas-a-Piazza-Armerina-2025-46-768x1365.jpg 768w, https:\/\/euwps06.newsmemory.com\/chiesedisicilia\/news\/wp-content\/uploads\/sites\/2\/2025\/05\/Caritas-a-Piazza-Armerina-2025-46-864x1536.jpg 864w, https:\/\/euwps06.newsmemory.com\/chiesedisicilia\/news\/wp-content\/uploads\/sites\/2\/2025\/05\/Caritas-a-Piazza-Armerina-2025-46-750x1333.jpg 750w, https:\/\/euwps06.newsmemory.com\/chiesedisicilia\/news\/wp-content\/uploads\/sites\/2\/2025\/05\/Caritas-a-Piazza-Armerina-2025-46.jpg 900w\" sizes=\" 300px\" style=\"max-width:900px; max-height:min(1600px,600px);\"\/><\/li><li class=\"li_45\" onclick=\"gallery_5015_1777110438489_expandedmy_action_on_click(45)\" ><img src=\"https:\/\/www.chiesedisicilia.org\/chiesedisicilia\/news\/wp-content\/uploads\/sites\/2\/2025\/05\/Caritas-a-Piazza-Armerina-2025-47-300x169.jpg\" srcset=\"https:\/\/euwps06.newsmemory.com\/chiesedisicilia\/news\/wp-content\/uploads\/sites\/2\/2025\/05\/Caritas-a-Piazza-Armerina-2025-47-300x169.jpg 300w, https:\/\/euwps06.newsmemory.com\/chiesedisicilia\/news\/wp-content\/uploads\/sites\/2\/2025\/05\/Caritas-a-Piazza-Armerina-2025-47-1024x577.jpg 1024w, https:\/\/euwps06.newsmemory.com\/chiesedisicilia\/news\/wp-content\/uploads\/sites\/2\/2025\/05\/Caritas-a-Piazza-Armerina-2025-47-768x432.jpg 768w, https:\/\/euwps06.newsmemory.com\/chiesedisicilia\/news\/wp-content\/uploads\/sites\/2\/2025\/05\/Caritas-a-Piazza-Armerina-2025-47-1536x865.jpg 1536w, https:\/\/euwps06.newsmemory.com\/chiesedisicilia\/news\/wp-content\/uploads\/sites\/2\/2025\/05\/Caritas-a-Piazza-Armerina-2025-47-750x422.jpg 750w, https:\/\/euwps06.newsmemory.com\/chiesedisicilia\/news\/wp-content\/uploads\/sites\/2\/2025\/05\/Caritas-a-Piazza-Armerina-2025-47.jpg 1600w\" sizes=\" 300px\" style=\"max-width:1600px; max-height:min(901px,600px);\"\/><\/li><li class=\"li_46\" onclick=\"gallery_5015_1777110438489_expandedmy_action_on_click(46)\" ><img src=\"https:\/\/www.chiesedisicilia.org\/chiesedisicilia\/news\/wp-content\/uploads\/sites\/2\/2025\/05\/Caritas-a-Piazza-Armerina-2025-48-300x169.jpg\" srcset=\"https:\/\/euwps06.newsmemory.com\/chiesedisicilia\/news\/wp-content\/uploads\/sites\/2\/2025\/05\/Caritas-a-Piazza-Armerina-2025-48-300x169.jpg 300w, https:\/\/euwps06.newsmemory.com\/chiesedisicilia\/news\/wp-content\/uploads\/sites\/2\/2025\/05\/Caritas-a-Piazza-Armerina-2025-48-1024x577.jpg 1024w, https:\/\/euwps06.newsmemory.com\/chiesedisicilia\/news\/wp-content\/uploads\/sites\/2\/2025\/05\/Caritas-a-Piazza-Armerina-2025-48-768x432.jpg 768w, https:\/\/euwps06.newsmemory.com\/chiesedisicilia\/news\/wp-content\/uploads\/sites\/2\/2025\/05\/Caritas-a-Piazza-Armerina-2025-48-1536x865.jpg 1536w, https:\/\/euwps06.newsmemory.com\/chiesedisicilia\/news\/wp-content\/uploads\/sites\/2\/2025\/05\/Caritas-a-Piazza-Armerina-2025-48-750x422.jpg 750w, https:\/\/euwps06.newsmemory.com\/chiesedisicilia\/news\/wp-content\/uploads\/sites\/2\/2025\/05\/Caritas-a-Piazza-Armerina-2025-48.jpg 1600w\" sizes=\" 300px\" style=\"max-width:1600px; max-height:min(901px,600px);\"\/><\/li><li class=\"li_47\" onclick=\"gallery_5015_1777110438489_expandedmy_action_on_click(47)\" ><img src=\"https:\/\/www.chiesedisicilia.org\/chiesedisicilia\/news\/wp-content\/uploads\/sites\/2\/2025\/05\/Caritas-a-Piazza-Armerina-2025-49-300x169.jpg\" srcset=\"https:\/\/euwps06.newsmemory.com\/chiesedisicilia\/news\/wp-content\/uploads\/sites\/2\/2025\/05\/Caritas-a-Piazza-Armerina-2025-49-300x169.jpg 300w, https:\/\/euwps06.newsmemory.com\/chiesedisicilia\/news\/wp-content\/uploads\/sites\/2\/2025\/05\/Caritas-a-Piazza-Armerina-2025-49-1024x576.jpg 1024w, https:\/\/euwps06.newsmemory.com\/chiesedisicilia\/news\/wp-content\/uploads\/sites\/2\/2025\/05\/Caritas-a-Piazza-Armerina-2025-49-768x432.jpg 768w, https:\/\/euwps06.newsmemory.com\/chiesedisicilia\/news\/wp-content\/uploads\/sites\/2\/2025\/05\/Caritas-a-Piazza-Armerina-2025-49-1536x864.jpg 1536w, https:\/\/euwps06.newsmemory.com\/chiesedisicilia\/news\/wp-content\/uploads\/sites\/2\/2025\/05\/Caritas-a-Piazza-Armerina-2025-49-750x422.jpg 750w, https:\/\/euwps06.newsmemory.com\/chiesedisicilia\/news\/wp-content\/uploads\/sites\/2\/2025\/05\/Caritas-a-Piazza-Armerina-2025-49.jpg 1600w\" sizes=\" 300px\" style=\"max-width:1600px; max-height:min(900px,600px);\"\/><\/li><li class=\"li_48\" onclick=\"gallery_5015_1777110438489_expandedmy_action_on_click(48)\" ><img src=\"https:\/\/www.chiesedisicilia.org\/chiesedisicilia\/news\/wp-content\/uploads\/sites\/2\/2025\/05\/Caritas-a-Piazza-Armerina-2025--300x169.jpg\" srcset=\"https:\/\/euwps06.newsmemory.com\/chiesedisicilia\/news\/wp-content\/uploads\/sites\/2\/2025\/05\/Caritas-a-Piazza-Armerina-2025--300x169.jpg 300w, https:\/\/euwps06.newsmemory.com\/chiesedisicilia\/news\/wp-content\/uploads\/sites\/2\/2025\/05\/Caritas-a-Piazza-Armerina-2025--1024x576.jpg 1024w, https:\/\/euwps06.newsmemory.com\/chiesedisicilia\/news\/wp-content\/uploads\/sites\/2\/2025\/05\/Caritas-a-Piazza-Armerina-2025--768x432.jpg 768w, https:\/\/euwps06.newsmemory.com\/chiesedisicilia\/news\/wp-content\/uploads\/sites\/2\/2025\/05\/Caritas-a-Piazza-Armerina-2025--1536x864.jpg 1536w, https:\/\/euwps06.newsmemory.com\/chiesedisicilia\/news\/wp-content\/uploads\/sites\/2\/2025\/05\/Caritas-a-Piazza-Armerina-2025--750x422.jpg 750w, https:\/\/euwps06.newsmemory.com\/chiesedisicilia\/news\/wp-content\/uploads\/sites\/2\/2025\/05\/Caritas-a-Piazza-Armerina-2025-.jpg 1600w\" sizes=\" 300px\" style=\"max-width:1600px; max-height:min(900px,600px);\"\/><\/li><li class=\"li_49\" onclick=\"gallery_5015_1777110438489_expandedmy_action_on_click(49)\" ><img src=\"https:\/\/www.chiesedisicilia.org\/chiesedisicilia\/news\/wp-content\/uploads\/sites\/2\/2025\/05\/Caritas-a-Piazza-Armerina-2025-50-1-300x169.jpg\" srcset=\"https:\/\/euwps06.newsmemory.com\/chiesedisicilia\/news\/wp-content\/uploads\/sites\/2\/2025\/05\/Caritas-a-Piazza-Armerina-2025-50-1-300x169.jpg 300w, https:\/\/euwps06.newsmemory.com\/chiesedisicilia\/news\/wp-content\/uploads\/sites\/2\/2025\/05\/Caritas-a-Piazza-Armerina-2025-50-1-1024x576.jpg 1024w, https:\/\/euwps06.newsmemory.com\/chiesedisicilia\/news\/wp-content\/uploads\/sites\/2\/2025\/05\/Caritas-a-Piazza-Armerina-2025-50-1-768x432.jpg 768w, https:\/\/euwps06.newsmemory.com\/chiesedisicilia\/news\/wp-content\/uploads\/sites\/2\/2025\/05\/Caritas-a-Piazza-Armerina-2025-50-1-1536x864.jpg 1536w, https:\/\/euwps06.newsmemory.com\/chiesedisicilia\/news\/wp-content\/uploads\/sites\/2\/2025\/05\/Caritas-a-Piazza-Armerina-2025-50-1-750x422.jpg 750w, https:\/\/euwps06.newsmemory.com\/chiesedisicilia\/news\/wp-content\/uploads\/sites\/2\/2025\/05\/Caritas-a-Piazza-Armerina-2025-50-1.jpg 1600w\" sizes=\" 300px\" style=\"max-width:1600px; max-height:min(900px,600px);\"\/><\/li><div id=\"gallery_5015_1777110438489_expandedclose_image\" style=\"\" onclick=\"gallery_5015_1777110438489_expandedclose_image()\">&#128940;<\/div><a id=\"gallery_5015_1777110438489_expandedprev\" class=\"prev\" onclick=\"gallery_5015_1777110438489_expandedplusSlides(-1,event)\">&#10094;<\/a><a id=\"gallery_5015_1777110438489_expandednext\" class=\"next\" onclick=\"gallery_5015_1777110438489_expandedplusSlides(1,event)\">&#10095;<\/a><div id=\"gallery_5015_1777110438489_expandeddots\" class=\"dots\" style=\"text-align:center\"><\/div><\/div><script script_tmpl='expanded' style='display:none'>\/\/COMPACT\r\nvar gallery_5015_1777110438489_expanded_click = 0;\r\n\r\nfunction gallery_5015_1777110438489_expandedmy_action_on_click(elem_number){\r\n  if (gallery_5015_1777110438489_expanded_click == 0){\r\n    mygallery= jQuery(\"#gallery_5015_1777110438489_expanded\")[0];\r\n\r\n    var screenWidth = $(window).width();\r\n    var _screen = 'desktop';\r\n    if (screenWidth < 768) { \r\n      _screen = 'phone_portrait'; \r\n    } else if (screenWidth >= 768 && screenWidth <= 1024) { \r\n      _screen = 'tablet_portrait'; \r\n    }\r\n\r\n    if (jQuery('#gallery_5015_1777110438489_expanded_ads_top').length > 0 && jQuery('#gallery_5015_1777110438489_expanded_ads_top').html().trim() == '') {\r\n      if (adOverlayTop !== null && adOverlayTop !== undefined && adOverlayTop !== '') {\r\n\r\n        jQuery('#gallery_5015_1777110438489_expanded_ads_top').append(adOverlayTop);\r\n\r\n        var adOverlayTopID = jQuery('#gallery_5015_1777110438489_expanded_ads_top').find('ins').data('wpas-zoneid');\r\n\r\n        if (adOverlayTopID !== null && adOverlayTopID !== undefined && adOverlayTopID !== '') {\r\n          gallery_5015_1777110438489_expandedget_adzone_object(adOverlayTopID, _screen, '#gallery_5015_1777110438489_expanded_ads_top');\r\n        }\r\n      }\r\n    }\r\n    if (jQuery('#gallery_5015_1777110438489_expanded_ads_bottom').length > 0 && jQuery('#gallery_5015_1777110438489_expanded_ads_bottom').html().trim() == '') {\r\n      if (adOverlayBottom !== null && adOverlayBottom !== undefined && adOverlayBottom !== '') {\r\n\r\n        jQuery('#gallery_5015_1777110438489_expanded_ads_bottom').append(adOverlayBottom);\r\n\r\n        var adOverlayBottomID = jQuery('#gallery_5015_1777110438489_expanded_ads_bottom').find('ins').data('wpas-zoneid');\r\n\r\n        if (adOverlayBottomID !== null && adOverlayBottomID !== undefined && adOverlayBottomID !== '') {\r\n          gallery_5015_1777110438489_expandedget_adzone_object(adOverlayBottomID, _screen, '#gallery_5015_1777110438489_expanded_ads_bottom');\r\n        }\r\n      }\r\n    }\r\n\r\n    clone = mygallery.cloneNode(true);\r\n    clone.id=\"gallery_5015_1777110438489_expanded_overlay\";\r\n    li_elem = clone.querySelectorAll(\"li\");\r\n    for (i=0;i<li_elem.length;i++){\r\n      li_elem[i].removeAttribute(\"onclick\");\r\n      li_elem[i].querySelector('img').setAttribute(\"sizes\",\"full\");\r\n    }\r\n    \r\n    clone.querySelector('div').setAttribute(\"onclick\",\"gallery_5015_1777110438489_expandedclose_image()\");\r\n    \r\n    mygallery.appendChild(clone);\r\n\r\n    if (jQuery('#gallery_5015_1777110438489_expanded_ads_top').length > 0){\r\n      let load_ads_top = new MutationObserver(mutationRecords => {\r\n        $('#gallery_5015_1777110438489_expanded_overlay #gallery_5015_1777110438489_expanded_ads_top img').css('width', $(\"#gallery_5015_1777110438489_expanded_overlay #gallery_5015_1777110438489_expanded_ads_top .wppaszone\").width());\r\n        $('#gallery_5015_1777110438489_expanded_overlay #gallery_5015_1777110438489_expanded_ads_top img').css('height', $(\"#gallery_5015_1777110438489_expanded_overlay #gallery_5015_1777110438489_expanded_ads_top .wppaszone\").height());\r\n        load_ads_top.disconnect();\r\n      });\r\n      var node = $(\"#gallery_5015_1777110438489_expanded_overlay #gallery_5015_1777110438489_expanded_ads_top ins\");\r\n      var config = {childList: true, subtree: true};\r\n      load_ads_top.observe(node[0], config);\r\n    }\r\n    if (jQuery('#gallery_5015_1777110438489_expanded_ads_bottom').length > 0){\r\n      let load_ads_bottom= new MutationObserver(mutationRecords => {\r\n        $('#gallery_5015_1777110438489_expanded_overlay #gallery_5015_1777110438489_expanded_ads_bottom img').css('width', $(\"#gallery_5015_1777110438489_expanded_overlay #gallery_5015_1777110438489_expanded_ads_bottom .wppaszone\").width());\r\n        $('#gallery_5015_1777110438489_expanded_overlay #gallery_5015_1777110438489_expanded_ads_bottom img').css('height', $(\"#gallery_5015_1777110438489_expanded_overlay #gallery_5015_1777110438489_expanded_ads_bottom .wppaszone\").height());\r\n        load_ads_bottom.disconnect();\r\n      });\r\n      var node = $(\"#gallery_5015_1777110438489_expanded_overlay #gallery_5015_1777110438489_expanded_ads_bottom ins\");\r\n      var config = {childList: true, subtree: true};\r\n      load_ads_bottom.observe(node[0], config);\r\n    }\r\n  } else {\r\n    jQuery(\"#gallery_5015_1777110438489_expanded_overlay\").show();\r\n  }\r\n\r\n  document.body.style.overflow = 'hidden';\r\n  gallery_5015_1777110438489_expandedinitialize_overlay();\r\n  gallery_5015_1777110438489_expandedshowSlides(elem_number);\r\n\r\n  gallery_5015_1777110438489_expanded_click++;\r\n}\r\n\r\nfunction gallery_5015_1777110438489_expandedclose_image(){\r\n  \/\/alert(\"alert\");\r\n  \/\/ jQuery(\"#gallery_5015_1777110438489_expanded #gallery_5015_1777110438489_expanded_overlay\").remove();\r\n  jQuery(\"#gallery_5015_1777110438489_expanded #gallery_5015_1777110438489_expanded_overlay\").hide();\r\n  document.body.style.overflow = 'visible';\r\n}\r\n\r\nfunction gallery_5015_1777110438489_expandedget_adzone_object(adzone_id, screen, place) {\r\n  jQuery.ajax({\r\n    type: \"GET\",\r\n    url: window.wppas_ajax_script,\r\n    data: {\r\n      action: \"pas_async_load_adzone\",\r\n      adzone_id,\r\n      screen,\r\n      is_popup: 0,\r\n      is_flyin: 0,\r\n      is_background: 0,\r\n      is_autoclose: 0,\r\n      is_corner_curl: 0,\r\n      is_custom_call: 1\r\n    }\r\n  }).success(function(obj) {\r\n    jQuery(place).find('ins').html(obj);\r\n    jQuery('#gallery_5015_1777110438489_expanded_overlay ' + place).find('ins').html(obj);\r\n  });\r\n}\r\n\r\nlet gallery_5015_1777110438489_expandedslideIndex = 0;\r\nvar gallery_5015_1777110438489_expandedCarouselAutorotateTimeout;\r\n\r\nfunction gallery_5015_1777110438489_expandedinitialize_overlay(){\r\n\r\n  jQuery(\"#gallery_5015_1777110438489_expanded #gallery_5015_1777110438489_expanded_overlay div\")[0].appendChild(jQuery(\"#gallery_5015_1777110438489_expanded #gallery_5015_1777110438489_expanded_overlay .prev\")[0]);\r\n  jQuery(\"#gallery_5015_1777110438489_expanded #gallery_5015_1777110438489_expanded_overlay div\")[0].appendChild(jQuery(\"#gallery_5015_1777110438489_expanded #gallery_5015_1777110438489_expanded_overlay .next\")[0]);\r\n  jQuery(\"#gallery_5015_1777110438489_expanded #gallery_5015_1777110438489_expanded_overlay div\")[0].appendChild(jQuery(\"#gallery_5015_1777110438489_expanded #gallery_5015_1777110438489_expanded_overlay .dots\")[0]);\r\n\r\n  jQuery(\"#gallery_5015_1777110438489_expanded #gallery_5015_1777110438489_expanded_overlay .prev\")[0].style.display = \"block\";  \r\n  jQuery(\"#gallery_5015_1777110438489_expanded #gallery_5015_1777110438489_expanded_overlay .next\")[0].style.display = \"block\";  \r\n  jQuery(\"#gallery_5015_1777110438489_expanded #gallery_5015_1777110438489_expanded_overlay .dots\")[0].style.display = \"block\";  \r\n  gallery_5015_1777110438489_expandedadd_dots();\r\n\r\n}\r\n\t\r\nfunction gallery_5015_1777110438489_expandedplusSlides(n,event) {\r\n  \/\/alert(\"plus\");\r\n  event.stopImmediatePropagation();\r\n\tgallery_5015_1777110438489_expandedfix_height();\r\n  gallery_5015_1777110438489_expandedshowSlides(gallery_5015_1777110438489_expandedslideIndex += n);\r\n}\r\n\r\nfunction gallery_5015_1777110438489_expandedcurrentSlide(n) {\r\n  event.stopPropagation();\r\n\tgallery_5015_1777110438489_expandedfix_height();\r\n  gallery_5015_1777110438489_expandedshowSlides(gallery_5015_1777110438489_expandedslideIndex = n);\r\n}\r\n\r\nfunction gallery_5015_1777110438489_expandedshowSlides(n) {\r\n  gallery_5015_1777110438489_expandedslideIndex=n;\r\n\r\n\tif(typeof(gallery_5015_1777110438489_expandedCarouselAutorotateTimeout) != 'undefined' && gallery_5015_1777110438489_expandedCarouselAutorotateTimeout != 'undefined' ){\r\n    clearTimeout(gallery_5015_1777110438489_expandedCarouselAutorotateTimeout);\r\n\t}\r\n\t\r\n  let i;\r\n  let slides = document.querySelectorAll(\"#gallery_5015_1777110438489_expanded #gallery_5015_1777110438489_expanded_overlay li\");\r\n\t\r\n  let dots = document.querySelectorAll(\"#gallery_5015_1777110438489_expanded #gallery_5015_1777110438489_expanded_overlay .dot\");\r\n  if (gallery_5015_1777110438489_expandedslideIndex >= slides.length) {\r\n    gallery_5015_1777110438489_expandedslideIndex = 0;\r\n      \r\n  }\r\n  if (n < 0) {gallery_5015_1777110438489_expandedslideIndex = slides.length-1}\r\n  for (i = 0; i < slides.length; i++) {\r\n    slides[i].style.cssText.replace('display:flex !important',\"\");\r\n    slides[i].style.cssText += 'display:none !important';\r\n    slides[i].classList.remove(\"active\");\r\n  }\r\n\t\r\n  for (i = 0; i < dots.length; i++) {\r\n    dots[i].classList.remove(\"active\");\r\n  }\r\n\t\r\n  \/\/slides[gallery_5015_1777110438489_expandedslideIndex-1].style.cssText = 'display:flex !important'\r\n  \/\/dots[gallery_5015_1777110438489_expandedslideIndex-1].className += \" active\";\r\n    slides[gallery_5015_1777110438489_expandedslideIndex].style.cssText += 'display:flex !important'\r\n    slides[gallery_5015_1777110438489_expandedslideIndex].classList.add(\"active\");\r\n    dots[gallery_5015_1777110438489_expandedslideIndex].classList.add(\"active\");\r\n\t\/\/gallery_5015_1777110438489_expandedCarouselAutorotateTimeout = setTimeout(plusSlides, 4000, 1); \r\n\tgallery_5015_1777110438489_expandedCarouselAutorotateTimeout ='undefined';\r\n}\r\n\r\n\/\/fix height\r\nfunction gallery_5015_1777110438489_expandedfix_height(){\r\n  elem = jQuery(\"#gallery_5015_1777110438489_expanded #gallery_5015_1777110438489_expanded_overlay li.active\")[0];\r\n  computed_height = elem.offsetHeight;\r\n  min_height = elem.style.minHeight;\r\n  if(min_height == \"\"){\r\n    min_height=\"0px\";\r\n  }\r\n  min_height=min_height.replace(\"px\",\"\");\r\n  if(computed_height > min_height){\r\n    myli = jQuery(\"#gallery_5015_1777110438489_expanded #gallery_5015_1777110438489_expanded_overlay li\");\r\n    for(i=0;i<myli.length;i++){\r\n      jQuery(\"#gallery_5015_1777110438489_expanded #gallery_5015_1777110438489_expanded_overlay li\")[i].style.minHeight=computed_height+\"px\";\r\n    }\r\n  }\r\n}\r\n\r\nfunction gallery_5015_1777110438489_expandedadd_dots(){\r\n\tlet articles = document.querySelectorAll(\"#gallery_5015_1777110438489_expanded #gallery_5015_1777110438489_expanded_overlay li\");\r\n\tmyHTML=\"\";\r\n\tfor(i=0;i<articles.length ;i++){\r\n\t\tmyHTML = myHTML +\t'<span class=\"dot\" onclick=\"gallery_5015_1777110438489_expandedcurrentSlide('+i+')\"><\/span>'; \r\n\t}\r\n\tjQuery(\"#gallery_5015_1777110438489_expanded #gallery_5015_1777110438489_expanded_overlay .dots\")[0].innerHTML=myHTML;\r\n}<\/script><\/div>\n","protected":false},"excerpt":{"rendered":"","protected":false},"author":4,"featured_media":24428,"comment_status":"closed","ping_status":"closed","sticky":false,"template":"","format":"standard","meta":[],"categories":[7],"tags":[],"news-destination":[],"news-source":[],"is_homepage":[931],"ta_other":[],"_links":{"self":[{"href":"https:\/\/www.chiesedisicilia.org\/chiesedisicilia\/news\/wp-json\/wp\/v2\/posts\/24429"}],"collection":[{"href":"https:\/\/www.chiesedisicilia.org\/chiesedisicilia\/news\/wp-json\/wp\/v2\/posts"}],"about":[{"href":"https:\/\/www.chiesedisicilia.org\/chiesedisicilia\/news\/wp-json\/wp\/v2\/types\/post"}],"author":[{"embeddable":true,"href":"https:\/\/www.chiesedisicilia.org\/chiesedisicilia\/news\/wp-json\/wp\/v2\/users\/4"}],"replies":[{"embeddable":true,"href":"https:\/\/www.chiesedisicilia.org\/chiesedisicilia\/news\/wp-json\/wp\/v2\/comments?post=24429"}],"version-history":[{"count":2,"href":"https:\/\/www.chiesedisicilia.org\/chiesedisicilia\/news\/wp-json\/wp\/v2\/posts\/24429\/revisions"}],"predecessor-version":[{"id":24489,"href":"https:\/\/www.chiesedisicilia.org\/chiesedisicilia\/news\/wp-json\/wp\/v2\/posts\/24429\/revisions\/24489"}],"wp:featuredmedia":[{"embeddable":true,"href":"https:\/\/www.chiesedisicilia.org\/chiesedisicilia\/news\/wp-json\/wp\/v2\/media\/24428"}],"wp:attachment":[{"href":"https:\/\/www.chiesedisicilia.org\/chiesedisicilia\/news\/wp-json\/wp\/v2\/media?parent=24429"}],"wp:term":[{"taxonomy":"category","embeddable":true,"href":"https:\/\/www.chiesedisicilia.org\/chiesedisicilia\/news\/wp-json\/wp\/v2\/categories?post=24429"},{"taxonomy":"post_tag","embeddable":true,"href":"https:\/\/www.chiesedisicilia.org\/chiesedisicilia\/news\/wp-json\/wp\/v2\/tags?post=24429"},{"taxonomy":"news-destination","embeddable":true,"href":"https:\/\/www.chiesedisicilia.org\/chiesedisicilia\/news\/wp-json\/wp\/v2\/news-destination?post=24429"},{"taxonomy":"news-source","embeddable":true,"href":"https:\/\/www.chiesedisicilia.org\/chiesedisicilia\/news\/wp-json\/wp\/v2\/news-source?post=24429"},{"taxonomy":"is_homepage","embeddable":true,"href":"https:\/\/www.chiesedisicilia.org\/chiesedisicilia\/news\/wp-json\/wp\/v2\/is_homepage?post=24429"},{"taxonomy":"ta_other","embeddable":true,"href":"https:\/\/www.chiesedisicilia.org\/chiesedisicilia\/news\/wp-json\/wp\/v2\/ta_other?post=24429"}],"curies":[{"name":"wp","href":"https:\/\/api.w.org\/{rel}","templated":true}]}}