{"id":24426,"date":"2025-05-13T21:18:00","date_gmt":"2025-05-13T19:18:00","guid":{"rendered":"http:\/\/euwps06.newsmemory.com\/chiesedisicilia\/news\/2025\/05\/13\/la-speranza-non-si-delude-convegno-regionale-delle-caritas-diocesane-di-sicilia\/"},"modified":"2025-05-19T14:11:29","modified_gmt":"2025-05-19T12:11:29","slug":"la-speranza-non-si-delude-convegno-regionale-delle-caritas-diocesane-di-sicilia","status":"publish","type":"post","link":"https:\/\/www.chiesedisicilia.org\/2025\/05\/13\/la-speranza-non-si-delude-convegno-regionale-delle-caritas-diocesane-di-sicilia\/","title":{"rendered":"&#8220;LA SPERANZA NON SI DELUDE&#8221;: CONVEGNO REGIONALE DELLE CARITAS DIOCESANE DI SICILIA"},"content":{"rendered":"<p>&#8220;La speranza non si delude&#8221; \u00e8 il titolo del convegno regionale delle Caritas diocesane che si terr\u00e0 a Piazza Armerina, al Teatro Garibaldi&#8221;, da gioved\u00ec 15 a sabato 17 maggio prossimi.<\/p>\n<p>I lavori avranno inizio alle ore 15.45 con i saluti di mons. Giovanni Accolla, arcivescovo di Messina e delegato della Conferenza episcopale siciliana per la Carit\u00e0, del vescovo della diocesi ospitante, mons. Rosario Gisana, e del direttore diocesano della Caritas, il diacono Mario Zuccarello.<\/p>\n<p style=\"text-align: center;\"><a href=\"https:\/\/www.chiesedisicilia.org\/chiesedisicilia\/news\/wp-content\/uploads\/sites\/2\/2025\/05\/CARITAS-CESI_2025-2.pdf\"><strong>Il programma del Convegno Caritas 2025<\/strong><\/a><\/p>\n<p>Dopo l&#8217;introduzione ai lavori sar\u00e0 di Domenico Leggio, delegato regionale di Caritas Sicilia, e di Valerio Landri, referente Area promozione Caritas, l&#8217;unica relazione prevista nel primo giorno, affidata a <strong>don Antonino Sapuppo<\/strong>, direttore dello Studio teologico San Paolo e direttore del Centro &#8220;Madre del Buon Pastore&#8221;, che interverr\u00e0 su <em>&#8220;La speranza tra fede e carit\u00e0&#8221;<\/em> e proporr\u00e0 <em>&#8220;Percorsi biblico sapienziali per una rinnovata proposta di alterit\u00e0&#8221;<\/em>.<\/p>\n<p>A seguire lo spettacolo organizzato da <strong>Young Caritas di Piazza Armerina con i detenuti<\/strong> del carcere di Enna sul tema della speranza, dal titolo <em>&#8220;Sogni appesi&#8221;<\/em>.<\/p>\n<p>A chiudere la prima giornata la messa che sar\u00e0 celebrata nella cattedrale e presieduta dal vescovo.<\/p>\n<p>Il secondo giorno si aprir\u00e0 con la sintesi dei lavori del giorno precedente e proseguir\u00e0 con un workshop a cura delle Young Caritas siciliane.<\/p>\n<p>Nel pomeriggio <strong>Diego Mesa, docente presso l&#8217;Universit\u00e0 cattolica del Sacro Cuore<\/strong>, interverr\u00e0 con una riflessione su <em>&#8220;La speranza del dialogo intergenerazionale nella societ\u00e0 delle singolarit\u00e0&#8221;<\/em>. A seguire il confronto in assemblea e poi i lavori in gruppo e workshop a cura del Gruppo regionale formatori. La messa sar\u00e0 celebrata a fine giornata nella chiesa San Pietro.<\/p>\n<p>Sabato 17, ultimo giorno di lavori, dopo la sintesi del giorno precedente una <strong>tavola rotonda con gli operatori Caritas<\/strong> sul tema della Speranza in relazione agli ambiti <em>Lavoro, Housing, Giustizia, Immigrazione<\/em>.<\/p>\n<p>Le comunicazioni finali e le conclusioni saranno\u00a0del delegato regionale\u00a0Domenico Leggio e del direttore Caritas di Piazza Armerina, diac. Mario Zuccarello.<\/p>\n","protected":false},"excerpt":{"rendered":"","protected":false},"author":4,"featured_media":24425,"comment_status":"closed","ping_status":"closed","sticky":false,"template":"","format":"standard","meta":[],"categories":[7],"tags":[],"news-destination":[],"news-source":[],"is_homepage":[],"ta_other":[],"_links":{"self":[{"href":"https:\/\/www.chiesedisicilia.org\/chiesedisicilia\/news\/wp-json\/wp\/v2\/posts\/24426"}],"collection":[{"href":"https:\/\/www.chiesedisicilia.org\/chiesedisicilia\/news\/wp-json\/wp\/v2\/posts"}],"about":[{"href":"https:\/\/www.chiesedisicilia.org\/chiesedisicilia\/news\/wp-json\/wp\/v2\/types\/post"}],"author":[{"embeddable":true,"href":"https:\/\/www.chiesedisicilia.org\/chiesedisicilia\/news\/wp-json\/wp\/v2\/users\/4"}],"replies":[{"embeddable":true,"href":"https:\/\/www.chiesedisicilia.org\/chiesedisicilia\/news\/wp-json\/wp\/v2\/comments?post=24426"}],"version-history":[{"count":1,"href":"https:\/\/www.chiesedisicilia.org\/chiesedisicilia\/news\/wp-json\/wp\/v2\/posts\/24426\/revisions"}],"predecessor-version":[{"id":24427,"href":"https:\/\/www.chiesedisicilia.org\/chiesedisicilia\/news\/wp-json\/wp\/v2\/posts\/24426\/revisions\/24427"}],"wp:featuredmedia":[{"embeddable":true,"href":"https:\/\/www.chiesedisicilia.org\/chiesedisicilia\/news\/wp-json\/wp\/v2\/media\/24425"}],"wp:attachment":[{"href":"https:\/\/www.chiesedisicilia.org\/chiesedisicilia\/news\/wp-json\/wp\/v2\/media?parent=24426"}],"wp:term":[{"taxonomy":"category","embeddable":true,"href":"https:\/\/www.chiesedisicilia.org\/chiesedisicilia\/news\/wp-json\/wp\/v2\/categories?post=24426"},{"taxonomy":"post_tag","embeddable":true,"href":"https:\/\/www.chiesedisicilia.org\/chiesedisicilia\/news\/wp-json\/wp\/v2\/tags?post=24426"},{"taxonomy":"news-destination","embeddable":true,"href":"https:\/\/www.chiesedisicilia.org\/chiesedisicilia\/news\/wp-json\/wp\/v2\/news-destination?post=24426"},{"taxonomy":"news-source","embeddable":true,"href":"https:\/\/www.chiesedisicilia.org\/chiesedisicilia\/news\/wp-json\/wp\/v2\/news-source?post=24426"},{"taxonomy":"is_homepage","embeddable":true,"href":"https:\/\/www.chiesedisicilia.org\/chiesedisicilia\/news\/wp-json\/wp\/v2\/is_homepage?post=24426"},{"taxonomy":"ta_other","embeddable":true,"href":"https:\/\/www.chiesedisicilia.org\/chiesedisicilia\/news\/wp-json\/wp\/v2\/ta_other?post=24426"}],"curies":[{"name":"wp","href":"https:\/\/api.w.org\/{rel}","templated":true}]}}