{"id":2427,"date":"2016-11-25T11:33:00","date_gmt":"2016-11-25T10:33:00","guid":{"rendered":"http:\/\/wptestsite.tecnavia.com\/chiesedisicilia_clientsite\/news\/2016\/11\/25\/mazara-del-vallo-la-band-revival-tra-le-finaliste-di-j-factor-italia\/"},"modified":"2018-11-12T07:56:23","modified_gmt":"2018-01-16T07:56:23","slug":"mazara-del-vallo-la-band-revival-tra-le-finaliste-di-j-factor-italia","status":"publish","type":"post","link":"https:\/\/www.chiesedisicilia.org\/2016\/11\/25\/mazara-del-vallo-la-band-revival-tra-le-finaliste-di-j-factor-italia\/","title":{"rendered":"MAZARA DEL VALLO. LA BAND \u201cREVIVAL\u201d TRA LE FINALISTE DI J FACTOR ITALIA"},"content":{"rendered":"<p class=\"MsoNoSpacing\"><span style=\"font-size: medium;\"><span style=\"font-family: \"Times New Roman\";\">Alla finale dell\u2019ottava edizione di\u00a0\u201c<\/span><\/span><span style=\"font-size:12.0pt;font-family:\"Times New Roman\",\"serif\"\"><a href=\"http:\/\/www.jfactoritalia.it\/home\"><span style=\"font-size: medium;\"><span style=\"font-family: \"Times New Roman\";\">J Factor Italia<\/span><\/span><\/a><span style=\"font-size: medium;\"><span style=\"font-family: \"Times New Roman\";\">\u201d, il concorso musicale dedicati agli artisti cristiani emergenti, in programma sabato 26 novembre 2016 a Milano, parteciper\u00e0 anche il gruppo Revival di Marsala.\u00a0Il concorso, diretto da Angelo Maugeri, ha visto quest\u2019anno ben\u00a0117 candidature per scegliere i dodici finalisti. La band marsalese\u00a0\u201c<\/span><\/span><a href=\"https:\/\/www.facebook.com\/groups\/158622737540667\/\"><span style=\"font-size: medium;\"><span style=\"font-family: \"Times New Roman\";\">Revival<\/span><\/span><\/a><span style=\"font-size: medium;\"><span style=\"font-family: \"Times New Roman\";\">\u201d\u00a0\u00e8 formata da Gabriele Genna, Rosario Saladino, Nicol\u00f2 Ferlito, Claudia Labidi, Delia Gerardi, Antonina Di Lisi, Vincenzo Tramati, Davide Genna, Vito Palmeri ed \u00e8 promossa\u00a0dal Servizio di pastorale giovanile, ora guidato da don Giuseppe Inglese. La caratteristica del loro repertorio \u00e8 la rivisitazione dei pi\u00f9 famosi brani della tradizione cattolica. Il loro genere spazia dal rock al funk, dal classico al popolare. Chi vincer\u00e0 il primo premio al concorso, si aggiudicher\u00e0 un contratto discografico per una produzione con AM Production.\u00a0A valutare gli artisti sar\u00e0 la giuria tecnica presieduta\u00a0dal critico musicale Paolo Jugovac e composta anche da Ismaele La Vardera, autore televisivo e volto delle Iene, da Daniel Adomako, vincitore di Italia\u2019s Got Talent, da Ana Gabriel, musicista, moglie del portiere del Milan e da Paky Arcella, imprenditore musicale e presentatore Rai. [01]<\/span><\/span><o:p><\/o:p><\/span><\/p>\n","protected":false},"excerpt":{"rendered":"","protected":false},"author":1,"featured_media":0,"comment_status":"open","ping_status":"open","sticky":false,"template":"","format":"standard","meta":[],"categories":[30],"tags":[],"news-destination":[],"news-source":[],"is_homepage":[],"ta_other":[],"_links":{"self":[{"href":"https:\/\/www.chiesedisicilia.org\/chiesedisicilia\/news\/wp-json\/wp\/v2\/posts\/2427"}],"collection":[{"href":"https:\/\/www.chiesedisicilia.org\/chiesedisicilia\/news\/wp-json\/wp\/v2\/posts"}],"about":[{"href":"https:\/\/www.chiesedisicilia.org\/chiesedisicilia\/news\/wp-json\/wp\/v2\/types\/post"}],"author":[{"embeddable":true,"href":"https:\/\/www.chiesedisicilia.org\/chiesedisicilia\/news\/wp-json\/wp\/v2\/users\/1"}],"replies":[{"embeddable":true,"href":"https:\/\/www.chiesedisicilia.org\/chiesedisicilia\/news\/wp-json\/wp\/v2\/comments?post=2427"}],"version-history":[{"count":1,"href":"https:\/\/www.chiesedisicilia.org\/chiesedisicilia\/news\/wp-json\/wp\/v2\/posts\/2427\/revisions"}],"predecessor-version":[{"id":20866,"href":"https:\/\/www.chiesedisicilia.org\/chiesedisicilia\/news\/wp-json\/wp\/v2\/posts\/2427\/revisions\/20866"}],"wp:attachment":[{"href":"https:\/\/www.chiesedisicilia.org\/chiesedisicilia\/news\/wp-json\/wp\/v2\/media?parent=2427"}],"wp:term":[{"taxonomy":"category","embeddable":true,"href":"https:\/\/www.chiesedisicilia.org\/chiesedisicilia\/news\/wp-json\/wp\/v2\/categories?post=2427"},{"taxonomy":"post_tag","embeddable":true,"href":"https:\/\/www.chiesedisicilia.org\/chiesedisicilia\/news\/wp-json\/wp\/v2\/tags?post=2427"},{"taxonomy":"news-destination","embeddable":true,"href":"https:\/\/www.chiesedisicilia.org\/chiesedisicilia\/news\/wp-json\/wp\/v2\/news-destination?post=2427"},{"taxonomy":"news-source","embeddable":true,"href":"https:\/\/www.chiesedisicilia.org\/chiesedisicilia\/news\/wp-json\/wp\/v2\/news-source?post=2427"},{"taxonomy":"is_homepage","embeddable":true,"href":"https:\/\/www.chiesedisicilia.org\/chiesedisicilia\/news\/wp-json\/wp\/v2\/is_homepage?post=2427"},{"taxonomy":"ta_other","embeddable":true,"href":"https:\/\/www.chiesedisicilia.org\/chiesedisicilia\/news\/wp-json\/wp\/v2\/ta_other?post=2427"}],"curies":[{"name":"wp","href":"https:\/\/api.w.org\/{rel}","templated":true}]}}