{"id":2414,"date":"2016-03-31T19:06:00","date_gmt":"2016-03-31T17:06:00","guid":{"rendered":"http:\/\/wptestsite.tecnavia.com\/chiesedisicilia_clientsite\/news\/2016\/03\/31\/mazara-del-vallo-sacra-historia-in-mostra\/"},"modified":"2018-11-12T07:56:23","modified_gmt":"2018-01-16T07:56:23","slug":"mazara-del-vallo-sacra-historia-in-mostra","status":"publish","type":"post","link":"https:\/\/www.chiesedisicilia.org\/2016\/03\/31\/mazara-del-vallo-sacra-historia-in-mostra\/","title":{"rendered":"MAZARA DEL VALLO.  &#8220;SACRA HISTORIA&#8221; IN MOSTRA"},"content":{"rendered":"<div><span style=\"font-size: medium;\"><span style=\"font-family: 'Times New Roman';\">\u00a0Ultima settimana di apertura della mostra \u201c<i>Sacra Historia<\/i>. Santi, martiri e patroni nella Diocesi di Mazara del Vallo\u201d, inaugurata il 19 dicembre al Museo diocesano con grande riscontro di pubblico e di estimatori. Ancora per pochi giorni sar\u00e0 possibile ammirare una serie di significative opere d\u2019arte legate al tema del rapporto tra arte, fede, storia del territorio e devozioni forti ai grandi Santi, patroni delle nostre citt\u00e0.<\/span><\/span><\/div>\n<div><span style=\"font-size: medium;\"><span style=\"font-family: 'Times New Roman';\">Tra le opere pi\u00f9 suggestive, tre raffinate tele raffiguranti il ciclo di Santa Caterina (secc. XVII \u2013 XVIII), oggetto di un recente restauro, ed una luminosa pittura con la Vergine, San Vito e altri Santi (sec. XVIII), generoso dono al Museo della famiglia Bonanno. <\/span><\/span><span style=\"font-size:12.0pt;font-family:\"Times New Roman\",\"serif\";\nmso-fareast-font-family:\"Times New Roman\"\"><o:p><\/o:p><\/span><\/div>\n<div><span style=\"font-size: medium;\"><span style=\"font-family: 'Times New Roman';\">Si segnalano anche eccezionali prestiti dal Museo \u201cConte Agostino Pepoli\u201d di Trapani: un prezioso presepe in corallo, madreperla e avorio, piccolo capolavoro di Andrea Tipa, ed un gruppo di pastori di Giovanni Matera.<\/span><\/span><span style=\"font-size:12.0pt;font-family:\"Times New Roman\",\"serif\";\nmso-fareast-font-family:\"Times New Roman\"\"><o:p><\/o:p><\/span><\/div>\n<div><span style=\"font-size: medium;\"><span style=\"font-family: 'Times New Roman';\">Altre straordinarie opere di scultura, pittura e oreficeria, gi\u00e0 nel percorso espositivo del Museo, sono state valorizzate con nuovi allestimenti e inediti accostamenti. Tra questi, emerge la deliziosa statuetta lignea di San Vito, dono di mons. Antonino Bellissima. \u201cLa mostra propone un percorso artistico e simbolico intenso e suggestivo, ricco di opere d\u2019arte del tutto inedite &#8211; dichiara il direttore del Museo diocesano, Francesca Paola Massara &#8211; per guidare alla riscoperta delle radici spirituali e culturali del nostro territorio attraverso la strada della bellezza, tema dell\u2019anno pastorale diocesano secondo le intenzioni del nostro Vescovo, Mons. Domenico Mogavero. Agiografia, devozione, storia dei Santi, si declinano attraverso manufatti eccezionali, la cui &#8216;mission&#8217; non si esaurisce nel valore storico e storico-artistico, ma \u00e8 soprattutto testimonianza della fede della nostra Chiesa\u201d. La mostra resta aperta fino al 9 aprile 2016, il marted\u00ec e il mercoled\u00ec, dalle ore 10.00 alle ore 12.30, dal venerd\u00ec al sabato, dalle ore 10.00 alle 12.30 e dalle ore 16.00 alle ore 18.00. [01]<\/span><\/span><span style=\"font-size:12.0pt;font-family:\"Times New Roman\",\"serif\";\nmso-fareast-font-family:\"Times New Roman\"\"><o:p><\/o:p><\/span><\/div>\n","protected":false},"excerpt":{"rendered":"","protected":false},"author":1,"featured_media":0,"comment_status":"open","ping_status":"open","sticky":false,"template":"","format":"standard","meta":[],"categories":[30],"tags":[],"news-destination":[],"news-source":[],"is_homepage":[],"ta_other":[],"_links":{"self":[{"href":"https:\/\/www.chiesedisicilia.org\/chiesedisicilia\/news\/wp-json\/wp\/v2\/posts\/2414"}],"collection":[{"href":"https:\/\/www.chiesedisicilia.org\/chiesedisicilia\/news\/wp-json\/wp\/v2\/posts"}],"about":[{"href":"https:\/\/www.chiesedisicilia.org\/chiesedisicilia\/news\/wp-json\/wp\/v2\/types\/post"}],"author":[{"embeddable":true,"href":"https:\/\/www.chiesedisicilia.org\/chiesedisicilia\/news\/wp-json\/wp\/v2\/users\/1"}],"replies":[{"embeddable":true,"href":"https:\/\/www.chiesedisicilia.org\/chiesedisicilia\/news\/wp-json\/wp\/v2\/comments?post=2414"}],"version-history":[{"count":1,"href":"https:\/\/www.chiesedisicilia.org\/chiesedisicilia\/news\/wp-json\/wp\/v2\/posts\/2414\/revisions"}],"predecessor-version":[{"id":20854,"href":"https:\/\/www.chiesedisicilia.org\/chiesedisicilia\/news\/wp-json\/wp\/v2\/posts\/2414\/revisions\/20854"}],"wp:attachment":[{"href":"https:\/\/www.chiesedisicilia.org\/chiesedisicilia\/news\/wp-json\/wp\/v2\/media?parent=2414"}],"wp:term":[{"taxonomy":"category","embeddable":true,"href":"https:\/\/www.chiesedisicilia.org\/chiesedisicilia\/news\/wp-json\/wp\/v2\/categories?post=2414"},{"taxonomy":"post_tag","embeddable":true,"href":"https:\/\/www.chiesedisicilia.org\/chiesedisicilia\/news\/wp-json\/wp\/v2\/tags?post=2414"},{"taxonomy":"news-destination","embeddable":true,"href":"https:\/\/www.chiesedisicilia.org\/chiesedisicilia\/news\/wp-json\/wp\/v2\/news-destination?post=2414"},{"taxonomy":"news-source","embeddable":true,"href":"https:\/\/www.chiesedisicilia.org\/chiesedisicilia\/news\/wp-json\/wp\/v2\/news-source?post=2414"},{"taxonomy":"is_homepage","embeddable":true,"href":"https:\/\/www.chiesedisicilia.org\/chiesedisicilia\/news\/wp-json\/wp\/v2\/is_homepage?post=2414"},{"taxonomy":"ta_other","embeddable":true,"href":"https:\/\/www.chiesedisicilia.org\/chiesedisicilia\/news\/wp-json\/wp\/v2\/ta_other?post=2414"}],"curies":[{"name":"wp","href":"https:\/\/api.w.org\/{rel}","templated":true}]}}