{"id":2408,"date":"2015-10-19T11:47:00","date_gmt":"2015-10-19T09:47:00","guid":{"rendered":"http:\/\/wptestsite.tecnavia.com\/chiesedisicilia_clientsite\/news\/2015\/10\/19\/mazara-del-vallo-la-visita-pastorale-inizia-con-la-messa-in-lis\/"},"modified":"2018-11-12T07:56:28","modified_gmt":"2018-01-16T07:56:28","slug":"mazara-del-vallo-la-visita-pastorale-inizia-con-la-messa-in-lis","status":"publish","type":"post","link":"https:\/\/www.chiesedisicilia.org\/2015\/10\/19\/mazara-del-vallo-la-visita-pastorale-inizia-con-la-messa-in-lis\/","title":{"rendered":"MAZARA DEL VALLO. LA VISITA PASTORALE INIZIA CON LA MESSA IN LIS"},"content":{"rendered":"<p class=\"MsoNoSpacing\"><span style=\"font-size: medium;\"><span style=\"font-family: 'Times New Roman';\"><span style=\"font-weight: normal;\">\u00c8 <\/span>sabato 17 ottobre<span style=\"font-weight: normal;\"> 2015<\/span>, alle ore 18.30<span style=\"font-weight: normal;\">,<\/span> nella cattedrale SS. Salvatore di Mazara del Vallo, <span style=\"font-weight: normal;\">che <\/span>la solenne celebrazione eucaristica presieduta dal vescovo<span style=\"font-weight: normal;\"> aprir\u00e0 <\/span>la visita pastorale che<span style=\"font-weight: normal;\"> avr\u00e0 inizio <\/span>domenica 18 ottobre da Poggioreale, nella Valle del Belice. Proprio l\u2019ultimo paese della <span style=\"font-weight: normal;\">D<\/span>iocesi, a confine con la provincia di Agrigento, \u00e8 stato scelto da mons<span style=\"font-weight: normal;\">.<\/span> Domenico Mogavero per iniziare la visita pastorale: per la prima volta in un\u2019iniziativa diocesana, la Messa sar\u00e0 interamente tradotta in <span style=\"font-weight: normal;\">l<\/span>is, la lingua dei segni, e i primi banchi saranno riservati alle persone sorde. A Poggioreale il vescovo &#8211; che si fermer\u00e0 tre giorni &#8211; arriver\u00e0 domenica. Alle 12 incontrer\u00e0 i componenti del Consiglio degli affari economici e del Consiglio pastorale parrocchiale. Alle 16 visiter\u00e0 il cimitero. A seguire l\u2019incontro con i comitati di S. Antonio e S. Giuseppe, i giovani e i componenti dell\u2019Azione Cattolica. Luned\u00ec la visita alla casa di accoglienza degli extracomunitari e l\u2019incontro con l\u2019amministrazione comunale e la Caritas parrocchiale. Marted\u00ec <span style=\"font-weight: normal;\">il vescovo <\/span>Mogavero visiter\u00e0 le scuole, a seguire l\u2019 incontro coi ministri straordinari della comunione e la visita ai malati. Alle 16 gli incontri personali e alle 18 la messa, alla quale seguir\u00e0 la piantumazione di un albero di ulivo in ricordo della visita. L\u2019ultima visita pastorale, a Mazara, risale a 44 anni fa.\u00a0<span style=\"font-weight: normal;\">[01]<\/span><\/span><\/span><strong><o:p><\/o:p><\/strong><\/p>\n","protected":false},"excerpt":{"rendered":"","protected":false},"author":1,"featured_media":0,"comment_status":"open","ping_status":"open","sticky":false,"template":"","format":"standard","meta":[],"categories":[30],"tags":[],"news-destination":[],"news-source":[],"is_homepage":[],"ta_other":[],"_links":{"self":[{"href":"https:\/\/www.chiesedisicilia.org\/chiesedisicilia\/news\/wp-json\/wp\/v2\/posts\/2408"}],"collection":[{"href":"https:\/\/www.chiesedisicilia.org\/chiesedisicilia\/news\/wp-json\/wp\/v2\/posts"}],"about":[{"href":"https:\/\/www.chiesedisicilia.org\/chiesedisicilia\/news\/wp-json\/wp\/v2\/types\/post"}],"author":[{"embeddable":true,"href":"https:\/\/www.chiesedisicilia.org\/chiesedisicilia\/news\/wp-json\/wp\/v2\/users\/1"}],"replies":[{"embeddable":true,"href":"https:\/\/www.chiesedisicilia.org\/chiesedisicilia\/news\/wp-json\/wp\/v2\/comments?post=2408"}],"version-history":[{"count":1,"href":"https:\/\/www.chiesedisicilia.org\/chiesedisicilia\/news\/wp-json\/wp\/v2\/posts\/2408\/revisions"}],"predecessor-version":[{"id":20915,"href":"https:\/\/www.chiesedisicilia.org\/chiesedisicilia\/news\/wp-json\/wp\/v2\/posts\/2408\/revisions\/20915"}],"wp:attachment":[{"href":"https:\/\/www.chiesedisicilia.org\/chiesedisicilia\/news\/wp-json\/wp\/v2\/media?parent=2408"}],"wp:term":[{"taxonomy":"category","embeddable":true,"href":"https:\/\/www.chiesedisicilia.org\/chiesedisicilia\/news\/wp-json\/wp\/v2\/categories?post=2408"},{"taxonomy":"post_tag","embeddable":true,"href":"https:\/\/www.chiesedisicilia.org\/chiesedisicilia\/news\/wp-json\/wp\/v2\/tags?post=2408"},{"taxonomy":"news-destination","embeddable":true,"href":"https:\/\/www.chiesedisicilia.org\/chiesedisicilia\/news\/wp-json\/wp\/v2\/news-destination?post=2408"},{"taxonomy":"news-source","embeddable":true,"href":"https:\/\/www.chiesedisicilia.org\/chiesedisicilia\/news\/wp-json\/wp\/v2\/news-source?post=2408"},{"taxonomy":"is_homepage","embeddable":true,"href":"https:\/\/www.chiesedisicilia.org\/chiesedisicilia\/news\/wp-json\/wp\/v2\/is_homepage?post=2408"},{"taxonomy":"ta_other","embeddable":true,"href":"https:\/\/www.chiesedisicilia.org\/chiesedisicilia\/news\/wp-json\/wp\/v2\/ta_other?post=2408"}],"curies":[{"name":"wp","href":"https:\/\/api.w.org\/{rel}","templated":true}]}}