{"id":2406,"date":"2015-09-17T14:43:00","date_gmt":"2015-09-17T12:43:00","guid":{"rendered":"http:\/\/wptestsite.tecnavia.com\/chiesedisicilia_clientsite\/news\/2015\/09\/17\/mazara-del-vallo-don-palermo-diventa-presbitero\/"},"modified":"2018-11-12T07:56:22","modified_gmt":"2018-01-16T07:56:22","slug":"mazara-del-vallo-don-palermo-diventa-presbitero","status":"publish","type":"post","link":"https:\/\/www.chiesedisicilia.org\/2015\/09\/17\/mazara-del-vallo-don-palermo-diventa-presbitero\/","title":{"rendered":"MAZARA DEL VALLO. DON PALERMO DIVENTA PRESBITERO"},"content":{"rendered":"<div><span style=\"font-size: medium;\"><span style=\"font-family: 'Times New Roman';\"><span style=\"letter-spacing: 0.2pt;\">Don Alessandro Palermo, 27 anni, proveniente dalla Chiesa madre di Salemi, sar\u00e0 ordinato presbitero sabato 19 settembre 2015, alle ore 19, nella Cattedrale di Mazara del Vallo, dal vescovo mons. Domenico Mogavero. Don Alessandro ha fatto il suo ingresso nel Seminario vescovile di Mazara del Vallo il 30 settembre 2007 e il 25 settembre 2013 ha conseguito il grado accademico del Baccalaureato in Sacra Teologia presso la Facolt\u00e0 Teologica di Sicilia. Nel 2014 \u00e8 stato ordinato diacono ed \u00e8 attualmente studente presso la Pontificia Universit\u00e0 Lateranense, per la Licenza in Teologia Pastorale della Comunicazione. \u201cLa mia vocazione si \u00e8 sviluppata lungo tutta l\u2019adolescenza e potrei definirla come una continua connessione e condivisione di esperienze, risorse, immagini, parole tra la mia vita cristiana e il progetto di Dio \u2013 scrive nella sua testimonianza pubblicata sul quindicinale diocesano <i>Condividere<\/i> -, innanzitutto il forte legame con l\u2019altare eucaristico: legame che \u00e8 sorto sin dall\u2019et\u00e0 di 12 anni quando cominciai il servizio di ministrante nella chiesa madre di Salemi\u201d.<\/span><\/span><\/span><span style=\"font-size:12.0pt;font-family:\"Times New Roman\",\"serif\";\nletter-spacing:.2pt;mso-bidi-font-weight:bold\"><o:p><\/o:p><\/span><\/div>\n<div><span style=\"font-size: medium;\"><span style=\"font-family: 'Times New Roman';\"><span style=\"letter-spacing: 0.2pt;\">Don Alessandro presieder\u00e0 la sua prima messa alle ore 11 di domenica 20 settembre, nella Chiesa madre di Salemi. [01]<\/span><\/span><\/span><span style=\"font-size:12.0pt;font-family:\"Times New Roman\",\"serif\";\nletter-spacing:.2pt;mso-bidi-font-weight:bold\"><o:p><\/o:p><\/span><\/div>\n","protected":false},"excerpt":{"rendered":"","protected":false},"author":1,"featured_media":0,"comment_status":"open","ping_status":"open","sticky":false,"template":"","format":"standard","meta":[],"categories":[30],"tags":[],"news-destination":[],"news-source":[],"is_homepage":[],"ta_other":[],"_links":{"self":[{"href":"https:\/\/www.chiesedisicilia.org\/chiesedisicilia\/news\/wp-json\/wp\/v2\/posts\/2406"}],"collection":[{"href":"https:\/\/www.chiesedisicilia.org\/chiesedisicilia\/news\/wp-json\/wp\/v2\/posts"}],"about":[{"href":"https:\/\/www.chiesedisicilia.org\/chiesedisicilia\/news\/wp-json\/wp\/v2\/types\/post"}],"author":[{"embeddable":true,"href":"https:\/\/www.chiesedisicilia.org\/chiesedisicilia\/news\/wp-json\/wp\/v2\/users\/1"}],"replies":[{"embeddable":true,"href":"https:\/\/www.chiesedisicilia.org\/chiesedisicilia\/news\/wp-json\/wp\/v2\/comments?post=2406"}],"version-history":[{"count":1,"href":"https:\/\/www.chiesedisicilia.org\/chiesedisicilia\/news\/wp-json\/wp\/v2\/posts\/2406\/revisions"}],"predecessor-version":[{"id":20850,"href":"https:\/\/www.chiesedisicilia.org\/chiesedisicilia\/news\/wp-json\/wp\/v2\/posts\/2406\/revisions\/20850"}],"wp:attachment":[{"href":"https:\/\/www.chiesedisicilia.org\/chiesedisicilia\/news\/wp-json\/wp\/v2\/media?parent=2406"}],"wp:term":[{"taxonomy":"category","embeddable":true,"href":"https:\/\/www.chiesedisicilia.org\/chiesedisicilia\/news\/wp-json\/wp\/v2\/categories?post=2406"},{"taxonomy":"post_tag","embeddable":true,"href":"https:\/\/www.chiesedisicilia.org\/chiesedisicilia\/news\/wp-json\/wp\/v2\/tags?post=2406"},{"taxonomy":"news-destination","embeddable":true,"href":"https:\/\/www.chiesedisicilia.org\/chiesedisicilia\/news\/wp-json\/wp\/v2\/news-destination?post=2406"},{"taxonomy":"news-source","embeddable":true,"href":"https:\/\/www.chiesedisicilia.org\/chiesedisicilia\/news\/wp-json\/wp\/v2\/news-source?post=2406"},{"taxonomy":"is_homepage","embeddable":true,"href":"https:\/\/www.chiesedisicilia.org\/chiesedisicilia\/news\/wp-json\/wp\/v2\/is_homepage?post=2406"},{"taxonomy":"ta_other","embeddable":true,"href":"https:\/\/www.chiesedisicilia.org\/chiesedisicilia\/news\/wp-json\/wp\/v2\/ta_other?post=2406"}],"curies":[{"name":"wp","href":"https:\/\/api.w.org\/{rel}","templated":true}]}}