{"id":2395,"date":"2015-05-20T12:13:00","date_gmt":"2015-05-20T10:13:00","guid":{"rendered":"http:\/\/wptestsite.tecnavia.com\/chiesedisicilia_clientsite\/news\/2015\/05\/20\/mazara-dela-vallo-studenti-di-turchia-spagna-italia-e-grecia-incontrano-il-vescovo\/"},"modified":"2018-11-12T07:56:27","modified_gmt":"2018-01-16T07:56:27","slug":"mazara-dela-vallo-studenti-di-turchia-spagna-italia-e-grecia-incontrano-il-vescovo","status":"publish","type":"post","link":"https:\/\/www.chiesedisicilia.org\/2015\/05\/20\/mazara-dela-vallo-studenti-di-turchia-spagna-italia-e-grecia-incontrano-il-vescovo\/","title":{"rendered":"MAZARA DELA VALLO. STUDENTI DI TURCHIA, SPAGNA, ITALIA E GRECIA INCONTRANO IL VESCOVO"},"content":{"rendered":"<p class=\"MsoNoSpacing\"><span style=\"font-size: medium;\"><span style=\"font-family: 'Times New Roman';\">Venti studenti di Universit\u00e0 della Grecia, Turchia, Spagna e Italia, che aderiscono al programma \u201cErasmus +\u201d &#8211; azione chiave 1 \u201cYouth Exchange\u201d, hanno incontrato il vescovo, mons. Domenico Mogavero, nella loro giornata di studio a Mazara del Vallo. Attualmente i venti studenti sono stanziali nel borgo di Erice, dove studiano strategie e dinamiche per favorire la pace, la cooperazione e il dialogo tra culture e religioni nelle diverse realt\u00e0 del <i>Mare nostrum<\/i>, valorizzando cos\u00ec la vocazione della Sicilia nel processo di integrazione e di solidariet\u00e0 tra i popoli. Nel fitto programma di studio \u00e8 stata anche inserita una giornata da trascorrere a Mazara del Vallo, citt\u00e0 della convivenza tra diverse etnie. Accolti in palazzo vescovile dal vescovo, gli studenti hanno incontrato le donne tunisine del progetto \u201cNuovi Italiani\u201d, promosso dalla Fondazione San Vito, che verr\u00e0 presentato il prossimo 4 luglio all\u2019<i>Exp\u00f2<\/i> di Milano; hanno poi fatto visita al Museo diocesano e, accompagnati sempre dal vescovo, hanno visitato la casba, il quartiere arabo della citt\u00e0, tutt\u2019oggi abitato da tunisini. &#8220;La diversit\u00e0 deve essere una risorsa e non un problema&#8221; ha detto alla conclusione della visita mons. Mogavero. [01]<\/span><\/span><span style=\"font-size:12.0pt;font-family:\"Times New Roman\",\"serif\"\"><o:p><\/o:p><\/span><\/p>\n","protected":false},"excerpt":{"rendered":"","protected":false},"author":1,"featured_media":0,"comment_status":"open","ping_status":"open","sticky":false,"template":"","format":"standard","meta":[],"categories":[30],"tags":[],"news-destination":[],"news-source":[],"is_homepage":[],"ta_other":[],"_links":{"self":[{"href":"https:\/\/www.chiesedisicilia.org\/chiesedisicilia\/news\/wp-json\/wp\/v2\/posts\/2395"}],"collection":[{"href":"https:\/\/www.chiesedisicilia.org\/chiesedisicilia\/news\/wp-json\/wp\/v2\/posts"}],"about":[{"href":"https:\/\/www.chiesedisicilia.org\/chiesedisicilia\/news\/wp-json\/wp\/v2\/types\/post"}],"author":[{"embeddable":true,"href":"https:\/\/www.chiesedisicilia.org\/chiesedisicilia\/news\/wp-json\/wp\/v2\/users\/1"}],"replies":[{"embeddable":true,"href":"https:\/\/www.chiesedisicilia.org\/chiesedisicilia\/news\/wp-json\/wp\/v2\/comments?post=2395"}],"version-history":[{"count":1,"href":"https:\/\/www.chiesedisicilia.org\/chiesedisicilia\/news\/wp-json\/wp\/v2\/posts\/2395\/revisions"}],"predecessor-version":[{"id":20898,"href":"https:\/\/www.chiesedisicilia.org\/chiesedisicilia\/news\/wp-json\/wp\/v2\/posts\/2395\/revisions\/20898"}],"wp:attachment":[{"href":"https:\/\/www.chiesedisicilia.org\/chiesedisicilia\/news\/wp-json\/wp\/v2\/media?parent=2395"}],"wp:term":[{"taxonomy":"category","embeddable":true,"href":"https:\/\/www.chiesedisicilia.org\/chiesedisicilia\/news\/wp-json\/wp\/v2\/categories?post=2395"},{"taxonomy":"post_tag","embeddable":true,"href":"https:\/\/www.chiesedisicilia.org\/chiesedisicilia\/news\/wp-json\/wp\/v2\/tags?post=2395"},{"taxonomy":"news-destination","embeddable":true,"href":"https:\/\/www.chiesedisicilia.org\/chiesedisicilia\/news\/wp-json\/wp\/v2\/news-destination?post=2395"},{"taxonomy":"news-source","embeddable":true,"href":"https:\/\/www.chiesedisicilia.org\/chiesedisicilia\/news\/wp-json\/wp\/v2\/news-source?post=2395"},{"taxonomy":"is_homepage","embeddable":true,"href":"https:\/\/www.chiesedisicilia.org\/chiesedisicilia\/news\/wp-json\/wp\/v2\/is_homepage?post=2395"},{"taxonomy":"ta_other","embeddable":true,"href":"https:\/\/www.chiesedisicilia.org\/chiesedisicilia\/news\/wp-json\/wp\/v2\/ta_other?post=2395"}],"curies":[{"name":"wp","href":"https:\/\/api.w.org\/{rel}","templated":true}]}}