{"id":2387,"date":"2015-03-19T15:59:00","date_gmt":"2015-03-19T14:59:00","guid":{"rendered":"http:\/\/wptestsite.tecnavia.com\/chiesedisicilia_clientsite\/news\/2015\/03\/19\/mazara-del-vallo-attentato-tunisi-la-solidarieta-del-vescovo\/"},"modified":"2018-11-12T07:56:22","modified_gmt":"2018-01-16T07:56:22","slug":"mazara-del-vallo-attentato-tunisi-la-solidarieta-del-vescovo","status":"publish","type":"post","link":"https:\/\/www.chiesedisicilia.org\/2015\/03\/19\/mazara-del-vallo-attentato-tunisi-la-solidarieta-del-vescovo\/","title":{"rendered":"MAZARA DEL VALLO. ATTENTATO TUNISI: LA SOLIDARIET\u00c0 DEL VESCOVO"},"content":{"rendered":"<div>\n<div><span style=\"font-size:12.0pt;font-family:\"Times New Roman\",\"serif\";\nmso-fareast-font-family:\"Times New Roman\"\"><span style=\"font-size: medium;\"><span style=\"font-family: 'Times New Roman';\">Il vescovo di Mazara del Vallo, monsignor Domenico Mogavero, nel giorno stesso in cui un attentato a Tunisi ha ucciso pi\u00f9 di venti persone e ne ha ferite una quarantina, ha sentito telefonicamente l\u2019arcivescovo di Tunisi, monsignor Ilario Antoniazzi. &#8220;A lui ho espresso la solidariet\u00e0 mia personale e quella di tutta la Chiesa che \u00e8 in Mazara del Vallo \u2013 ha detto Mogavero \u2013 ci auguriamo che l\u2019attentato di ieri si sia trattato di un fatto isolato. In ogni caso siamo sempre per la strategia del dialogo con tutti e a ogni costo; soltanto nel dialogo si riescono a instaurare relazioni rispettose delle diversit\u00e0 e del Credo che ognuno porta con s\u00e9 come scelta personale. L\u2019augurio \u00e8 quello che la Tunisia possa ritrovare serenit\u00e0 per continuare il percorso democratico gi\u00e0 avviato&#8221;.<\/span><\/span><o:p><\/o:p><\/span><\/div>\n<div><span style=\"font-size: medium;\"><span style=\"font-family: 'Times New Roman';\"><span style=\"color: rgb(17, 17, 17);\">Mercoled\u00ec 18 marzo 2015, uomini armati hanno fatto fuoco contro un pullman di turisti causando morti e feriti, poi si sono rinchiusi nel Bardo con un numero imprecisato di ostaggi, tra cui italiani sbarcati da una nave da crociera. Ventuno le vittime, tra le quali due degli attentatori. <\/span>[01]<\/span><\/span><span style=\"font-size:12.0pt;font-family:\"Times New Roman\",\"serif\";mso-fareast-font-family:\n\"Times New Roman\"\"><o:p><\/o:p><\/span><\/div>\n<\/div>\n","protected":false},"excerpt":{"rendered":"","protected":false},"author":1,"featured_media":0,"comment_status":"open","ping_status":"open","sticky":false,"template":"","format":"standard","meta":[],"categories":[30],"tags":[],"news-destination":[],"news-source":[],"is_homepage":[],"ta_other":[],"_links":{"self":[{"href":"https:\/\/www.chiesedisicilia.org\/chiesedisicilia\/news\/wp-json\/wp\/v2\/posts\/2387"}],"collection":[{"href":"https:\/\/www.chiesedisicilia.org\/chiesedisicilia\/news\/wp-json\/wp\/v2\/posts"}],"about":[{"href":"https:\/\/www.chiesedisicilia.org\/chiesedisicilia\/news\/wp-json\/wp\/v2\/types\/post"}],"author":[{"embeddable":true,"href":"https:\/\/www.chiesedisicilia.org\/chiesedisicilia\/news\/wp-json\/wp\/v2\/users\/1"}],"replies":[{"embeddable":true,"href":"https:\/\/www.chiesedisicilia.org\/chiesedisicilia\/news\/wp-json\/wp\/v2\/comments?post=2387"}],"version-history":[{"count":1,"href":"https:\/\/www.chiesedisicilia.org\/chiesedisicilia\/news\/wp-json\/wp\/v2\/posts\/2387\/revisions"}],"predecessor-version":[{"id":20843,"href":"https:\/\/www.chiesedisicilia.org\/chiesedisicilia\/news\/wp-json\/wp\/v2\/posts\/2387\/revisions\/20843"}],"wp:attachment":[{"href":"https:\/\/www.chiesedisicilia.org\/chiesedisicilia\/news\/wp-json\/wp\/v2\/media?parent=2387"}],"wp:term":[{"taxonomy":"category","embeddable":true,"href":"https:\/\/www.chiesedisicilia.org\/chiesedisicilia\/news\/wp-json\/wp\/v2\/categories?post=2387"},{"taxonomy":"post_tag","embeddable":true,"href":"https:\/\/www.chiesedisicilia.org\/chiesedisicilia\/news\/wp-json\/wp\/v2\/tags?post=2387"},{"taxonomy":"news-destination","embeddable":true,"href":"https:\/\/www.chiesedisicilia.org\/chiesedisicilia\/news\/wp-json\/wp\/v2\/news-destination?post=2387"},{"taxonomy":"news-source","embeddable":true,"href":"https:\/\/www.chiesedisicilia.org\/chiesedisicilia\/news\/wp-json\/wp\/v2\/news-source?post=2387"},{"taxonomy":"is_homepage","embeddable":true,"href":"https:\/\/www.chiesedisicilia.org\/chiesedisicilia\/news\/wp-json\/wp\/v2\/is_homepage?post=2387"},{"taxonomy":"ta_other","embeddable":true,"href":"https:\/\/www.chiesedisicilia.org\/chiesedisicilia\/news\/wp-json\/wp\/v2\/ta_other?post=2387"}],"curies":[{"name":"wp","href":"https:\/\/api.w.org\/{rel}","templated":true}]}}