{"id":2385,"date":"2015-03-09T21:25:00","date_gmt":"2015-03-09T20:25:00","guid":{"rendered":"http:\/\/wptestsite.tecnavia.com\/chiesedisicilia_clientsite\/news\/2015\/03\/09\/mazara-del-vallo-il-progetto-policoro-a-pantelleria-2\/"},"modified":"2018-11-12T07:56:22","modified_gmt":"2018-01-16T07:56:22","slug":"mazara-del-vallo-il-progetto-policoro-a-pantelleria-2","status":"publish","type":"post","link":"https:\/\/www.chiesedisicilia.org\/2015\/03\/09\/mazara-del-vallo-il-progetto-policoro-a-pantelleria-2\/","title":{"rendered":"MAZARA DEL VALLO. IL \u201cPROGETTO POLICORO\u201d A PANTELLERIA"},"content":{"rendered":"<p class=\"MsoNoSpacing\"><span style=\"font-size: medium;\"><span style=\"font-family: 'Times New Roman';\">Da\u00a0sabato 7\u00a0a mercoled\u00ec\u00a011 marzo 2015, l\u2019animatore del Progetto Policoro per la diocesi sar\u00e0 presente a Pantelleria. Sabato 7 incontrer\u00e0 i maturandi dell\u2019Istituto \u201cV. Almanza\u201d ai quali sar\u00e0 presentato il Progetto e proposto un seminario di orientamento al lavoro e alla cooperazione che si svolger\u00e0 presso i locali parrocchiali della chiesa madre, luned\u00ec 9 e marted\u00ec 10. Domenica 8, a fine celebrazioni eucaristiche in alcune chiese dell\u2019isola, sar\u00e0 promosso il Progetto e le attivit\u00e0 di consulenza gratuita all\u2019imprenditoria giovanile previste dallo stesso. Per chi volesse, \u00e8 prevista la possibilit\u00e0 di incontrare l\u2019animatore nei giorni di permanenza sull\u2019isola. [01]<\/span><\/span><span style=\"font-size:12.0pt;font-family:\"Times New Roman\",\"serif\"\">\u00a0<o:p><\/o:p><\/span><\/p>\n","protected":false},"excerpt":{"rendered":"","protected":false},"author":1,"featured_media":0,"comment_status":"open","ping_status":"open","sticky":false,"template":"","format":"standard","meta":[],"categories":[30],"tags":[],"news-destination":[],"news-source":[],"is_homepage":[],"ta_other":[],"_links":{"self":[{"href":"https:\/\/www.chiesedisicilia.org\/chiesedisicilia\/news\/wp-json\/wp\/v2\/posts\/2385"}],"collection":[{"href":"https:\/\/www.chiesedisicilia.org\/chiesedisicilia\/news\/wp-json\/wp\/v2\/posts"}],"about":[{"href":"https:\/\/www.chiesedisicilia.org\/chiesedisicilia\/news\/wp-json\/wp\/v2\/types\/post"}],"author":[{"embeddable":true,"href":"https:\/\/www.chiesedisicilia.org\/chiesedisicilia\/news\/wp-json\/wp\/v2\/users\/1"}],"replies":[{"embeddable":true,"href":"https:\/\/www.chiesedisicilia.org\/chiesedisicilia\/news\/wp-json\/wp\/v2\/comments?post=2385"}],"version-history":[{"count":1,"href":"https:\/\/www.chiesedisicilia.org\/chiesedisicilia\/news\/wp-json\/wp\/v2\/posts\/2385\/revisions"}],"predecessor-version":[{"id":20842,"href":"https:\/\/www.chiesedisicilia.org\/chiesedisicilia\/news\/wp-json\/wp\/v2\/posts\/2385\/revisions\/20842"}],"wp:attachment":[{"href":"https:\/\/www.chiesedisicilia.org\/chiesedisicilia\/news\/wp-json\/wp\/v2\/media?parent=2385"}],"wp:term":[{"taxonomy":"category","embeddable":true,"href":"https:\/\/www.chiesedisicilia.org\/chiesedisicilia\/news\/wp-json\/wp\/v2\/categories?post=2385"},{"taxonomy":"post_tag","embeddable":true,"href":"https:\/\/www.chiesedisicilia.org\/chiesedisicilia\/news\/wp-json\/wp\/v2\/tags?post=2385"},{"taxonomy":"news-destination","embeddable":true,"href":"https:\/\/www.chiesedisicilia.org\/chiesedisicilia\/news\/wp-json\/wp\/v2\/news-destination?post=2385"},{"taxonomy":"news-source","embeddable":true,"href":"https:\/\/www.chiesedisicilia.org\/chiesedisicilia\/news\/wp-json\/wp\/v2\/news-source?post=2385"},{"taxonomy":"is_homepage","embeddable":true,"href":"https:\/\/www.chiesedisicilia.org\/chiesedisicilia\/news\/wp-json\/wp\/v2\/is_homepage?post=2385"},{"taxonomy":"ta_other","embeddable":true,"href":"https:\/\/www.chiesedisicilia.org\/chiesedisicilia\/news\/wp-json\/wp\/v2\/ta_other?post=2385"}],"curies":[{"name":"wp","href":"https:\/\/api.w.org\/{rel}","templated":true}]}}