{"id":2344,"date":"2014-05-16T15:59:00","date_gmt":"2014-05-16T13:59:00","guid":{"rendered":"http:\/\/wptestsite.tecnavia.com\/chiesedisicilia_clientsite\/news\/2014\/05\/16\/mazara-del-vallo-immigrazione-basta-col-mercato-clandestino\/"},"modified":"2018-11-12T07:56:22","modified_gmt":"2018-01-16T07:56:22","slug":"mazara-del-vallo-immigrazione-basta-col-mercato-clandestino","status":"publish","type":"post","link":"https:\/\/www.chiesedisicilia.org\/2014\/05\/16\/mazara-del-vallo-immigrazione-basta-col-mercato-clandestino\/","title":{"rendered":"MAZARA DEL VALLO.  IMMIGRAZIONE: &#8220;BASTA COL MERCATO CLANDESTINO&#8221;"},"content":{"rendered":"<div><span style=\"font-size: medium;\"><span style=\"font-family: 'Times New Roman';\"><span class=\"MsoSubtleEmphasis\">&#8220;Per i trafficanti il mercato clandestino dei migranti \u00e9 una miniera d\u2019oro. Oggi piangiamo le vittime dell\u2019ennesimo dramma consumato nel mare Mediterraneo dove i primi numeri diffusi ci ricordano la tragedia dell\u2019ottobre del 2013&#8221;. Lo dice il Vescovo di Mazara del Vallo, monsignor Domenico Mogavero, dopo aver appreso i primi particolari del barcone affondato a sud di Lampedusa e del quale sono in corso le operazioni di salvataggio dei superstiti.<\/span><\/span><\/span><\/div>\n<div><span style=\"font-size: medium;\"><span style=\"font-family: 'Times New Roman';\"><span class=\"MsoSubtleEmphasis\">Monsignor Mogavero, delegato per le migrazioni della Conferenza Episcopale Siciliana &#8211; soltanto pochi giorni fa era intervenuto presso l\u2019Universit\u00e0 di Palermo, nell\u2019ambito del II ciclo di letture e riletture sulla Sicilia e sul Meridione promosso in occasione della presentazione del libro \u201cConfessioni di un trafficante di uomini\u201d di Andrea Di Nicola e Giampaolo Musumeci. Mogavero, proprio in quell\u2019ambito, alla presenza del Rettore dell\u2019Ateneo palermitano Roberto La Galla, ha suggerito una proposta: &#8220;Assistiamo impotenti agli sbarchi e alle tragedie, perch\u00e9, allora, non dare la possibilit\u00e0 ai migranti di pagarsi un biglietto di viaggio e consentire loro l\u2019ingresso nel nostro Paese tramite un sistema regolato con permessi temporanei?&#8221;. Mogavero ha ribadito, altres\u00ec, che &#8220;nel campo delle migrazioni non \u00e8 ammessa neutralit\u00e0. Dobbiamo tentare una lettura culturale del fenomeno, meno che mai una lettura politica. I flussi migratori? Sono movimenti di massa che non si riescono a fermare neanche con le leggi \u2013 ha detto ancora Mogavero \u2013 se qualcuno pensa che con l\u2019operazione costosa \u201cMare Nostrum\u201d riesce a frenare gli sbarchi sulle nostre coste, si \u00e8 fatto i conti sbagliati&#8221;. Mogavero, ha fatto, altres\u00ec, accenno ai tempi lunghissimi per il riconoscimento dello status ai richiedenti asilo: &#8220;Sono necessarie pi\u00f9 commissioni territoriali per i colloqui per ridurre le lunghe attese dei migranti. Cos\u00ec per come stanno le cose, se i migranti non vengono impegnati in attivit\u00e0 dei centri d\u2019accoglienza, li abituiamo all\u2019ozio&#8221;. [01]<br \/><\/span><\/span><\/span><span class=\"MsoSubtleEmphasis\"><span style=\"font-size: 12pt; font-family: 'Times New Roman', serif;\"> <!--[if !supportLineBreakNewLine]--><br \/> <!--[endif]--><\/span><\/span><\/div>\n","protected":false},"excerpt":{"rendered":"","protected":false},"author":1,"featured_media":0,"comment_status":"open","ping_status":"open","sticky":false,"template":"","format":"standard","meta":[],"categories":[30],"tags":[],"news-destination":[],"news-source":[],"is_homepage":[],"ta_other":[],"_links":{"self":[{"href":"https:\/\/www.chiesedisicilia.org\/chiesedisicilia\/news\/wp-json\/wp\/v2\/posts\/2344"}],"collection":[{"href":"https:\/\/www.chiesedisicilia.org\/chiesedisicilia\/news\/wp-json\/wp\/v2\/posts"}],"about":[{"href":"https:\/\/www.chiesedisicilia.org\/chiesedisicilia\/news\/wp-json\/wp\/v2\/types\/post"}],"author":[{"embeddable":true,"href":"https:\/\/www.chiesedisicilia.org\/chiesedisicilia\/news\/wp-json\/wp\/v2\/users\/1"}],"replies":[{"embeddable":true,"href":"https:\/\/www.chiesedisicilia.org\/chiesedisicilia\/news\/wp-json\/wp\/v2\/comments?post=2344"}],"version-history":[{"count":1,"href":"https:\/\/www.chiesedisicilia.org\/chiesedisicilia\/news\/wp-json\/wp\/v2\/posts\/2344\/revisions"}],"predecessor-version":[{"id":20827,"href":"https:\/\/www.chiesedisicilia.org\/chiesedisicilia\/news\/wp-json\/wp\/v2\/posts\/2344\/revisions\/20827"}],"wp:attachment":[{"href":"https:\/\/www.chiesedisicilia.org\/chiesedisicilia\/news\/wp-json\/wp\/v2\/media?parent=2344"}],"wp:term":[{"taxonomy":"category","embeddable":true,"href":"https:\/\/www.chiesedisicilia.org\/chiesedisicilia\/news\/wp-json\/wp\/v2\/categories?post=2344"},{"taxonomy":"post_tag","embeddable":true,"href":"https:\/\/www.chiesedisicilia.org\/chiesedisicilia\/news\/wp-json\/wp\/v2\/tags?post=2344"},{"taxonomy":"news-destination","embeddable":true,"href":"https:\/\/www.chiesedisicilia.org\/chiesedisicilia\/news\/wp-json\/wp\/v2\/news-destination?post=2344"},{"taxonomy":"news-source","embeddable":true,"href":"https:\/\/www.chiesedisicilia.org\/chiesedisicilia\/news\/wp-json\/wp\/v2\/news-source?post=2344"},{"taxonomy":"is_homepage","embeddable":true,"href":"https:\/\/www.chiesedisicilia.org\/chiesedisicilia\/news\/wp-json\/wp\/v2\/is_homepage?post=2344"},{"taxonomy":"ta_other","embeddable":true,"href":"https:\/\/www.chiesedisicilia.org\/chiesedisicilia\/news\/wp-json\/wp\/v2\/ta_other?post=2344"}],"curies":[{"name":"wp","href":"https:\/\/api.w.org\/{rel}","templated":true}]}}