{"id":2343,"date":"2014-05-16T15:34:00","date_gmt":"2014-05-16T13:34:00","guid":{"rendered":"http:\/\/wptestsite.tecnavia.com\/chiesedisicilia_clientsite\/news\/2014\/05\/16\/mazara-del-vallo-elezioni-10-proposte-ai-candidati-sindaco-2\/"},"modified":"2018-11-12T07:56:22","modified_gmt":"2018-01-16T07:56:22","slug":"mazara-del-vallo-elezioni-10-proposte-ai-candidati-sindaco-2","status":"publish","type":"post","link":"https:\/\/www.chiesedisicilia.org\/2014\/05\/16\/mazara-del-vallo-elezioni-10-proposte-ai-candidati-sindaco-2\/","title":{"rendered":"MAZARA DEL VALLO. ELEZIONI: 10 PROPOSTE AI CANDIDATI SINDACO"},"content":{"rendered":"<p class=\"MsoNoSpacing\"><span style=\"font-size: medium;\"><span style=\"font-family: 'Times New Roman';\"><span class=\"MsoSubtleEmphasis\">Proposte &#8211; dieci per l&#8217;esattezza &#8211; presentate ai candidati sindaco di Mazara del Vallo. Ad avanzarle \u00e8 il Consiglio pastorale foraniale di Mazara del Vallo che punta alla &#8220;crescita in socialit\u00e0 e legalit\u00e0&#8221; dell&#8217;intera comunit\u00e0. Un vero e proprio decalogo\u00a0 presentato ufficialmente a quanti hanno in cuore di guidare la citt\u00e0, mercoled\u00ec\u00a014 maggio, alle\u00a0ore 21, presso l&#8217;aula magna del Seminario vescovile di Mazara del Vallo. L&#8217;occasione \u00e8 stata data dall&#8217;incontro-dibattito con i candidati sindaco della citt\u00e0, promosso dallo stesso Consiglio pastorale foraniale di Mazara del Vallo.<\/span><\/span><\/span><span class=\"MsoSubtleEmphasis\"><span style=\"font-size: 12pt; font-family: 'Times New Roman', serif;\"><o:p><\/o:p><\/span><\/span><\/p>\n<p class=\"MsoNoSpacing\"><span style=\"font-size: medium;\"><span style=\"font-family: 'Times New Roman';\"><span class=\"MsoSubtleEmphasis\">Questi ha richiesto trasparenza e partecipazione, ma anche spazi per i giovani e cura dei bisognosi. Quest&#8217;ultimo punto, in concretezza, propone il sostegno al centro di prima accoglienza &#8220;La casa del gelsomino&#8221;, l&#8217;aiuto alle mense per i bisognosi e il ripristino dell\u2019Ufficio immigrati ed emigrati in seno al servizio di solidariet\u00e0 sociale.<\/span><\/span><\/span><span class=\"MsoSubtleEmphasis\"><span style=\"font-size: 12pt; font-family: 'Times New Roman', serif;\"><o:p><\/o:p><\/span><\/span><\/p>\n<p class=\"MsoNoSpacing\"><span style=\"font-size: medium;\"><span style=\"font-family: 'Times New Roman';\"><span class=\"MsoSubtleEmphasis\">Si richiede anche l&#8217;istituzione di un incontro &#8211; scambio annuale tra la comunit\u00e0 locale e le diverse presenze di comunit\u00e0 di immigrati presenti nel territorio, una giornata annuale interreligiosa di preghiera e di solidariet\u00e0 per le famiglie delle vittime di incidenti del mare e \u00a0la promozione di attivit\u00e0 socio &#8211; culturale e interculturale gi\u00e0 operanti nella citt\u00e0. <\/span><\/span><\/span><span class=\"MsoSubtleEmphasis\"><span style=\"font-size: 12pt; font-family: 'Times New Roman', serif;\"><o:p><\/o:p><\/span><\/span><\/p>\n<p class=\"MsoNoSpacing\"><span style=\"font-size: medium;\"><span style=\"font-family: 'Times New Roman';\"><span class=\"MsoSubtleEmphasis\">Tra le richieste maggiore efficacia e velocit\u00e0 nel destinare e utilizzare i beni confiscati alla mafia. [01]<\/span><\/span><\/span><span class=\"MsoSubtleEmphasis\"><span style=\"font-size: 12pt; font-family: 'Times New Roman', serif;\"><o:p><\/o:p><\/span><\/span><\/p>\n","protected":false},"excerpt":{"rendered":"","protected":false},"author":1,"featured_media":0,"comment_status":"open","ping_status":"open","sticky":false,"template":"","format":"standard","meta":[],"categories":[30],"tags":[],"news-destination":[],"news-source":[],"is_homepage":[],"ta_other":[],"_links":{"self":[{"href":"https:\/\/www.chiesedisicilia.org\/chiesedisicilia\/news\/wp-json\/wp\/v2\/posts\/2343"}],"collection":[{"href":"https:\/\/www.chiesedisicilia.org\/chiesedisicilia\/news\/wp-json\/wp\/v2\/posts"}],"about":[{"href":"https:\/\/www.chiesedisicilia.org\/chiesedisicilia\/news\/wp-json\/wp\/v2\/types\/post"}],"author":[{"embeddable":true,"href":"https:\/\/www.chiesedisicilia.org\/chiesedisicilia\/news\/wp-json\/wp\/v2\/users\/1"}],"replies":[{"embeddable":true,"href":"https:\/\/www.chiesedisicilia.org\/chiesedisicilia\/news\/wp-json\/wp\/v2\/comments?post=2343"}],"version-history":[{"count":1,"href":"https:\/\/www.chiesedisicilia.org\/chiesedisicilia\/news\/wp-json\/wp\/v2\/posts\/2343\/revisions"}],"predecessor-version":[{"id":20826,"href":"https:\/\/www.chiesedisicilia.org\/chiesedisicilia\/news\/wp-json\/wp\/v2\/posts\/2343\/revisions\/20826"}],"wp:attachment":[{"href":"https:\/\/www.chiesedisicilia.org\/chiesedisicilia\/news\/wp-json\/wp\/v2\/media?parent=2343"}],"wp:term":[{"taxonomy":"category","embeddable":true,"href":"https:\/\/www.chiesedisicilia.org\/chiesedisicilia\/news\/wp-json\/wp\/v2\/categories?post=2343"},{"taxonomy":"post_tag","embeddable":true,"href":"https:\/\/www.chiesedisicilia.org\/chiesedisicilia\/news\/wp-json\/wp\/v2\/tags?post=2343"},{"taxonomy":"news-destination","embeddable":true,"href":"https:\/\/www.chiesedisicilia.org\/chiesedisicilia\/news\/wp-json\/wp\/v2\/news-destination?post=2343"},{"taxonomy":"news-source","embeddable":true,"href":"https:\/\/www.chiesedisicilia.org\/chiesedisicilia\/news\/wp-json\/wp\/v2\/news-source?post=2343"},{"taxonomy":"is_homepage","embeddable":true,"href":"https:\/\/www.chiesedisicilia.org\/chiesedisicilia\/news\/wp-json\/wp\/v2\/is_homepage?post=2343"},{"taxonomy":"ta_other","embeddable":true,"href":"https:\/\/www.chiesedisicilia.org\/chiesedisicilia\/news\/wp-json\/wp\/v2\/ta_other?post=2343"}],"curies":[{"name":"wp","href":"https:\/\/api.w.org\/{rel}","templated":true}]}}