{"id":2342,"date":"2014-05-08T20:09:00","date_gmt":"2014-05-08T18:09:00","guid":{"rendered":"http:\/\/wptestsite.tecnavia.com\/chiesedisicilia_clientsite\/news\/2014\/05\/08\/mazara-del-vallo-850-ragazzi-per-una-giornata-in-memoria-di-don-pino-puglisi\/"},"modified":"2018-11-12T07:56:22","modified_gmt":"2018-01-16T07:56:22","slug":"mazara-del-vallo-850-ragazzi-per-una-giornata-in-memoria-di-don-pino-puglisi","status":"publish","type":"post","link":"https:\/\/www.chiesedisicilia.org\/2014\/05\/08\/mazara-del-vallo-850-ragazzi-per-una-giornata-in-memoria-di-don-pino-puglisi\/","title":{"rendered":"MAZARA DEL VALLO. 850 RAGAZZI PER UNA GIORNATA IN MEMORIA DI DON PINO PUGLISI"},"content":{"rendered":"<p class=\"MsoNoSpacing\"><span style=\"font-size: medium;\"><span style=\"font-family: 'Times New Roman';\">Ottocentocinquanta ragazzi sono stati i protagonisti dell\u2019edizione di quest\u2019anno di \u201cGiovaninfesta\u201d, l\u2019iniziativa annuale per i giovani organizzata dal Servizio diocesano di pastorale giovanile guidato da don Giacomo Putaggio, che quest\u2019anno si \u00e8 svolta nel piccolo centro di Vita. Quest\u2019anno, prendendo spunto dalla frase di don Pino Puglisi \u00abS\u00ec, ma verso dove?\u00bb, l\u2019edizione di \u201cGiovaninfesta\u201d \u00e8 stata dedicata proprio alla memoria del parroco ucciso a Brancaccio. Per i ragazzi sono state scelte tre testimonianze dirette sulla vita del Beato: tre persone che l\u2019hanno conosciuto e ne hanno condiviso il pensiero e il suo percorso. A raccontare don Pino Puglisi, tra aneddoti e impegno nel quartiere di Brancaccio, \u00e8 stato Gregorio Porcaro, docente di religione in una scuola superiore di Palermo e vicino a padre Puglisi nel corso della sua attivit\u00e0 come parroco nel quartiere palermitano sui temi della legalit\u00e0 e della lotta alla mafia. A raccontare don Puglisi sono stati anche Enza Maria Mortellaro e padre Carlo Aquino, autori di \u201cIl samurai di Dio\u201d: \u00abEra Il mio pi\u00f9 caro amico \u2013 ha detto la Mortellaro &#8211; Un amico dolce, che sapeva capirmi perch\u00e9 mi guardava con uno sguardo pieno di tenerezza, un amico che mi ha tirato su dalla fossa della disperazione, dell\u2019angoscia, del non senso della vita e delle cose. L\u2019ho conosciuto al Vittorio Emanuele; fu mio professore di religione, proprio durante gli anni in cui vivevo in maniera pi\u00f9 critica la mia crisi esistenziale dovuta anche ad un\u2019 impostazione errata della fede che mi presentava un Dio giudice dei quale bisognava aver paura perch\u00e9 aveva il potere dl mandarti all\u2019inferno. Poi, un giorno, questo \u201cprete\u201d propose alla classe di partecipare ad un campo estivo che aveva come tematica: \u201cChe senso ha la mia vita?\u201d proprio quello che io mi chiedevo. E cos\u00ec, poich\u00e9 mi ero gi\u00e0 date le mie risposte, mi sono detta: \u201cvediamo che ha da raccontarmi questo prete\u201d, e sono andata\u00bb. Nel pomeriggio, durante tutta la celebrazione eucaristica presieduta dal Vescovo, sono rimaste sull\u2019altare le reliquie del Beato, con un frammento di costola di don Puglisi. \u00abLui \u00e8 stato un uomo straordinariamente normale \u2013 ha detto il Vescovo monsignor Domenico Mogavero \u2013 il suo stile \u00e8 stato quello di un\u2019umanit\u00e0 vera\u00bb. Il Vescovo ha ripreso i temi di Papa Francesco sulla \u201crivoluzione della Misericordia\u201d e la \u201crivoluzione della tenerezza\u201d, e all\u2019assemblea ha chiesto: \u00abSappiamo farci compagni di viaggio con le persone che Ges\u00f9 ci ha messo a fianco?\u00bb. E ancora il Vescovo: \u00abDobbiamo essere capaci di essere uomini e donne con occhi che sanno vedere e un cuore che sappia amare e perdonare. Dobbiamo essere portatori dei valori di Ges\u00f9\u00bb.<\/span><\/span><span style=\"font-size:12.0pt;font-family:\"Times New Roman\",\"serif\";\nmso-bidi-font-weight:bold\"><o:p><\/o:p><\/span><\/p>\n<p class=\"MsoNoSpacing\"><span style=\"font-size: medium;\"><span style=\"font-family: 'Times New Roman';\">Come di consueto per ogni edizione di \u201cGiovaninfesta\u201d, al termine della celebrazione eucaristica, \u00e8 avvenuto il passaggio della croce tra i volontari della citt\u00e0 che ha ospitato l\u2019iniziativa e quelli del paese dove si svolger\u00e0 la prossima edizione. I giovani di Vita hanno consegnato la croce ai giovani di Campobello di Mazara, il paese che il prossimo anno ospiter\u00e0 \u201cGiovaninfesta\u201d. [01]<\/span><\/span><span style=\"font-size:12.0pt;\nfont-family:\"Times New Roman\",\"serif\"\"><o:p><\/o:p><\/span><\/p>\n","protected":false},"excerpt":{"rendered":"","protected":false},"author":1,"featured_media":0,"comment_status":"open","ping_status":"open","sticky":false,"template":"","format":"standard","meta":[],"categories":[30],"tags":[],"news-destination":[],"news-source":[],"is_homepage":[],"ta_other":[],"_links":{"self":[{"href":"https:\/\/www.chiesedisicilia.org\/chiesedisicilia\/news\/wp-json\/wp\/v2\/posts\/2342"}],"collection":[{"href":"https:\/\/www.chiesedisicilia.org\/chiesedisicilia\/news\/wp-json\/wp\/v2\/posts"}],"about":[{"href":"https:\/\/www.chiesedisicilia.org\/chiesedisicilia\/news\/wp-json\/wp\/v2\/types\/post"}],"author":[{"embeddable":true,"href":"https:\/\/www.chiesedisicilia.org\/chiesedisicilia\/news\/wp-json\/wp\/v2\/users\/1"}],"replies":[{"embeddable":true,"href":"https:\/\/www.chiesedisicilia.org\/chiesedisicilia\/news\/wp-json\/wp\/v2\/comments?post=2342"}],"version-history":[{"count":1,"href":"https:\/\/www.chiesedisicilia.org\/chiesedisicilia\/news\/wp-json\/wp\/v2\/posts\/2342\/revisions"}],"predecessor-version":[{"id":20825,"href":"https:\/\/www.chiesedisicilia.org\/chiesedisicilia\/news\/wp-json\/wp\/v2\/posts\/2342\/revisions\/20825"}],"wp:attachment":[{"href":"https:\/\/www.chiesedisicilia.org\/chiesedisicilia\/news\/wp-json\/wp\/v2\/media?parent=2342"}],"wp:term":[{"taxonomy":"category","embeddable":true,"href":"https:\/\/www.chiesedisicilia.org\/chiesedisicilia\/news\/wp-json\/wp\/v2\/categories?post=2342"},{"taxonomy":"post_tag","embeddable":true,"href":"https:\/\/www.chiesedisicilia.org\/chiesedisicilia\/news\/wp-json\/wp\/v2\/tags?post=2342"},{"taxonomy":"news-destination","embeddable":true,"href":"https:\/\/www.chiesedisicilia.org\/chiesedisicilia\/news\/wp-json\/wp\/v2\/news-destination?post=2342"},{"taxonomy":"news-source","embeddable":true,"href":"https:\/\/www.chiesedisicilia.org\/chiesedisicilia\/news\/wp-json\/wp\/v2\/news-source?post=2342"},{"taxonomy":"is_homepage","embeddable":true,"href":"https:\/\/www.chiesedisicilia.org\/chiesedisicilia\/news\/wp-json\/wp\/v2\/is_homepage?post=2342"},{"taxonomy":"ta_other","embeddable":true,"href":"https:\/\/www.chiesedisicilia.org\/chiesedisicilia\/news\/wp-json\/wp\/v2\/ta_other?post=2342"}],"curies":[{"name":"wp","href":"https:\/\/api.w.org\/{rel}","templated":true}]}}