{"id":2331,"date":"2014-03-14T09:31:00","date_gmt":"2014-03-14T08:31:00","guid":{"rendered":"http:\/\/wptestsite.tecnavia.com\/chiesedisicilia_clientsite\/news\/2014\/03\/14\/mazara-del-vallo-dal-pane-quotidiano-alla-cena-per-i-poveri\/"},"modified":"2018-11-09T11:01:02","modified_gmt":"2018-01-13T11:01:02","slug":"mazara-del-vallo-dal-pane-quotidiano-alla-cena-per-i-poveri","status":"publish","type":"post","link":"https:\/\/www.chiesedisicilia.org\/2014\/03\/14\/mazara-del-vallo-dal-pane-quotidiano-alla-cena-per-i-poveri\/","title":{"rendered":"MAZARA DEL VALLO. DAL \u201cPANE QUOTIDIANO\u201d ALLA CENA PER I POVERI"},"content":{"rendered":"<div><span style=\"font-size: medium;\"><span style=\"font-family: 'Times New Roman';\"><span style=\"line-height: 115%;\">Sabato 15 marzo, alle ore 20, presso il Convento dei Cappuccini di Castelvetrano su iniziativa della Caritas diocesana, tutti i volontari di Castelvetrano coordinati dai sacerdoti della Forania e dalla cooperativa \u201cSenia Onlus\u201d offriranno una cena ai bisognosi. L\u2019iniziativa nasce da un&#8217;idea di don Alfredo Culoma, autore insieme ai volontari della sua comunit\u00e0 parrocchiale di San Bartolomeo di Castelvetrano dell\u2019operazione \u201cpane quotidiano\u201d. Infatti, tutte le mattine si donano oltre 50kg di pane ai bisognosi. La cena sar\u00e0 &#8220;portateco&#8221;, cio\u00e8 ogni animatore volontario porter\u00e0 una pietanza che condivideranno insieme a 50 pi\u00f9 sfortunati. Prima della cena, alle ore 18 sar\u00e0 celebrata la messa e, a seguire, la liturgia penitenziale. [01]<\/span><\/span><\/span><\/div>\n","protected":false},"excerpt":{"rendered":"","protected":false},"author":1,"featured_media":0,"comment_status":"open","ping_status":"open","sticky":false,"template":"","format":"standard","meta":[],"categories":[30],"tags":[],"news-destination":[],"news-source":[],"is_homepage":[],"ta_other":[],"_links":{"self":[{"href":"https:\/\/www.chiesedisicilia.org\/chiesedisicilia\/news\/wp-json\/wp\/v2\/posts\/2331"}],"collection":[{"href":"https:\/\/www.chiesedisicilia.org\/chiesedisicilia\/news\/wp-json\/wp\/v2\/posts"}],"about":[{"href":"https:\/\/www.chiesedisicilia.org\/chiesedisicilia\/news\/wp-json\/wp\/v2\/types\/post"}],"author":[{"embeddable":true,"href":"https:\/\/www.chiesedisicilia.org\/chiesedisicilia\/news\/wp-json\/wp\/v2\/users\/1"}],"replies":[{"embeddable":true,"href":"https:\/\/www.chiesedisicilia.org\/chiesedisicilia\/news\/wp-json\/wp\/v2\/comments?post=2331"}],"version-history":[{"count":1,"href":"https:\/\/www.chiesedisicilia.org\/chiesedisicilia\/news\/wp-json\/wp\/v2\/posts\/2331\/revisions"}],"predecessor-version":[{"id":20814,"href":"https:\/\/www.chiesedisicilia.org\/chiesedisicilia\/news\/wp-json\/wp\/v2\/posts\/2331\/revisions\/20814"}],"wp:attachment":[{"href":"https:\/\/www.chiesedisicilia.org\/chiesedisicilia\/news\/wp-json\/wp\/v2\/media?parent=2331"}],"wp:term":[{"taxonomy":"category","embeddable":true,"href":"https:\/\/www.chiesedisicilia.org\/chiesedisicilia\/news\/wp-json\/wp\/v2\/categories?post=2331"},{"taxonomy":"post_tag","embeddable":true,"href":"https:\/\/www.chiesedisicilia.org\/chiesedisicilia\/news\/wp-json\/wp\/v2\/tags?post=2331"},{"taxonomy":"news-destination","embeddable":true,"href":"https:\/\/www.chiesedisicilia.org\/chiesedisicilia\/news\/wp-json\/wp\/v2\/news-destination?post=2331"},{"taxonomy":"news-source","embeddable":true,"href":"https:\/\/www.chiesedisicilia.org\/chiesedisicilia\/news\/wp-json\/wp\/v2\/news-source?post=2331"},{"taxonomy":"is_homepage","embeddable":true,"href":"https:\/\/www.chiesedisicilia.org\/chiesedisicilia\/news\/wp-json\/wp\/v2\/is_homepage?post=2331"},{"taxonomy":"ta_other","embeddable":true,"href":"https:\/\/www.chiesedisicilia.org\/chiesedisicilia\/news\/wp-json\/wp\/v2\/ta_other?post=2331"}],"curies":[{"name":"wp","href":"https:\/\/api.w.org\/{rel}","templated":true}]}}