{"id":2315,"date":"2014-01-23T16:42:00","date_gmt":"2014-01-23T15:42:00","guid":{"rendered":"http:\/\/wptestsite.tecnavia.com\/chiesedisicilia_clientsite\/news\/2014\/01\/23\/mazara-del-vallo-la-speranza-non-deve-essere-mai-abbandonata\/"},"modified":"2018-11-09T11:01:01","modified_gmt":"2018-01-13T11:01:01","slug":"mazara-del-vallo-la-speranza-non-deve-essere-mai-abbandonata","status":"publish","type":"post","link":"https:\/\/www.chiesedisicilia.org\/2014\/01\/23\/mazara-del-vallo-la-speranza-non-deve-essere-mai-abbandonata\/","title":{"rendered":"MAZARA DEL VALLO. \u201cLA SPERANZA NON DEVE ESSERE MAI ABBANDONATA\u201d"},"content":{"rendered":"<p class=\"MsoNormal\"><span style=\"font-size: medium;\"><span style=\"font-family: 'Times New Roman';\">C\u2019\u00e8 la storia di Pietra, 61 anni, da otto malata di Sla e la sua vita, giorno e notte, \u00e8 ancorata a un letto. Poi c\u2019\u00e8 Francesco, anche lui affetto di Sla che, prima di perdere la voce, disse: \u201cNon ci costringete a vivere, ma fateci vivere con dignit\u00e0\u201d. Francesco non c\u2019\u00e8 pi\u00f9 dal 2011. Ma c\u2019\u00e8 anche la testimonianza di Valentina Floresta, mamma di Sofia, una bimba che non riesce pi\u00f9 a sentire. \u00c8 un racconto per immagini che affronta d\u2019impatto la delicata tematica delle malattie neurodegenerative, degli stati vegetativi e della disabilit\u00e0 attraverso la storia di chi le vive e dei familiari che li assistono, quello che il catanese Orazio Di Mauro racconta nella mostra \u201cLa speranza non deve essere mai abbandonata\u201d che s\u2019inaugura domenica 26 gennaio, alle ore 17,30, presso la sala ottagonale della Cattedrale Ss. Salvatore a Mazara del Vallo, alla presenza del Vescovo e dell\u2019autore. Ad organizzarla \u00e8 la Diocesi di Mazara del Vallo, il Cemsi, Centro mediterraneo di studi interculturali, e l\u2019associazione \u201cHumanity Onlus\u201d, in occasione della 32\u00aa Giornata nazionale per la vita che si celebra il 2 febbraio prossimo. Il reportage \u00e8 stato realizzato in pi\u00f9 di tre anni in varie citt\u00e0 d\u2019Italia e \u201cnasce dall\u2019esigenza di condividere e raccontare una forte esperienza umana maturata attraverso il rapporto quotidiano con le famiglie dei disabili\u201d spiega Di Mauro. Il progetto, attraverso la sensibilit\u00e0 e l\u2019estremo realismo delle 40 immagini che saranno esposte, si propone di far conoscere da vicino una realt\u00e0 difficilmente comprensibile per chi non la vive in prima persona. \u201cSi propone, pertanto, di essere un importante evento culturale volto alla sensibilizzazione della societ\u00e0 e della opinione pubblica attraverso un racconto fotografico di particolare impatto emotivo\u201d spiega ancora Di Mauro. A conoscere il giovane fotografo e il suo impegno nel sociale \u00e8 stato personalmente il Vescovo. \u201cLe opere fotografiche realizzate da Orazio Di Mauro mostrano una umanit\u00e0 sconosciuta ai pi\u00f9, fatta di momenti di dolore, sconforto, difficolt\u00e0, ma anche di tenerezza, profondo amore e viva speranza, dice il Vescovo monsignor Domenico Mogavero. Le immagini stimolano la solidariet\u00e0 e fanno comprendere la necessit\u00e0 di instaurare con i soggetti affetti da gravi malattie relazioni che li aiutino ad integrarsi e a sentirsi integrati. La mostra vuole pertanto sensibilizzare il pubblico a non sottovalutare aspetti importanti nella vita di un disabile che possano rendere pi\u00f9 difficile la sua vita di relazioni\u201d.<\/span><\/span><span style=\"font-size:12.0pt\"><o:p><\/o:p><\/span><\/p>\n<p class=\"MsoNormal\"><span style=\"font-size: medium;\"><span style=\"font-family: 'Times New Roman';\">La mostra \u201cLa speranza non deve essere mai abbandonata\u201d ha ricevuto diversi riconoscimenti e premi. A Mazara del Vallo rimarr\u00e0 aperta tutti i giorni sino a domenica 9 febbraio, dal luned\u00ec al gioved\u00ec, dalle ore 18 alle 20, mentre venerd\u00ec, sabato e domenica, dalle ore 18 alla mezzanotte. Ingresso libero. [01]<\/span><\/span><span style=\"font-size:12.0pt\"><o:p><\/o:p><\/span><\/p>\n","protected":false},"excerpt":{"rendered":"","protected":false},"author":1,"featured_media":0,"comment_status":"open","ping_status":"open","sticky":false,"template":"","format":"standard","meta":[],"categories":[30],"tags":[],"news-destination":[],"news-source":[],"is_homepage":[],"ta_other":[],"_links":{"self":[{"href":"https:\/\/www.chiesedisicilia.org\/chiesedisicilia\/news\/wp-json\/wp\/v2\/posts\/2315"}],"collection":[{"href":"https:\/\/www.chiesedisicilia.org\/chiesedisicilia\/news\/wp-json\/wp\/v2\/posts"}],"about":[{"href":"https:\/\/www.chiesedisicilia.org\/chiesedisicilia\/news\/wp-json\/wp\/v2\/types\/post"}],"author":[{"embeddable":true,"href":"https:\/\/www.chiesedisicilia.org\/chiesedisicilia\/news\/wp-json\/wp\/v2\/users\/1"}],"replies":[{"embeddable":true,"href":"https:\/\/www.chiesedisicilia.org\/chiesedisicilia\/news\/wp-json\/wp\/v2\/comments?post=2315"}],"version-history":[{"count":1,"href":"https:\/\/www.chiesedisicilia.org\/chiesedisicilia\/news\/wp-json\/wp\/v2\/posts\/2315\/revisions"}],"predecessor-version":[{"id":20800,"href":"https:\/\/www.chiesedisicilia.org\/chiesedisicilia\/news\/wp-json\/wp\/v2\/posts\/2315\/revisions\/20800"}],"wp:attachment":[{"href":"https:\/\/www.chiesedisicilia.org\/chiesedisicilia\/news\/wp-json\/wp\/v2\/media?parent=2315"}],"wp:term":[{"taxonomy":"category","embeddable":true,"href":"https:\/\/www.chiesedisicilia.org\/chiesedisicilia\/news\/wp-json\/wp\/v2\/categories?post=2315"},{"taxonomy":"post_tag","embeddable":true,"href":"https:\/\/www.chiesedisicilia.org\/chiesedisicilia\/news\/wp-json\/wp\/v2\/tags?post=2315"},{"taxonomy":"news-destination","embeddable":true,"href":"https:\/\/www.chiesedisicilia.org\/chiesedisicilia\/news\/wp-json\/wp\/v2\/news-destination?post=2315"},{"taxonomy":"news-source","embeddable":true,"href":"https:\/\/www.chiesedisicilia.org\/chiesedisicilia\/news\/wp-json\/wp\/v2\/news-source?post=2315"},{"taxonomy":"is_homepage","embeddable":true,"href":"https:\/\/www.chiesedisicilia.org\/chiesedisicilia\/news\/wp-json\/wp\/v2\/is_homepage?post=2315"},{"taxonomy":"ta_other","embeddable":true,"href":"https:\/\/www.chiesedisicilia.org\/chiesedisicilia\/news\/wp-json\/wp\/v2\/ta_other?post=2315"}],"curies":[{"name":"wp","href":"https:\/\/api.w.org\/{rel}","templated":true}]}}