{"id":2299,"date":"2013-10-29T13:08:00","date_gmt":"2013-10-29T12:08:00","guid":{"rendered":"http:\/\/wptestsite.tecnavia.com\/chiesedisicilia_clientsite\/news\/2013\/10\/29\/mazara-del-vallo-tra-le-pagine-della-politica-libri-e-testimoni-per-responsabilizzarci\/"},"modified":"2018-11-09T11:01:01","modified_gmt":"2018-01-13T11:01:01","slug":"mazara-del-vallo-tra-le-pagine-della-politica-libri-e-testimoni-per-responsabilizzarci","status":"publish","type":"post","link":"https:\/\/www.chiesedisicilia.org\/2013\/10\/29\/mazara-del-vallo-tra-le-pagine-della-politica-libri-e-testimoni-per-responsabilizzarci\/","title":{"rendered":"MAZARA DEL VALLO. TRA LE PAGINE DELLA POLITICA. LIBRI E TESTIMONI PER RESPONSABILIZZARCI"},"content":{"rendered":"<div>\u00a0<\/div>\n<div>&#8220;Tra le pagine della politica. libri e testimoni per respoinsabilizzarci&#8221; \u00e8 il tema del primo incontro del Percorso socio-culturale che, organizzato dall&#8217;Ufficio diocesano per le Comunicazioni Sociali, \u00a0approfondir\u00e0 il tema della legalit\u00e0. \u00a0L&#8217;appuntamento \u00e8 previsto per giorno 9 Novembre alle ore 17.30. I locali quelli del Seminario Vescovile a partire dalle 17.30. Nell&#8217;occasione sar\u00e0 presentato il libro &#8220;Perch\u00e8 la legalit\u00e0? Le ragioni di una scelta&#8221; \u00a0del dott. Adriano Patti, Magistrato presso la Corte di Cassazione.\u00a0<\/div>\n<div><span style=\"font-family: Cambria, serif; text-align: right;\">\u00a0<\/span><\/div>\n<p class=\"MsoNormal\" style=\"margin-left:212.35pt;text-align:justify;text-indent:35.45pt\">\u00a0<\/p>\n<div>\u00a0<\/div>\n","protected":false},"excerpt":{"rendered":"","protected":false},"author":1,"featured_media":0,"comment_status":"open","ping_status":"open","sticky":false,"template":"","format":"standard","meta":[],"categories":[30],"tags":[],"news-destination":[],"news-source":[],"is_homepage":[],"ta_other":[],"_links":{"self":[{"href":"https:\/\/www.chiesedisicilia.org\/chiesedisicilia\/news\/wp-json\/wp\/v2\/posts\/2299"}],"collection":[{"href":"https:\/\/www.chiesedisicilia.org\/chiesedisicilia\/news\/wp-json\/wp\/v2\/posts"}],"about":[{"href":"https:\/\/www.chiesedisicilia.org\/chiesedisicilia\/news\/wp-json\/wp\/v2\/types\/post"}],"author":[{"embeddable":true,"href":"https:\/\/www.chiesedisicilia.org\/chiesedisicilia\/news\/wp-json\/wp\/v2\/users\/1"}],"replies":[{"embeddable":true,"href":"https:\/\/www.chiesedisicilia.org\/chiesedisicilia\/news\/wp-json\/wp\/v2\/comments?post=2299"}],"version-history":[{"count":1,"href":"https:\/\/www.chiesedisicilia.org\/chiesedisicilia\/news\/wp-json\/wp\/v2\/posts\/2299\/revisions"}],"predecessor-version":[{"id":20784,"href":"https:\/\/www.chiesedisicilia.org\/chiesedisicilia\/news\/wp-json\/wp\/v2\/posts\/2299\/revisions\/20784"}],"wp:attachment":[{"href":"https:\/\/www.chiesedisicilia.org\/chiesedisicilia\/news\/wp-json\/wp\/v2\/media?parent=2299"}],"wp:term":[{"taxonomy":"category","embeddable":true,"href":"https:\/\/www.chiesedisicilia.org\/chiesedisicilia\/news\/wp-json\/wp\/v2\/categories?post=2299"},{"taxonomy":"post_tag","embeddable":true,"href":"https:\/\/www.chiesedisicilia.org\/chiesedisicilia\/news\/wp-json\/wp\/v2\/tags?post=2299"},{"taxonomy":"news-destination","embeddable":true,"href":"https:\/\/www.chiesedisicilia.org\/chiesedisicilia\/news\/wp-json\/wp\/v2\/news-destination?post=2299"},{"taxonomy":"news-source","embeddable":true,"href":"https:\/\/www.chiesedisicilia.org\/chiesedisicilia\/news\/wp-json\/wp\/v2\/news-source?post=2299"},{"taxonomy":"is_homepage","embeddable":true,"href":"https:\/\/www.chiesedisicilia.org\/chiesedisicilia\/news\/wp-json\/wp\/v2\/is_homepage?post=2299"},{"taxonomy":"ta_other","embeddable":true,"href":"https:\/\/www.chiesedisicilia.org\/chiesedisicilia\/news\/wp-json\/wp\/v2\/ta_other?post=2299"}],"curies":[{"name":"wp","href":"https:\/\/api.w.org\/{rel}","templated":true}]}}