{"id":2292,"date":"2013-07-29T15:47:00","date_gmt":"2013-07-29T13:47:00","guid":{"rendered":"http:\/\/wptestsite.tecnavia.com\/chiesedisicilia_clientsite\/news\/2013\/07\/29\/mazara-del-vallo-vivi-la-vita-concluse-le-attivita-estive\/"},"modified":"2018-11-09T11:00:59","modified_gmt":"2018-01-13T11:00:59","slug":"mazara-del-vallo-vivi-la-vita-concluse-le-attivita-estive","status":"publish","type":"post","link":"https:\/\/www.chiesedisicilia.org\/2013\/07\/29\/mazara-del-vallo-vivi-la-vita-concluse-le-attivita-estive\/","title":{"rendered":"MAZARA DEL VALLO. \u201cVIVI LA VITA\u201d: CONCLUSE LE ATTIVIT\u00c0 ESTIVE"},"content":{"rendered":"<p class=\"MsoNormal\"><span style=\"font-size: medium;\"><span style=\"font-family: 'Times New Roman';\"><span times=\"\" new=\"\">Si sono concluse le attivit\u00e0 estive del centro anziani attivi \u201cVivi la Vita\u201d della Fondazione San Vito-Onlus di Mazara del Vallo. Oltre 80 anziani sono stati coinvolti in attivit\u00e0 quali ginnastica dolce in spiaggia, giochi senza frontiere, giochi di societ\u00e0, karaoke, canti e balli. Durante il campo estivo gli anziani sono stati ospitati gratuitamente dall\u2019Oasi Lido di Mazara del Vallo dei fratelli Gianni e Pietro Marrone. Per consentire agli anziani di partecipare all\u2019iniziativa \u00e8 stato messo a disposizione un servizio gratuito di bus-navetta. Stamattina ad incontrarli presso il lido a Tonnarella \u00e8 stata la presidente della Fondazione Vilma Angileri. Le attivit\u00e0 del centro presso i locali della Fondazione, riprenderanno nel mese di settembre. Il progetto \u201cVivi la Vita\u201d \u00e8 co-finanziato coi fondi dell\u20198 per mille e sostenuto dalla Caritas diocesana. [01]<\/span><\/span><\/span><span style=\"font-size:12.0pt;font-family:\" times=\"\" new=\"\"><o:p><\/o:p><\/span><\/p>\n","protected":false},"excerpt":{"rendered":"","protected":false},"author":1,"featured_media":0,"comment_status":"open","ping_status":"open","sticky":false,"template":"","format":"standard","meta":[],"categories":[30],"tags":[],"news-destination":[],"news-source":[],"is_homepage":[],"ta_other":[],"_links":{"self":[{"href":"https:\/\/www.chiesedisicilia.org\/chiesedisicilia\/news\/wp-json\/wp\/v2\/posts\/2292"}],"collection":[{"href":"https:\/\/www.chiesedisicilia.org\/chiesedisicilia\/news\/wp-json\/wp\/v2\/posts"}],"about":[{"href":"https:\/\/www.chiesedisicilia.org\/chiesedisicilia\/news\/wp-json\/wp\/v2\/types\/post"}],"author":[{"embeddable":true,"href":"https:\/\/www.chiesedisicilia.org\/chiesedisicilia\/news\/wp-json\/wp\/v2\/users\/1"}],"replies":[{"embeddable":true,"href":"https:\/\/www.chiesedisicilia.org\/chiesedisicilia\/news\/wp-json\/wp\/v2\/comments?post=2292"}],"version-history":[{"count":1,"href":"https:\/\/www.chiesedisicilia.org\/chiesedisicilia\/news\/wp-json\/wp\/v2\/posts\/2292\/revisions"}],"predecessor-version":[{"id":20777,"href":"https:\/\/www.chiesedisicilia.org\/chiesedisicilia\/news\/wp-json\/wp\/v2\/posts\/2292\/revisions\/20777"}],"wp:attachment":[{"href":"https:\/\/www.chiesedisicilia.org\/chiesedisicilia\/news\/wp-json\/wp\/v2\/media?parent=2292"}],"wp:term":[{"taxonomy":"category","embeddable":true,"href":"https:\/\/www.chiesedisicilia.org\/chiesedisicilia\/news\/wp-json\/wp\/v2\/categories?post=2292"},{"taxonomy":"post_tag","embeddable":true,"href":"https:\/\/www.chiesedisicilia.org\/chiesedisicilia\/news\/wp-json\/wp\/v2\/tags?post=2292"},{"taxonomy":"news-destination","embeddable":true,"href":"https:\/\/www.chiesedisicilia.org\/chiesedisicilia\/news\/wp-json\/wp\/v2\/news-destination?post=2292"},{"taxonomy":"news-source","embeddable":true,"href":"https:\/\/www.chiesedisicilia.org\/chiesedisicilia\/news\/wp-json\/wp\/v2\/news-source?post=2292"},{"taxonomy":"is_homepage","embeddable":true,"href":"https:\/\/www.chiesedisicilia.org\/chiesedisicilia\/news\/wp-json\/wp\/v2\/is_homepage?post=2292"},{"taxonomy":"ta_other","embeddable":true,"href":"https:\/\/www.chiesedisicilia.org\/chiesedisicilia\/news\/wp-json\/wp\/v2\/ta_other?post=2292"}],"curies":[{"name":"wp","href":"https:\/\/api.w.org\/{rel}","templated":true}]}}