{"id":2270,"date":"2013-01-03T17:41:00","date_gmt":"2013-01-03T16:41:00","guid":{"rendered":"http:\/\/wptestsite.tecnavia.com\/chiesedisicilia_clientsite\/news\/2013\/01\/03\/mazara-del-vallo-da-luigi-sturzo-a-don-pino-puglisi-i-giusti-di-sicilia-in-un-museo\/"},"modified":"2018-11-09T11:00:59","modified_gmt":"2018-01-13T11:00:59","slug":"mazara-del-vallo-da-luigi-sturzo-a-don-pino-puglisi-i-giusti-di-sicilia-in-un-museo","status":"publish","type":"post","link":"https:\/\/www.chiesedisicilia.org\/2013\/01\/03\/mazara-del-vallo-da-luigi-sturzo-a-don-pino-puglisi-i-giusti-di-sicilia-in-un-museo\/","title":{"rendered":"MAZARA DEL VALLO. DA LUIGI STURZO A DON PINO PUGLISI: I \u201cGIUSTI\u201d DI SICILIA IN UN MUSEO"},"content":{"rendered":"<div>\n<p class=\"MsoNormal\" style=\"margin: 0cm 0cm 0pt\"><span style=\"font-family: 'Times New Roman','serif'; font-size: 12pt\">Nascer\u00e0 all\u2019interno del Seminario il Museo \u201cI giusti di Sicilia\u201d, dedicato a 25 siciliani distintisi in ambito sociopolitico, culturale ed ecclesiale e che costituiscono perci\u00f2 delle figure esemplari a cui si vuole fare riferimento. \u201cLa memoria non pu\u00f2 essere spazzata dalla quotidianit\u00e0 degli eventi \u2013 evidenzia il vescovo, <span style=\"mso-spacerun: yes\">\u00a0<\/span>mons. Domenico Mogavero \u2013 ecco perch\u00e9 bisogna non dimenticare il passato ma, soprattutto, farne tesoro e raccogliere le testimonianze di questi siciliani \u201cgiusti\u201d affinch\u00e9 si tramandino tra le generazioni\u201d. <o:p><\/o:p><\/span><\/p>\n<p class=\"MsoNormal\" style=\"margin: 0cm 0cm 0pt\"><span style=\"font-family: 'Times New Roman','serif'; font-size: 12pt\">L\u2019allestimento del museo inizier\u00e0 dopo che verr\u00e0 completata la prima fase di raccolta: gi\u00e0 a don Francesco Fiorino, rettore del Seminario sono arrivate, da parte del nipote Pierluigi, alcune testimonianze scritte di Luigi Pirandello. Ed ancora altri scritti di don Luigi Sturzo. La Diocesi di Mazara del Vallo, qualche mese addietro, aveva gi\u00e0 realizzato il cortometraggio \u201cLu parrineddu\u201d su don Pino Puglisi: il fratello Gaetano e i nipoti Giuseppina e Carmelo hanno raccontato lo zio Pino e le sue vacanze a Selinunte.<br \/>Il Museo dei giusti sar\u00e0 organizzato su due piani. A pian terreno una sala accoglier\u00e0 l\u2019esposizione con le testimonianze che, come detto, verranno donate dai parenti, ma ci saranno anche dei totem interattivi che consentiranno di leggere le biografie, scritti e messaggi dei protagonisti. A primo piano, invece, uno spazio \u00e8 dedicato agli eventi, per realizzare piccoli concerti, proiezioni di filmati, mostre ed incontri. \u201cL\u2019obiettivo \u2013 spiega don Fiorino &#8211; \u00e8 non perdere la memoria, anzi tramandarla e cos\u00ec far conoscere ai giovani d\u2019oggi chi erano persone e personaggi quali don Luigi Sturzo, Luigi Pirandello, don Pino Puglisi, Rosario Livatino, il cardinale Salvatore Pappalardo, mons. Cataldo Naro e tanti altri\u201d. [01]<o:p><\/o:p><\/span><\/p>\n<\/div>\n","protected":false},"excerpt":{"rendered":"","protected":false},"author":1,"featured_media":0,"comment_status":"open","ping_status":"open","sticky":false,"template":"","format":"standard","meta":[],"categories":[30],"tags":[],"news-destination":[],"news-source":[],"is_homepage":[],"ta_other":[],"_links":{"self":[{"href":"https:\/\/www.chiesedisicilia.org\/chiesedisicilia\/news\/wp-json\/wp\/v2\/posts\/2270"}],"collection":[{"href":"https:\/\/www.chiesedisicilia.org\/chiesedisicilia\/news\/wp-json\/wp\/v2\/posts"}],"about":[{"href":"https:\/\/www.chiesedisicilia.org\/chiesedisicilia\/news\/wp-json\/wp\/v2\/types\/post"}],"author":[{"embeddable":true,"href":"https:\/\/www.chiesedisicilia.org\/chiesedisicilia\/news\/wp-json\/wp\/v2\/users\/1"}],"replies":[{"embeddable":true,"href":"https:\/\/www.chiesedisicilia.org\/chiesedisicilia\/news\/wp-json\/wp\/v2\/comments?post=2270"}],"version-history":[{"count":1,"href":"https:\/\/www.chiesedisicilia.org\/chiesedisicilia\/news\/wp-json\/wp\/v2\/posts\/2270\/revisions"}],"predecessor-version":[{"id":20755,"href":"https:\/\/www.chiesedisicilia.org\/chiesedisicilia\/news\/wp-json\/wp\/v2\/posts\/2270\/revisions\/20755"}],"wp:attachment":[{"href":"https:\/\/www.chiesedisicilia.org\/chiesedisicilia\/news\/wp-json\/wp\/v2\/media?parent=2270"}],"wp:term":[{"taxonomy":"category","embeddable":true,"href":"https:\/\/www.chiesedisicilia.org\/chiesedisicilia\/news\/wp-json\/wp\/v2\/categories?post=2270"},{"taxonomy":"post_tag","embeddable":true,"href":"https:\/\/www.chiesedisicilia.org\/chiesedisicilia\/news\/wp-json\/wp\/v2\/tags?post=2270"},{"taxonomy":"news-destination","embeddable":true,"href":"https:\/\/www.chiesedisicilia.org\/chiesedisicilia\/news\/wp-json\/wp\/v2\/news-destination?post=2270"},{"taxonomy":"news-source","embeddable":true,"href":"https:\/\/www.chiesedisicilia.org\/chiesedisicilia\/news\/wp-json\/wp\/v2\/news-source?post=2270"},{"taxonomy":"is_homepage","embeddable":true,"href":"https:\/\/www.chiesedisicilia.org\/chiesedisicilia\/news\/wp-json\/wp\/v2\/is_homepage?post=2270"},{"taxonomy":"ta_other","embeddable":true,"href":"https:\/\/www.chiesedisicilia.org\/chiesedisicilia\/news\/wp-json\/wp\/v2\/ta_other?post=2270"}],"curies":[{"name":"wp","href":"https:\/\/api.w.org\/{rel}","templated":true}]}}