{"id":2268,"date":"2013-01-03T12:02:00","date_gmt":"2013-01-03T11:02:00","guid":{"rendered":"http:\/\/wptestsite.tecnavia.com\/chiesedisicilia_clientsite\/news\/2013\/01\/03\/mazara-del-vallo-italo-cucci-dona-un-tela-del-700-alla-margana\/"},"modified":"2018-11-09T11:00:59","modified_gmt":"2018-01-13T11:00:59","slug":"mazara-del-vallo-italo-cucci-dona-un-tela-del-700-alla-margana","status":"publish","type":"post","link":"https:\/\/www.chiesedisicilia.org\/2013\/01\/03\/mazara-del-vallo-italo-cucci-dona-un-tela-del-700-alla-margana\/","title":{"rendered":"MAZARA DEL VALLO. ITALO CUCCI DONA UN TELA DEL \u2018700 ALLA MARGANA"},"content":{"rendered":"<div>\n<p class=\"MsoNoSpacing\" style=\"margin: auto 0cm\">Il giornalista\u00a0Italo Cucci, da anni oramai residente sull\u2019isola di Pantelleria, ha donato alla chiesa della Madonna della Margana una tela del \u2019700. L\u2019opera \u2013 olio su tela \u2013 porta sul retro la data del 1746 e il nome dell\u2019autore, Anastasio Scarabelli, un clerico bolognese che la realizz\u00f2 all\u2019et\u00e0 di 19 anni. Tra il 1979 e il 1980 la tela \u00e8 stata sottoposta a restauro da parte di Marinella Lenzi Montanari. La cerimonia di donazione \u00e8 avvenuta al termine di una celebrazione eucaristica presieduta dal vescovo, mons. Domenico Mogavero, e concelebrata da don Salvatore Cipri e don Vincenzo Greco. [01]<\/p>\n<\/div>\n","protected":false},"excerpt":{"rendered":"","protected":false},"author":1,"featured_media":0,"comment_status":"open","ping_status":"open","sticky":false,"template":"","format":"standard","meta":[],"categories":[30],"tags":[],"news-destination":[],"news-source":[],"is_homepage":[],"ta_other":[],"_links":{"self":[{"href":"https:\/\/www.chiesedisicilia.org\/chiesedisicilia\/news\/wp-json\/wp\/v2\/posts\/2268"}],"collection":[{"href":"https:\/\/www.chiesedisicilia.org\/chiesedisicilia\/news\/wp-json\/wp\/v2\/posts"}],"about":[{"href":"https:\/\/www.chiesedisicilia.org\/chiesedisicilia\/news\/wp-json\/wp\/v2\/types\/post"}],"author":[{"embeddable":true,"href":"https:\/\/www.chiesedisicilia.org\/chiesedisicilia\/news\/wp-json\/wp\/v2\/users\/1"}],"replies":[{"embeddable":true,"href":"https:\/\/www.chiesedisicilia.org\/chiesedisicilia\/news\/wp-json\/wp\/v2\/comments?post=2268"}],"version-history":[{"count":1,"href":"https:\/\/www.chiesedisicilia.org\/chiesedisicilia\/news\/wp-json\/wp\/v2\/posts\/2268\/revisions"}],"predecessor-version":[{"id":20753,"href":"https:\/\/www.chiesedisicilia.org\/chiesedisicilia\/news\/wp-json\/wp\/v2\/posts\/2268\/revisions\/20753"}],"wp:attachment":[{"href":"https:\/\/www.chiesedisicilia.org\/chiesedisicilia\/news\/wp-json\/wp\/v2\/media?parent=2268"}],"wp:term":[{"taxonomy":"category","embeddable":true,"href":"https:\/\/www.chiesedisicilia.org\/chiesedisicilia\/news\/wp-json\/wp\/v2\/categories?post=2268"},{"taxonomy":"post_tag","embeddable":true,"href":"https:\/\/www.chiesedisicilia.org\/chiesedisicilia\/news\/wp-json\/wp\/v2\/tags?post=2268"},{"taxonomy":"news-destination","embeddable":true,"href":"https:\/\/www.chiesedisicilia.org\/chiesedisicilia\/news\/wp-json\/wp\/v2\/news-destination?post=2268"},{"taxonomy":"news-source","embeddable":true,"href":"https:\/\/www.chiesedisicilia.org\/chiesedisicilia\/news\/wp-json\/wp\/v2\/news-source?post=2268"},{"taxonomy":"is_homepage","embeddable":true,"href":"https:\/\/www.chiesedisicilia.org\/chiesedisicilia\/news\/wp-json\/wp\/v2\/is_homepage?post=2268"},{"taxonomy":"ta_other","embeddable":true,"href":"https:\/\/www.chiesedisicilia.org\/chiesedisicilia\/news\/wp-json\/wp\/v2\/ta_other?post=2268"}],"curies":[{"name":"wp","href":"https:\/\/api.w.org\/{rel}","templated":true}]}}