{"id":2262,"date":"2012-10-08T15:43:00","date_gmt":"2012-10-08T13:43:00","guid":{"rendered":"http:\/\/wptestsite.tecnavia.com\/chiesedisicilia_clientsite\/news\/2012\/10\/08\/mazara-del-vallo-il-vescovo-sul-sequestro-pescherecci-in-libia\/"},"modified":"2018-11-09T11:00:47","modified_gmt":"2018-01-13T11:00:47","slug":"mazara-del-vallo-il-vescovo-sul-sequestro-pescherecci-in-libia","status":"publish","type":"post","link":"https:\/\/www.chiesedisicilia.org\/2012\/10\/08\/mazara-del-vallo-il-vescovo-sul-sequestro-pescherecci-in-libia\/","title":{"rendered":"MAZARA DEL VALLO. IL VESCOVO SUL SEQUESTRO PESCHERECCI IN LIBIA"},"content":{"rendered":"<div>\n<p class=\"MsoNoSpacing\" style=\"margin: 0cm 0cm 0pt\"><span style=\"font-family: 'Times New Roman','serif'; font-size: 12pt\">Il Vescovo della diocesi di Mazara del Vallo, monsignor Domenico Mogavero, appresa la notizia del sequestro dei pescherecci siciliani \u201cDaniela L\u201d e \u201cGiulia PG\u201d da parte delle autorit\u00e0 libiche ha rilasciato questa dichiarazione: \u201cLa marineria mazarese ancora una volta viene colpita da un gravissimo sequestro, questa volta con l\u2019uso delle armi. Altri due pescherecci che si aggiungono agli altrettanti che attualmente sono fermi in Tunisia e in Egitto e per i quali la diplomazia italiana sta gi\u00e0 lavorando affinch\u00e9 possano essere rilasciati. La mancata risoluzione del problema delle acque internazionali \u2013 motivo di tutti i sequestri \u2013 non \u00e8 pi\u00f9 rinviabile. \u00c8 necessario che la politica trovi interlocutori idonei per la risoluzione rapida e positiva del problema e non affidare ancora alla casualit\u00e0 il destino dei nostri marinai. Affinch\u00e9 il problema si affronti seriamente \u00e8 necessario che ci scappi il morto?\u201d. Il Vescovo stasera ha gi\u00e0 sentito il console italiano a Bengasi, Guido De Santis: \u201cCome Chiesa mazarese \u2013 ha detto il prelato &#8211; seguiamo con apprensione la vicenda di questi due pescherecci ma anche degli altri due sequestrati in Tunisia e in Egitto. Siamo vicini alle famiglie dei marittimi che stanno vivendo con ansia questi momenti\u201d. [01]<o:p><\/o:p><\/span><\/p>\n<\/div>\n","protected":false},"excerpt":{"rendered":"","protected":false},"author":1,"featured_media":0,"comment_status":"open","ping_status":"open","sticky":false,"template":"","format":"standard","meta":[],"categories":[30],"tags":[],"news-destination":[],"news-source":[],"is_homepage":[],"ta_other":[],"_links":{"self":[{"href":"https:\/\/www.chiesedisicilia.org\/chiesedisicilia\/news\/wp-json\/wp\/v2\/posts\/2262"}],"collection":[{"href":"https:\/\/www.chiesedisicilia.org\/chiesedisicilia\/news\/wp-json\/wp\/v2\/posts"}],"about":[{"href":"https:\/\/www.chiesedisicilia.org\/chiesedisicilia\/news\/wp-json\/wp\/v2\/types\/post"}],"author":[{"embeddable":true,"href":"https:\/\/www.chiesedisicilia.org\/chiesedisicilia\/news\/wp-json\/wp\/v2\/users\/1"}],"replies":[{"embeddable":true,"href":"https:\/\/www.chiesedisicilia.org\/chiesedisicilia\/news\/wp-json\/wp\/v2\/comments?post=2262"}],"version-history":[{"count":1,"href":"https:\/\/www.chiesedisicilia.org\/chiesedisicilia\/news\/wp-json\/wp\/v2\/posts\/2262\/revisions"}],"predecessor-version":[{"id":20351,"href":"https:\/\/www.chiesedisicilia.org\/chiesedisicilia\/news\/wp-json\/wp\/v2\/posts\/2262\/revisions\/20351"}],"wp:attachment":[{"href":"https:\/\/www.chiesedisicilia.org\/chiesedisicilia\/news\/wp-json\/wp\/v2\/media?parent=2262"}],"wp:term":[{"taxonomy":"category","embeddable":true,"href":"https:\/\/www.chiesedisicilia.org\/chiesedisicilia\/news\/wp-json\/wp\/v2\/categories?post=2262"},{"taxonomy":"post_tag","embeddable":true,"href":"https:\/\/www.chiesedisicilia.org\/chiesedisicilia\/news\/wp-json\/wp\/v2\/tags?post=2262"},{"taxonomy":"news-destination","embeddable":true,"href":"https:\/\/www.chiesedisicilia.org\/chiesedisicilia\/news\/wp-json\/wp\/v2\/news-destination?post=2262"},{"taxonomy":"news-source","embeddable":true,"href":"https:\/\/www.chiesedisicilia.org\/chiesedisicilia\/news\/wp-json\/wp\/v2\/news-source?post=2262"},{"taxonomy":"is_homepage","embeddable":true,"href":"https:\/\/www.chiesedisicilia.org\/chiesedisicilia\/news\/wp-json\/wp\/v2\/is_homepage?post=2262"},{"taxonomy":"ta_other","embeddable":true,"href":"https:\/\/www.chiesedisicilia.org\/chiesedisicilia\/news\/wp-json\/wp\/v2\/ta_other?post=2262"}],"curies":[{"name":"wp","href":"https:\/\/api.w.org\/{rel}","templated":true}]}}