{"id":2255,"date":"2012-06-05T17:23:00","date_gmt":"2012-06-05T15:23:00","guid":{"rendered":"http:\/\/wptestsite.tecnavia.com\/chiesedisicilia_clientsite\/news\/2012\/06\/05\/mazara-del-vallo-a-partanna-la-chiesa-non-tace\/"},"modified":"2018-11-09T11:00:59","modified_gmt":"2018-01-13T11:00:59","slug":"mazara-del-vallo-a-partanna-la-chiesa-non-tace","status":"publish","type":"post","link":"https:\/\/www.chiesedisicilia.org\/2012\/06\/05\/mazara-del-vallo-a-partanna-la-chiesa-non-tace\/","title":{"rendered":"MAZARA DEL VALLO. A PARTANNA \u201cLA CHIESA NON TACE\u201d"},"content":{"rendered":"<div style=\"text-align: justify; \">Si presenta oggi, luned\u00ec 4 giugno, alle 10,30 presso l\u2019aula magna \u201cGiacomo Leggio\u201d dell\u2019istituto superiore \u201cDante Alighieri\u201d in via Trieste, a Partanna, il libro \u201cLa Chiesa che non tace\u201d di monsignor Domenico Mogavero, Vescovo di Mazara del Vallo. Il libro \u00e8 stato scritto insieme a Giacomo Galeazzi per le edizioni Bur-Rizzoli. Mogavero \u00e8 componente della Commissione per le Migrazioni della Cei ed \u00e8 vescovo della Diocesi di Mazara del Vallo, la citt\u00e0 (con la sua casba, il quartiere arabo antico) dove vive la comunit\u00e0 siciliana pi\u00f9 numerosa di musulmani. Nel suo libro racconta l\u2019esperienza di frontiera a Mazara del Vallo, citt\u00e0 che s\u2019affaccia sul mar Mediterraneo, quel Canale di Sicilia che da lavoro ai mazaresi ma che, purtroppo, \u00e8 stato anche un tragico luogo di morte per molti immigrati. Interverr\u00e0 don Giuseppe Biondo, parroco della chiesa madre di Partanna. [01]<\/div>\n<div>\u00a0<\/div>\n","protected":false},"excerpt":{"rendered":"","protected":false},"author":1,"featured_media":0,"comment_status":"open","ping_status":"open","sticky":false,"template":"","format":"standard","meta":[],"categories":[30],"tags":[],"news-destination":[],"news-source":[],"is_homepage":[],"ta_other":[],"_links":{"self":[{"href":"https:\/\/www.chiesedisicilia.org\/chiesedisicilia\/news\/wp-json\/wp\/v2\/posts\/2255"}],"collection":[{"href":"https:\/\/www.chiesedisicilia.org\/chiesedisicilia\/news\/wp-json\/wp\/v2\/posts"}],"about":[{"href":"https:\/\/www.chiesedisicilia.org\/chiesedisicilia\/news\/wp-json\/wp\/v2\/types\/post"}],"author":[{"embeddable":true,"href":"https:\/\/www.chiesedisicilia.org\/chiesedisicilia\/news\/wp-json\/wp\/v2\/users\/1"}],"replies":[{"embeddable":true,"href":"https:\/\/www.chiesedisicilia.org\/chiesedisicilia\/news\/wp-json\/wp\/v2\/comments?post=2255"}],"version-history":[{"count":1,"href":"https:\/\/www.chiesedisicilia.org\/chiesedisicilia\/news\/wp-json\/wp\/v2\/posts\/2255\/revisions"}],"predecessor-version":[{"id":20741,"href":"https:\/\/www.chiesedisicilia.org\/chiesedisicilia\/news\/wp-json\/wp\/v2\/posts\/2255\/revisions\/20741"}],"wp:attachment":[{"href":"https:\/\/www.chiesedisicilia.org\/chiesedisicilia\/news\/wp-json\/wp\/v2\/media?parent=2255"}],"wp:term":[{"taxonomy":"category","embeddable":true,"href":"https:\/\/www.chiesedisicilia.org\/chiesedisicilia\/news\/wp-json\/wp\/v2\/categories?post=2255"},{"taxonomy":"post_tag","embeddable":true,"href":"https:\/\/www.chiesedisicilia.org\/chiesedisicilia\/news\/wp-json\/wp\/v2\/tags?post=2255"},{"taxonomy":"news-destination","embeddable":true,"href":"https:\/\/www.chiesedisicilia.org\/chiesedisicilia\/news\/wp-json\/wp\/v2\/news-destination?post=2255"},{"taxonomy":"news-source","embeddable":true,"href":"https:\/\/www.chiesedisicilia.org\/chiesedisicilia\/news\/wp-json\/wp\/v2\/news-source?post=2255"},{"taxonomy":"is_homepage","embeddable":true,"href":"https:\/\/www.chiesedisicilia.org\/chiesedisicilia\/news\/wp-json\/wp\/v2\/is_homepage?post=2255"},{"taxonomy":"ta_other","embeddable":true,"href":"https:\/\/www.chiesedisicilia.org\/chiesedisicilia\/news\/wp-json\/wp\/v2\/ta_other?post=2255"}],"curies":[{"name":"wp","href":"https:\/\/api.w.org\/{rel}","templated":true}]}}