{"id":2252,"date":"2012-05-02T13:33:00","date_gmt":"2012-05-02T11:33:00","guid":{"rendered":"http:\/\/wptestsite.tecnavia.com\/chiesedisicilia_clientsite\/news\/2012\/05\/02\/mazara-del-vallo-giovaninfesta-il-bilancio-e-i-numeri\/"},"modified":"2018-11-09T11:00:59","modified_gmt":"2018-01-13T11:00:59","slug":"mazara-del-vallo-giovaninfesta-il-bilancio-e-i-numeri","status":"publish","type":"post","link":"https:\/\/www.chiesedisicilia.org\/2012\/05\/02\/mazara-del-vallo-giovaninfesta-il-bilancio-e-i-numeri\/","title":{"rendered":"MAZARA DEL VALLO. GIOVANINFESTA: IL BILANCIO E I NUMERI"},"content":{"rendered":"<div style=\"text-align: justify; \">Mille giovani provenienti da tutta la Diocesi di Mazara del Vallo, duemila panini, trecento chili di salsiccia arrostita, ottocento banane: sono questi alcuni numeri della decima edizione del Giovaninfesta, l\u2019iniziativa del Servizio di Pastorale giovanile che si \u00e8 tenuto ieri, luned\u00ec 1 maggio, a Santa Ninfa, nella Valle del Belice. Di prima mattina sono arrivati in piazza Libert\u00e0 i giovani coi pullman provenienti da tutti i tredici paesi della Diocesi, compresa una rappresentanza di 40 fedeli arrivati in nave da Pantelleria. Dopo l\u2019accoglienza, il saluto del sindaco Paolo Pellicane e un momento di preghiera col Vescovo monsignor Domenico Mogavero. Per gli incontri-testimonianze si sono gremiti la chiesa madre (dove ha parlato ai giovani la ballerina disabile Simona Atzori), la chiesa Cristo Risorto (con don Vinicio Albanese e Maurizio Artale del centro \u201cPadre Nostro\u201d di Palermo), l\u2019aula consiliare (con Giancarlo Cursi) e il centro sociale (dove hanno parlato il giudice Caterina Greco e la missionaria comboniana Elisa Kidan\u00e8). Alle 13 \u00e8 stato offerto il pranzo in piazza Libert\u00e0 e alle 16 \u00e8 stata celebrata la Santa Messa in piazza La Masa. \u201cLe nostre opere devono parlare pi\u00f9 di ogni altra parola &#8211; ha detto il Vescovo &#8211; perch\u00e9 le parole non hanno mai cambiato il mondo, le idee e le azioni si. E le nostre opere oggi, soprattutto in questo momento di crisi, devono essere l\u2019accoglienza, l\u2019apertura, la solidariet\u00e0, l\u2019unit\u00e0. Noi cattolici dobbiamo dare un apporto serio e concreto a questo mondo che attende speranza\u201d. A concludere la decima edizione di Giovaninfesta \u00e8 arrivato il comico siciliano Sas\u00e0 Salvaggio. [01]<\/div>\n<div>\u00a0<\/div>\n","protected":false},"excerpt":{"rendered":"","protected":false},"author":1,"featured_media":0,"comment_status":"open","ping_status":"open","sticky":false,"template":"","format":"standard","meta":[],"categories":[30],"tags":[],"news-destination":[],"news-source":[],"is_homepage":[],"ta_other":[],"_links":{"self":[{"href":"https:\/\/www.chiesedisicilia.org\/chiesedisicilia\/news\/wp-json\/wp\/v2\/posts\/2252"}],"collection":[{"href":"https:\/\/www.chiesedisicilia.org\/chiesedisicilia\/news\/wp-json\/wp\/v2\/posts"}],"about":[{"href":"https:\/\/www.chiesedisicilia.org\/chiesedisicilia\/news\/wp-json\/wp\/v2\/types\/post"}],"author":[{"embeddable":true,"href":"https:\/\/www.chiesedisicilia.org\/chiesedisicilia\/news\/wp-json\/wp\/v2\/users\/1"}],"replies":[{"embeddable":true,"href":"https:\/\/www.chiesedisicilia.org\/chiesedisicilia\/news\/wp-json\/wp\/v2\/comments?post=2252"}],"version-history":[{"count":1,"href":"https:\/\/www.chiesedisicilia.org\/chiesedisicilia\/news\/wp-json\/wp\/v2\/posts\/2252\/revisions"}],"predecessor-version":[{"id":20740,"href":"https:\/\/www.chiesedisicilia.org\/chiesedisicilia\/news\/wp-json\/wp\/v2\/posts\/2252\/revisions\/20740"}],"wp:attachment":[{"href":"https:\/\/www.chiesedisicilia.org\/chiesedisicilia\/news\/wp-json\/wp\/v2\/media?parent=2252"}],"wp:term":[{"taxonomy":"category","embeddable":true,"href":"https:\/\/www.chiesedisicilia.org\/chiesedisicilia\/news\/wp-json\/wp\/v2\/categories?post=2252"},{"taxonomy":"post_tag","embeddable":true,"href":"https:\/\/www.chiesedisicilia.org\/chiesedisicilia\/news\/wp-json\/wp\/v2\/tags?post=2252"},{"taxonomy":"news-destination","embeddable":true,"href":"https:\/\/www.chiesedisicilia.org\/chiesedisicilia\/news\/wp-json\/wp\/v2\/news-destination?post=2252"},{"taxonomy":"news-source","embeddable":true,"href":"https:\/\/www.chiesedisicilia.org\/chiesedisicilia\/news\/wp-json\/wp\/v2\/news-source?post=2252"},{"taxonomy":"is_homepage","embeddable":true,"href":"https:\/\/www.chiesedisicilia.org\/chiesedisicilia\/news\/wp-json\/wp\/v2\/is_homepage?post=2252"},{"taxonomy":"ta_other","embeddable":true,"href":"https:\/\/www.chiesedisicilia.org\/chiesedisicilia\/news\/wp-json\/wp\/v2\/ta_other?post=2252"}],"curies":[{"name":"wp","href":"https:\/\/api.w.org\/{rel}","templated":true}]}}