{"id":2250,"date":"2012-03-13T18:41:00","date_gmt":"2012-03-13T17:41:00","guid":{"rendered":"http:\/\/wptestsite.tecnavia.com\/chiesedisicilia_clientsite\/news\/2012\/03\/13\/mazara-le-radici-nel-cielo-installazione-per-giovanni-paolo-ii\/"},"modified":"2018-11-09T11:00:59","modified_gmt":"2018-01-13T11:00:59","slug":"mazara-le-radici-nel-cielo-installazione-per-giovanni-paolo-ii","status":"publish","type":"post","link":"https:\/\/www.chiesedisicilia.org\/2012\/03\/13\/mazara-le-radici-nel-cielo-installazione-per-giovanni-paolo-ii\/","title":{"rendered":"MAZARA. \u201cLE RADICI NEL CIELO\u201d INSTALLAZIONE PER GIOVANNI PAOLO II"},"content":{"rendered":"<div style=\"text-align: justify; \">S&#8217;inaugura questa sera, domenica 11 marzo, alle 19,30 nella chiesa di Sant\u2019Agostino nel centro storico di Salemi, l&#8217;installazione-fontana di luce \u201cLe radici nel cielo\u201d, allestita dalla Pastorale giovanile diocesana guidata da don Edoardo Bonacasa. Un percorso guidato che consta di 52 metri quadri di immagini, 6 video ed una postazione d\u2019ascolto, che porter\u00e0 il visitatore a scoprire la vita di Giovanni Paolo II, il Papa beato, i suoi viaggi nel mondo, i suoi messaggi, le sue parole e cos\u00ec interpretare i suoi sorrisi. Nella navata centrale della chiesa, separata in due parti per consentire un percorso obbligato, su alcuni pannelli sono sistemate le foto pi\u00f9 significative del Papa beato, mentre sul presbiterio della chiesa un albero accoglier\u00e0 i pensieri dei ragazzi scritti su alcuni biglietti. Una parte della chiesa accoglier\u00e0, invece, un lungo reportage fotografico che racconta i viaggi nel mondo del Papa: dal Venezuela alla \u201csua\u201d Polonia. Il tutto arricchito dalla proiezione di video: su alcuni pannelli scorreranno i fotogrammi a colori ed animati della sua vita. Il percorso si completer\u00e0 con l\u2019angolo dell\u2019ascolto: venti cuffie sono a disposizione dei visitatori per poter ascoltare le parole di Giovanni Paolo II pronunciate nelle diverse visite ufficiali nel mondo, ammirando, durante l\u2019ascolto, le immagini pi\u00f9 significative proiettate su uno schermo gigante. L\u2019installazione rimarr\u00e0 aperta gratuitamente alle visite, il gioved\u00ec, venerd\u00ec e domenica, dalle 17 alle 20 (sino all\u20198 aprile). La mattina l\u2019installazione rimarr\u00e0 aperte per le visite delle scolaresche. All\u2019inaugurazione odierna parteciperanno il vescovo, monsignor Domenico Mogavero, e il presidente della Provincia Regionale di Trapani, Mimmo Turano. [01]<\/div>\n<div style=\"text-align: justify; \">\u00a0<\/div>\n<div style=\"text-align: justify; \">\u00a0<\/div>\n","protected":false},"excerpt":{"rendered":"","protected":false},"author":1,"featured_media":0,"comment_status":"open","ping_status":"open","sticky":false,"template":"","format":"standard","meta":[],"categories":[30],"tags":[],"news-destination":[],"news-source":[],"is_homepage":[],"ta_other":[],"_links":{"self":[{"href":"https:\/\/www.chiesedisicilia.org\/chiesedisicilia\/news\/wp-json\/wp\/v2\/posts\/2250"}],"collection":[{"href":"https:\/\/www.chiesedisicilia.org\/chiesedisicilia\/news\/wp-json\/wp\/v2\/posts"}],"about":[{"href":"https:\/\/www.chiesedisicilia.org\/chiesedisicilia\/news\/wp-json\/wp\/v2\/types\/post"}],"author":[{"embeddable":true,"href":"https:\/\/www.chiesedisicilia.org\/chiesedisicilia\/news\/wp-json\/wp\/v2\/users\/1"}],"replies":[{"embeddable":true,"href":"https:\/\/www.chiesedisicilia.org\/chiesedisicilia\/news\/wp-json\/wp\/v2\/comments?post=2250"}],"version-history":[{"count":1,"href":"https:\/\/www.chiesedisicilia.org\/chiesedisicilia\/news\/wp-json\/wp\/v2\/posts\/2250\/revisions"}],"predecessor-version":[{"id":20736,"href":"https:\/\/www.chiesedisicilia.org\/chiesedisicilia\/news\/wp-json\/wp\/v2\/posts\/2250\/revisions\/20736"}],"wp:attachment":[{"href":"https:\/\/www.chiesedisicilia.org\/chiesedisicilia\/news\/wp-json\/wp\/v2\/media?parent=2250"}],"wp:term":[{"taxonomy":"category","embeddable":true,"href":"https:\/\/www.chiesedisicilia.org\/chiesedisicilia\/news\/wp-json\/wp\/v2\/categories?post=2250"},{"taxonomy":"post_tag","embeddable":true,"href":"https:\/\/www.chiesedisicilia.org\/chiesedisicilia\/news\/wp-json\/wp\/v2\/tags?post=2250"},{"taxonomy":"news-destination","embeddable":true,"href":"https:\/\/www.chiesedisicilia.org\/chiesedisicilia\/news\/wp-json\/wp\/v2\/news-destination?post=2250"},{"taxonomy":"news-source","embeddable":true,"href":"https:\/\/www.chiesedisicilia.org\/chiesedisicilia\/news\/wp-json\/wp\/v2\/news-source?post=2250"},{"taxonomy":"is_homepage","embeddable":true,"href":"https:\/\/www.chiesedisicilia.org\/chiesedisicilia\/news\/wp-json\/wp\/v2\/is_homepage?post=2250"},{"taxonomy":"ta_other","embeddable":true,"href":"https:\/\/www.chiesedisicilia.org\/chiesedisicilia\/news\/wp-json\/wp\/v2\/ta_other?post=2250"}],"curies":[{"name":"wp","href":"https:\/\/api.w.org\/{rel}","templated":true}]}}