{"id":2248,"date":"2012-02-08T21:18:00","date_gmt":"2012-02-08T20:18:00","guid":{"rendered":"http:\/\/wptestsite.tecnavia.com\/chiesedisicilia_clientsite\/news\/2012\/02\/08\/mazara-mogavero-la-politica-dei-respingimenti-e-immorale\/"},"modified":"2018-11-09T11:00:59","modified_gmt":"2018-01-13T11:00:59","slug":"mazara-mogavero-la-politica-dei-respingimenti-e-immorale","status":"publish","type":"post","link":"https:\/\/www.chiesedisicilia.org\/2012\/02\/08\/mazara-mogavero-la-politica-dei-respingimenti-e-immorale\/","title":{"rendered":"MAZARA. MOGAVERO: &#8220;LA POLITICA DEI RESPINGIMENTI \u00c8 IMMORALE&#8221;"},"content":{"rendered":"<div>\n<div>\u00a0<\/div>\n<div style=\"text-align: justify\">\u201cLa politica dei respingimenti \u00e8 immorale, certi costumi non vanno assecondati\u201d. Lo ha detto il vescovo monsignor Domenico Mogavero durante la presentazione del suo libro \u201cLa Chiesa che non tace\u201d al circolo Ogigia sull\u2019isola di Pantelleria, col giornalista Italo Cucci, Salvatore Gabriele (\u201cPantelleria Internet\u201d), Roberto Greco ed Antonello Ferrante (\u201cRotary Club\u201d). \u201cDicono che mi sono schierato. Certo che mi sono schierato. Dove c\u2019\u00e8 l\u2019uomo c\u2019\u00e8 Dio \u2013 ha continuato il presule &#8211; Chi me lo fa fare? La mia dignit\u00e0 di Vescovo. Ci chiamano i vescovi rossi perch\u00e9 ci mettiamo dalla parte della giustizia, della verit\u00e0, dell\u2019oppressione, se questo \u00e8 essere comunista io sono il primo, la spiritualit\u00e0 non deve far perdere di vista la dolorosa vita di chi \u00e8 oppresso. Il Mediterraneo sopravvivr\u00e0 a tutti i potenti \u2013 ha continuato il vescovo &#8211; la politica, invece, non dura, dobbiamo mettere da parte l\u2019angoscia distruttiva e il pensiero di una ripresa della guerra santa. Non c\u2019\u00e8 alcun pericolo rispetto alla nostra identit\u00e0, \u00e8 sbagliato pensare che l\u2019Islam voglia togliere le nostre radici cristiane, ci ricordiamo del nostro cristianesimo solo quando sentiamo il pericolo di invasione. Dobbiamo guardare alla ricchezza culturale del Mediterraneo e farci terminale privilegiato e dialogare\u201d. Il libro di Mogavero era stato presentato gi\u00e0 negli scorsi giorni anche a Mazara del Vallo, con don Francesco Stabile e il giornalista Vincenzo Di Stefano. [01]<\/div>\n<div>\u00a0<\/div>\n<\/div>\n","protected":false},"excerpt":{"rendered":"","protected":false},"author":1,"featured_media":0,"comment_status":"open","ping_status":"open","sticky":false,"template":"","format":"standard","meta":[],"categories":[30],"tags":[],"news-destination":[],"news-source":[],"is_homepage":[],"ta_other":[],"_links":{"self":[{"href":"https:\/\/www.chiesedisicilia.org\/chiesedisicilia\/news\/wp-json\/wp\/v2\/posts\/2248"}],"collection":[{"href":"https:\/\/www.chiesedisicilia.org\/chiesedisicilia\/news\/wp-json\/wp\/v2\/posts"}],"about":[{"href":"https:\/\/www.chiesedisicilia.org\/chiesedisicilia\/news\/wp-json\/wp\/v2\/types\/post"}],"author":[{"embeddable":true,"href":"https:\/\/www.chiesedisicilia.org\/chiesedisicilia\/news\/wp-json\/wp\/v2\/users\/1"}],"replies":[{"embeddable":true,"href":"https:\/\/www.chiesedisicilia.org\/chiesedisicilia\/news\/wp-json\/wp\/v2\/comments?post=2248"}],"version-history":[{"count":1,"href":"https:\/\/www.chiesedisicilia.org\/chiesedisicilia\/news\/wp-json\/wp\/v2\/posts\/2248\/revisions"}],"predecessor-version":[{"id":20736,"href":"https:\/\/www.chiesedisicilia.org\/chiesedisicilia\/news\/wp-json\/wp\/v2\/posts\/2248\/revisions\/20736"}],"wp:attachment":[{"href":"https:\/\/www.chiesedisicilia.org\/chiesedisicilia\/news\/wp-json\/wp\/v2\/media?parent=2248"}],"wp:term":[{"taxonomy":"category","embeddable":true,"href":"https:\/\/www.chiesedisicilia.org\/chiesedisicilia\/news\/wp-json\/wp\/v2\/categories?post=2248"},{"taxonomy":"post_tag","embeddable":true,"href":"https:\/\/www.chiesedisicilia.org\/chiesedisicilia\/news\/wp-json\/wp\/v2\/tags?post=2248"},{"taxonomy":"news-destination","embeddable":true,"href":"https:\/\/www.chiesedisicilia.org\/chiesedisicilia\/news\/wp-json\/wp\/v2\/news-destination?post=2248"},{"taxonomy":"news-source","embeddable":true,"href":"https:\/\/www.chiesedisicilia.org\/chiesedisicilia\/news\/wp-json\/wp\/v2\/news-source?post=2248"},{"taxonomy":"is_homepage","embeddable":true,"href":"https:\/\/www.chiesedisicilia.org\/chiesedisicilia\/news\/wp-json\/wp\/v2\/is_homepage?post=2248"},{"taxonomy":"ta_other","embeddable":true,"href":"https:\/\/www.chiesedisicilia.org\/chiesedisicilia\/news\/wp-json\/wp\/v2\/ta_other?post=2248"}],"curies":[{"name":"wp","href":"https:\/\/api.w.org\/{rel}","templated":true}]}}