{"id":2235,"date":"2011-02-01T10:12:00","date_gmt":"2011-02-01T09:12:00","guid":{"rendered":"http:\/\/wptestsite.tecnavia.com\/chiesedisicilia_clientsite\/news\/2011\/02\/01\/mazara-del-vallo-giornata-diocesana-sullebraismo\/"},"modified":"2018-11-09T11:00:58","modified_gmt":"2018-01-13T11:00:58","slug":"mazara-del-vallo-giornata-diocesana-sullebraismo","status":"publish","type":"post","link":"https:\/\/www.chiesedisicilia.org\/2011\/02\/01\/mazara-del-vallo-giornata-diocesana-sullebraismo\/","title":{"rendered":"MAZARA DEL VALLO. GIORNATA DIOCESANA SULL&#8217;EBRAISMO"},"content":{"rendered":"<div>E&#8217; stato organizzato dall&#8217;Ufficio diocesano per l&#8217;Ecumenismo e il Dialogo interreligioso il Convegno diocesano sull&#8217;ebraismo che avr\u00e0 come tema &#8220;La famiglia nel diritto ebraico&#8221;. Si svolger\u00e0 presso l&#8217;aula Magna del Seminario oggi, sabato 5 febbraio, a partire dalle 17.30. Relatrice sar\u00e0 Daniela Piattelli, docente di Diritto ebraico presso la Pontificia Universit\u00e0 Lateranense e l&#8217;Universit\u00e0 di Tor Vergata di Roma. [01]<\/p>\n<div>\u00a0<\/div>\n<\/div>\n","protected":false},"excerpt":{"rendered":"","protected":false},"author":1,"featured_media":0,"comment_status":"open","ping_status":"open","sticky":false,"template":"","format":"standard","meta":[],"categories":[30],"tags":[],"news-destination":[],"news-source":[],"is_homepage":[],"ta_other":[],"_links":{"self":[{"href":"https:\/\/www.chiesedisicilia.org\/chiesedisicilia\/news\/wp-json\/wp\/v2\/posts\/2235"}],"collection":[{"href":"https:\/\/www.chiesedisicilia.org\/chiesedisicilia\/news\/wp-json\/wp\/v2\/posts"}],"about":[{"href":"https:\/\/www.chiesedisicilia.org\/chiesedisicilia\/news\/wp-json\/wp\/v2\/types\/post"}],"author":[{"embeddable":true,"href":"https:\/\/www.chiesedisicilia.org\/chiesedisicilia\/news\/wp-json\/wp\/v2\/users\/1"}],"replies":[{"embeddable":true,"href":"https:\/\/www.chiesedisicilia.org\/chiesedisicilia\/news\/wp-json\/wp\/v2\/comments?post=2235"}],"version-history":[{"count":1,"href":"https:\/\/www.chiesedisicilia.org\/chiesedisicilia\/news\/wp-json\/wp\/v2\/posts\/2235\/revisions"}],"predecessor-version":[{"id":20722,"href":"https:\/\/www.chiesedisicilia.org\/chiesedisicilia\/news\/wp-json\/wp\/v2\/posts\/2235\/revisions\/20722"}],"wp:attachment":[{"href":"https:\/\/www.chiesedisicilia.org\/chiesedisicilia\/news\/wp-json\/wp\/v2\/media?parent=2235"}],"wp:term":[{"taxonomy":"category","embeddable":true,"href":"https:\/\/www.chiesedisicilia.org\/chiesedisicilia\/news\/wp-json\/wp\/v2\/categories?post=2235"},{"taxonomy":"post_tag","embeddable":true,"href":"https:\/\/www.chiesedisicilia.org\/chiesedisicilia\/news\/wp-json\/wp\/v2\/tags?post=2235"},{"taxonomy":"news-destination","embeddable":true,"href":"https:\/\/www.chiesedisicilia.org\/chiesedisicilia\/news\/wp-json\/wp\/v2\/news-destination?post=2235"},{"taxonomy":"news-source","embeddable":true,"href":"https:\/\/www.chiesedisicilia.org\/chiesedisicilia\/news\/wp-json\/wp\/v2\/news-source?post=2235"},{"taxonomy":"is_homepage","embeddable":true,"href":"https:\/\/www.chiesedisicilia.org\/chiesedisicilia\/news\/wp-json\/wp\/v2\/is_homepage?post=2235"},{"taxonomy":"ta_other","embeddable":true,"href":"https:\/\/www.chiesedisicilia.org\/chiesedisicilia\/news\/wp-json\/wp\/v2\/ta_other?post=2235"}],"curies":[{"name":"wp","href":"https:\/\/api.w.org\/{rel}","templated":true}]}}