{"id":2233,"date":"2011-02-01T10:04:00","date_gmt":"2011-02-01T09:04:00","guid":{"rendered":"http:\/\/wptestsite.tecnavia.com\/chiesedisicilia_clientsite\/news\/2011\/02\/01\/mazara-del-vallo-la-concezione-teologica-della-vita\/"},"modified":"2018-11-09T11:00:58","modified_gmt":"2018-01-13T11:00:58","slug":"mazara-del-vallo-la-concezione-teologica-della-vita","status":"publish","type":"post","link":"https:\/\/www.chiesedisicilia.org\/2011\/02\/01\/mazara-del-vallo-la-concezione-teologica-della-vita\/","title":{"rendered":"MAZARA DEL VALLO. &#8220;LA CONCEZIONE TEOLOGICA DELLA VITA&#8221;"},"content":{"rendered":"<div>Oggi, domenica 6 febbraio, alle 16, verr\u00e0 proposta una riflessione sul tema \u201cConcezione teologica della vita\u201d. L\u2019appuntamento rientra tra quelli programmati all\u2019interno del seminario informativo dal titolo \u201cPrendersi cura della vita\u201d organizzato Movimento per la Vita di Marsala, con il contributo dell&#8217;Istituto Sicurezza, Istituto di Vigilanza Privata e del Conad Superstore. Oggi, nel Centro Sociale di Sappusi, in via G. Falcone, a Marsala, sar\u00e0 possibile seguire gli interventi su \u201cLa vita: dimensione escatologica\u201d, di don Vincenzo Greco, e \u201cLa vita: dono e responsabilit\u00e0\u201d di don Vito Impellizzeri. Il Corso, che prevede un incontro al mese, \u00e8 gratuito ed \u00e8 aperto a quanti desiderano approfondire le tematiche che riguardano la dignit\u00e0, il valore e la difesa della vita umana. Per iscriversi o per ricevere ulteriori informazioni: mpv.marsala@gmail.com. [01]<\/p>\n<div>\u00a0<\/div>\n<\/div>\n","protected":false},"excerpt":{"rendered":"","protected":false},"author":1,"featured_media":0,"comment_status":"open","ping_status":"open","sticky":false,"template":"","format":"standard","meta":[],"categories":[30],"tags":[],"news-destination":[],"news-source":[],"is_homepage":[],"ta_other":[],"_links":{"self":[{"href":"https:\/\/www.chiesedisicilia.org\/chiesedisicilia\/news\/wp-json\/wp\/v2\/posts\/2233"}],"collection":[{"href":"https:\/\/www.chiesedisicilia.org\/chiesedisicilia\/news\/wp-json\/wp\/v2\/posts"}],"about":[{"href":"https:\/\/www.chiesedisicilia.org\/chiesedisicilia\/news\/wp-json\/wp\/v2\/types\/post"}],"author":[{"embeddable":true,"href":"https:\/\/www.chiesedisicilia.org\/chiesedisicilia\/news\/wp-json\/wp\/v2\/users\/1"}],"replies":[{"embeddable":true,"href":"https:\/\/www.chiesedisicilia.org\/chiesedisicilia\/news\/wp-json\/wp\/v2\/comments?post=2233"}],"version-history":[{"count":1,"href":"https:\/\/www.chiesedisicilia.org\/chiesedisicilia\/news\/wp-json\/wp\/v2\/posts\/2233\/revisions"}],"predecessor-version":[{"id":20720,"href":"https:\/\/www.chiesedisicilia.org\/chiesedisicilia\/news\/wp-json\/wp\/v2\/posts\/2233\/revisions\/20720"}],"wp:attachment":[{"href":"https:\/\/www.chiesedisicilia.org\/chiesedisicilia\/news\/wp-json\/wp\/v2\/media?parent=2233"}],"wp:term":[{"taxonomy":"category","embeddable":true,"href":"https:\/\/www.chiesedisicilia.org\/chiesedisicilia\/news\/wp-json\/wp\/v2\/categories?post=2233"},{"taxonomy":"post_tag","embeddable":true,"href":"https:\/\/www.chiesedisicilia.org\/chiesedisicilia\/news\/wp-json\/wp\/v2\/tags?post=2233"},{"taxonomy":"news-destination","embeddable":true,"href":"https:\/\/www.chiesedisicilia.org\/chiesedisicilia\/news\/wp-json\/wp\/v2\/news-destination?post=2233"},{"taxonomy":"news-source","embeddable":true,"href":"https:\/\/www.chiesedisicilia.org\/chiesedisicilia\/news\/wp-json\/wp\/v2\/news-source?post=2233"},{"taxonomy":"is_homepage","embeddable":true,"href":"https:\/\/www.chiesedisicilia.org\/chiesedisicilia\/news\/wp-json\/wp\/v2\/is_homepage?post=2233"},{"taxonomy":"ta_other","embeddable":true,"href":"https:\/\/www.chiesedisicilia.org\/chiesedisicilia\/news\/wp-json\/wp\/v2\/ta_other?post=2233"}],"curies":[{"name":"wp","href":"https:\/\/api.w.org\/{rel}","templated":true}]}}