{"id":2227,"date":"2011-01-19T10:32:00","date_gmt":"2011-01-19T09:32:00","guid":{"rendered":"http:\/\/wptestsite.tecnavia.com\/chiesedisicilia_clientsite\/news\/2011\/01\/19\/mazara-del-vallo-nuovo-diocesano-centro-newman\/"},"modified":"2018-11-09T11:00:57","modified_gmt":"2018-01-13T11:00:57","slug":"mazara-del-vallo-nuovo-diocesano-centro-newman","status":"publish","type":"post","link":"https:\/\/www.chiesedisicilia.org\/2011\/01\/19\/mazara-del-vallo-nuovo-diocesano-centro-newman\/","title":{"rendered":"MAZARA DEL VALLO. NUOVO DIOCESANO &#8220;CENTRO NEWMAN&#8221;"},"content":{"rendered":"<div>Oggi, sabato 29, e domani, domenica 30 gennaio, alle 17.30, si dar\u00e0 inizio all\u2019attivit\u00e0 \u201cCentro di spiritualit\u00e0 e cultura\u201d dedicato al Cardinale John Henry Newman, recentemente Beatificato, con un seminario dal titolo \u201cIl discernimento tra fede ed esistenza umana nel postmoderno: decidere come e per chi morire\u201d. Nei locali diocesani siti in via Val di Mazara, a Mazara del Vallo, infatti, il vescovo mons. Domenico Mogavero ha invitato la Comunit\u00e0 di San Leolino a gestire questo Centro. L\u2019apertura dell\u2019Oratorio, richiama la scelta di fede di Newman che fu prete oratoriano secondo la formula ecclesiale sperimentata da San Filippo Neri; una formula che la Comunit\u00e0 di San Leolino fa propria per corrispondere all\u2019impegno di evangelizzazione attraverso la cultura da attuarsi nel nostro tempo. La Comunit\u00e0 nasce nel 1997 nella Pieve di San Leolino a Panzano in Chianti, in Diocesi di Fiesole ed \u00e8 composta da presbiteri e laici che vivono insieme sotto una regola di vita per offrire a Dio l\u2019impegno per una nuova evangelizzazione della cultura, secondo la spiritualit\u00e0 del Concilio Ecumenico Vaticano II. Alla Comunit\u00e0 si aggregano altri laici che ne condividono spiritualit\u00e0 e impegno pastorale. La vita in comune della Comunit\u00e0 di san Leolino si articola nella preghiera, con al centro la Divina Liturgia, nel lavoro di studio e di insegnamento, nella promozione di iniziative in cui la ricerca della bellezza e della riflessione conducono, pian piano, a un vero e rispettoso incontro tra la spiritualit\u00e0 cristiana e la cultura del nostro tempo. Dare alla cultura il senso di Cristo \u00e8 l\u2019unico modo per salvarla e valorizzarla. Alla Comunit\u00e0 fa capo anche un Laboratorio di musica per la Liturgia cui partecipano musicisti e liturgisti di tutta Italia. Si ispira alla spiritualit\u00e0 carmelitana e ha scelto Santa Teresa di Ges\u00f9 bambino come speciale patrona. L\u2019appuntamento odierno segna l\u2019inizio delle attivit\u00e0 del Centro di spiritualit\u00e0 e cultura. [01]<\/p>\n<div>\u00a0<\/div>\n<\/div>\n","protected":false},"excerpt":{"rendered":"","protected":false},"author":1,"featured_media":0,"comment_status":"open","ping_status":"open","sticky":false,"template":"","format":"standard","meta":[],"categories":[30],"tags":[],"news-destination":[],"news-source":[],"is_homepage":[],"ta_other":[],"_links":{"self":[{"href":"https:\/\/www.chiesedisicilia.org\/chiesedisicilia\/news\/wp-json\/wp\/v2\/posts\/2227"}],"collection":[{"href":"https:\/\/www.chiesedisicilia.org\/chiesedisicilia\/news\/wp-json\/wp\/v2\/posts"}],"about":[{"href":"https:\/\/www.chiesedisicilia.org\/chiesedisicilia\/news\/wp-json\/wp\/v2\/types\/post"}],"author":[{"embeddable":true,"href":"https:\/\/www.chiesedisicilia.org\/chiesedisicilia\/news\/wp-json\/wp\/v2\/users\/1"}],"replies":[{"embeddable":true,"href":"https:\/\/www.chiesedisicilia.org\/chiesedisicilia\/news\/wp-json\/wp\/v2\/comments?post=2227"}],"version-history":[{"count":1,"href":"https:\/\/www.chiesedisicilia.org\/chiesedisicilia\/news\/wp-json\/wp\/v2\/posts\/2227\/revisions"}],"predecessor-version":[{"id":20716,"href":"https:\/\/www.chiesedisicilia.org\/chiesedisicilia\/news\/wp-json\/wp\/v2\/posts\/2227\/revisions\/20716"}],"wp:attachment":[{"href":"https:\/\/www.chiesedisicilia.org\/chiesedisicilia\/news\/wp-json\/wp\/v2\/media?parent=2227"}],"wp:term":[{"taxonomy":"category","embeddable":true,"href":"https:\/\/www.chiesedisicilia.org\/chiesedisicilia\/news\/wp-json\/wp\/v2\/categories?post=2227"},{"taxonomy":"post_tag","embeddable":true,"href":"https:\/\/www.chiesedisicilia.org\/chiesedisicilia\/news\/wp-json\/wp\/v2\/tags?post=2227"},{"taxonomy":"news-destination","embeddable":true,"href":"https:\/\/www.chiesedisicilia.org\/chiesedisicilia\/news\/wp-json\/wp\/v2\/news-destination?post=2227"},{"taxonomy":"news-source","embeddable":true,"href":"https:\/\/www.chiesedisicilia.org\/chiesedisicilia\/news\/wp-json\/wp\/v2\/news-source?post=2227"},{"taxonomy":"is_homepage","embeddable":true,"href":"https:\/\/www.chiesedisicilia.org\/chiesedisicilia\/news\/wp-json\/wp\/v2\/is_homepage?post=2227"},{"taxonomy":"ta_other","embeddable":true,"href":"https:\/\/www.chiesedisicilia.org\/chiesedisicilia\/news\/wp-json\/wp\/v2\/ta_other?post=2227"}],"curies":[{"name":"wp","href":"https:\/\/api.w.org\/{rel}","templated":true}]}}