{"id":2214,"date":"2018-06-04T08:42:00","date_gmt":"2018-06-04T06:42:00","guid":{"rendered":"http:\/\/wptestsite.tecnavia.com\/chiesedisicilia_clientsite\/news\/2018\/06\/04\/cefalu-nuove-nomine-per-un-processo-sinodale-di-rinnovaento-che-riene-conto-dei-talenti-del-territorio\/"},"modified":"2018-11-09T11:00:57","modified_gmt":"2018-01-13T11:00:57","slug":"cefalu-nuove-nomine-per-un-processo-sinodale-di-rinnovaento-che-riene-conto-dei-talenti-del-territorio","status":"publish","type":"post","link":"https:\/\/www.chiesedisicilia.org\/2018\/06\/04\/cefalu-nuove-nomine-per-un-processo-sinodale-di-rinnovaento-che-riene-conto-dei-talenti-del-territorio\/","title":{"rendered":"CEFALU\u2019. NUOVE NOMINE PER \u201cUN PROCESSO SINODALE DI RINNOVAENTO CHE RIENE CONTO DEI TALENTI DEL TERRITORIO\u201d"},"content":{"rendered":"<div><span style=\"font-size:12.0pt;font-family:\"Times New Roman\",\"serif\"\"><span style=\"font-size: medium;\"><span style=\"font-family: \"Times New Roman\";\">Il vescovo di Cefal\u00f9, mons. Giuseppe Marciante, \u201cavviando un processo sinodale di rinnovamento e tenendo conto dei tanti talenti diffusi nel territorio diocesano\u201d, ha nominato economo del Seminario diocesano e responsabile della struttura Seminario estivo \u201cSan Guglielmo\u201d in Castelbuono, mons. Francesco Casamento, in atto parroco a Castelbuono nella parrocchia Nativit\u00e0 di Maria Vergine e coordinatore del Vicariato di Castelbuono.<\/span><\/span><o:p><\/o:p><\/span><\/div>\n<div><span style=\"font-size: medium;\"><span style=\"font-family: \"Times New Roman\";\">Don Matteo Castiglione, in atto amministratore parrocchiale a Bompietro e a Locati nelle parrocchie SS. Apostoli Pietro e Paolo e Sacra Famiglia, \u00e8 stato nominato presidente della Consulta diocesana per l\u2019Arte Sacra, i Beni culturali e l\u2019Edilizia di Culto.<\/span><\/span><span style=\"font-size:12.0pt;font-family:\"Times New Roman\",\"serif\"\"><o:p><\/o:p><\/span><\/div>\n<div><span style=\"font-size: medium;\"><span style=\"font-family: \"Times New Roman\";\">Ad entrambi i confratelli, le cui nomine hanno immediata esecutivit\u00e0, il vescovo Marciante auspica \u201cpassione educativa verso quanti sceglieranno il Seminario come luogo per trascorrere un tempo di discernimento spirituale; fantasia pastorale nel progettare itinerari spirituali e culturali, valorizzando i preziosi Beni ecclesiastici che arricchiscono i Comuni della nostra Diocesi\u201d.<\/span><\/span><span style=\"font-size:12.0pt;font-family:\"Times New Roman\",\"serif\"\"><o:p><\/o:p><\/span><\/div>\n<div><span style=\"font-size: medium;\"><span style=\"font-family: \"Times New Roman\";\">Inoltre. \u201cal fine di favorire una pi\u00f9 continua ed efficace cura della vita e delle attivit\u00e0 della Cattedrale\u201d, il vescovo di Cefal\u00f9 ha nominato delegato vescovile per la Basilica Cattedrale, il can. Domenico Messina, in atto parroco a Cefal\u00f9 nelle parrocchie S. Agata V. e M. e Maria SS.ma Addolorata, nonch\u00e9 maestro delle Cerimonie liturgiche episcopali e responsabile del Servizio diocesano per la Pastorale liturgica. \u201cChe la nostra Basilica Cattedrale sia sempre pi\u00f9 la Casa del Signore, la Casa di tutti, aperta a tutti \u2013 ha detto mons. Marciante, annunciando la nomina -, segno visibile di unit\u00e0 della Comunit\u00e0 diocesana, icona della genuina identit\u00e0 del nostro popolo, testimonianza culturale delle nostre radici cristiane e modello di rinnovamento liturgico-pastorale nello spirito del Concilio Vaticano II\u201d. La nomina del can. Messina ha esecutivit\u00e0 dal 01 settembre 2018. [01]<\/span><\/span><span style=\"font-size:12.0pt;font-family:\"Times New Roman\",\"serif\"\"><o:p><\/o:p><\/span><\/div>\n","protected":false},"excerpt":{"rendered":"","protected":false},"author":1,"featured_media":0,"comment_status":"open","ping_status":"open","sticky":false,"template":"","format":"standard","meta":[],"categories":[30],"tags":[],"news-destination":[],"news-source":[],"is_homepage":[],"ta_other":[],"_links":{"self":[{"href":"https:\/\/www.chiesedisicilia.org\/chiesedisicilia\/news\/wp-json\/wp\/v2\/posts\/2214"}],"collection":[{"href":"https:\/\/www.chiesedisicilia.org\/chiesedisicilia\/news\/wp-json\/wp\/v2\/posts"}],"about":[{"href":"https:\/\/www.chiesedisicilia.org\/chiesedisicilia\/news\/wp-json\/wp\/v2\/types\/post"}],"author":[{"embeddable":true,"href":"https:\/\/www.chiesedisicilia.org\/chiesedisicilia\/news\/wp-json\/wp\/v2\/users\/1"}],"replies":[{"embeddable":true,"href":"https:\/\/www.chiesedisicilia.org\/chiesedisicilia\/news\/wp-json\/wp\/v2\/comments?post=2214"}],"version-history":[{"count":1,"href":"https:\/\/www.chiesedisicilia.org\/chiesedisicilia\/news\/wp-json\/wp\/v2\/posts\/2214\/revisions"}],"predecessor-version":[{"id":20704,"href":"https:\/\/www.chiesedisicilia.org\/chiesedisicilia\/news\/wp-json\/wp\/v2\/posts\/2214\/revisions\/20704"}],"wp:attachment":[{"href":"https:\/\/www.chiesedisicilia.org\/chiesedisicilia\/news\/wp-json\/wp\/v2\/media?parent=2214"}],"wp:term":[{"taxonomy":"category","embeddable":true,"href":"https:\/\/www.chiesedisicilia.org\/chiesedisicilia\/news\/wp-json\/wp\/v2\/categories?post=2214"},{"taxonomy":"post_tag","embeddable":true,"href":"https:\/\/www.chiesedisicilia.org\/chiesedisicilia\/news\/wp-json\/wp\/v2\/tags?post=2214"},{"taxonomy":"news-destination","embeddable":true,"href":"https:\/\/www.chiesedisicilia.org\/chiesedisicilia\/news\/wp-json\/wp\/v2\/news-destination?post=2214"},{"taxonomy":"news-source","embeddable":true,"href":"https:\/\/www.chiesedisicilia.org\/chiesedisicilia\/news\/wp-json\/wp\/v2\/news-source?post=2214"},{"taxonomy":"is_homepage","embeddable":true,"href":"https:\/\/www.chiesedisicilia.org\/chiesedisicilia\/news\/wp-json\/wp\/v2\/is_homepage?post=2214"},{"taxonomy":"ta_other","embeddable":true,"href":"https:\/\/www.chiesedisicilia.org\/chiesedisicilia\/news\/wp-json\/wp\/v2\/ta_other?post=2214"}],"curies":[{"name":"wp","href":"https:\/\/api.w.org\/{rel}","templated":true}]}}