{"id":2208,"date":"2017-12-05T12:34:00","date_gmt":"2017-12-05T11:34:00","guid":{"rendered":"http:\/\/wptestsite.tecnavia.com\/chiesedisicilia_clientsite\/news\/2017\/12\/05\/cefalu-verso-il-sinodo-maestro-dove-abiti\/"},"modified":"2018-11-09T11:00:57","modified_gmt":"2018-01-13T11:00:57","slug":"cefalu-verso-il-sinodo-maestro-dove-abiti","status":"publish","type":"post","link":"https:\/\/www.chiesedisicilia.org\/2017\/12\/05\/cefalu-verso-il-sinodo-maestro-dove-abiti\/","title":{"rendered":"CEFALU&#8217;. VERSO IL SINODO: &#8220;MAESTRO DOVE ABITI?&#8221;"},"content":{"rendered":"<div><span style=\"font-size: medium;\"><span style=\"font-family: \"Times New Roman\";\">Giovanissimi, giovani e famiglie insieme al ritiro di Avvento, in cammino verso il Sinodo. Si terr\u00e0 presso la parrocchia SS. Salvatore, alla Torre in Cefal\u00f9, domenica 10 dicembre 2017 e proporr\u00e0 la riflessione sul testo biblico di Gv 1, 35-39. &#8220;Ci chiederemo dove dimora il Verbo che \u00e8 venuto &#8216;ad abitare in mezzo a noi&#8217; -spiegano i direttori del Servizio diocesano per la Pastorale giovanile, del Centro per le Vocazioni e dell&#8217;Ufficio per la famiglia, don Calogero Cerami, don Giuseppe Licciardi e i coniugi Andrea e Francesca Rappazzo, insieme con don Domenico Sausa, delegato vescovile per la Pastorale familiare -; la risposta di Ges\u00f9 non \u00e8 un indirizzo, perch\u00e9 &#8216;il Figlio dell\u2019uomo non ha dove posare il capo&#8217;, ma l\u2019invito a una esperienza, a una condivisione&#8221;.<\/span><\/span><span style=\"font-size: 12pt; font-family: \"Times New Roman\", serif;\"><o:p><\/o:p><\/span><\/div>\n<div><span style=\"font-size: medium;\"><span style=\"font-family: \"Times New Roman\";\">L&#8217;appuntamento rientra tra quelli programmati come tappe verso il Sinodo dei vescovi sul tema &#8220;I giovani, la fede e il discernimento vocazionale&#8221; che si terr\u00e0 dal 3 al 28 ottobre 2018.<\/span><\/span><span style=\"font-size:12.0pt;font-family:\"Times New Roman\",\"serif\"\"><o:p><\/o:p><\/span><\/div>\n<div><span style=\"font-size: medium;\"><span style=\"font-family: \"Times New Roman\";\">Ancora a livello diocesano, intanto, \u00e8 stato consegnato ad ogni parroco il sussidio \u201cConsiderate questo tempo. Discernere la pastorale giovanile tra fede e vocazione\u201d, il polittico e le indicazioni pastorali del vescovo mons. Vincenzo Manzella \u201cGiovani e chiesa. Per una Chiesa giovane\u201d. &#8220;Per avviare il percorso di preparazione al Sinodo, non solo con i giovani, ma anche con i vari gruppi ecclesiali &#8211; continuano dagli uffici di Curia che stanno collaborando per le iniziative -, il vescovo ci ha esortati a guardare ai giovani non come oggetti di studio, ma come protagonisti \u00a0e ci ha fatto notare che &#8216;spesso nei fatti essi sono trattati dalla societ\u00e0 come una presenza scomoda: la Chiesa non pu\u00f2 riprodurre questo atteggiamento, perch\u00e9 tutti i giovani, nessuno escluso, hanno diritto a essere accompagnati nel loro cammino&#8217;. Per farlo &#8211; aggiungono -, occorre l&#8217;impegno di tutti quanti operano accanto a loro&#8221;.<\/span><\/span><span style=\"font-size:12.0pt;font-family:\"Times New Roman\",\"serif\"\"><o:p><\/o:p><\/span><\/div>\n<div><span style=\"font-size: medium;\"><span style=\"font-family: \"Times New Roman\";\">La giornata di ritiro di Avvento per giovani e famiglie sar\u00e0 cos\u00ec strutturata: <\/span><\/span><span style=\"font-size:12.0pt;font-family:\"Times New Roman\",\"serif\"\"><b><span style=\"text-transform:uppercase\"><o:p><\/o:p><\/span><\/b><\/span><\/div>\n<div><span style=\"font-size: medium;\"><span style=\"font-family: \"Times New Roman\";\">ore 9.00 \u00a0\u00a0\u00a0\u00a0\u00a0\u00a0\u00a0\u00a0 Accoglienza presso i locali della Parrocchia \u201cSS. Salvatore alla Torre\u201d in Cefal\u00f9<\/span><\/span><span style=\"font-size:12.0pt;font-family:\"Times New Roman\",\"serif\"\"><o:p><\/o:p><\/span><\/div>\n<div><span style=\"font-size: medium;\"><span style=\"font-family: \"Times New Roman\";\">ore 9.30 \u00a0\u00a0\u00a0\u00a0\u00a0\u00a0\u00a0\u00a0 Momento di preghiera presieduto dal nostro vescovo <\/span><\/span><span style=\"font-size:12.0pt;font-family:\"Times New Roman\",\"serif\"\"><o:p><\/o:p><\/span><\/div>\n<div><span style=\"font-size: medium;\"><span style=\"font-family: \"Times New Roman\";\">ore 10.00 \u00a0\u00a0\u00a0\u00a0\u00a0\u00a0 Meditazione per i giovani e le famiglie tenuta da don Vito Impellizzeri (Gv 1, 35-39)<\/span><\/span><span style=\"font-size:12.0pt;font-family:\"Times New Roman\",\"serif\"\"><o:p><\/o:p><\/span><\/div>\n<div><span style=\"font-size: medium;\"><span style=\"font-family: \"Times New Roman\";\">ore 11.00 \u00a0\u00a0\u00a0\u00a0\u00a0\u00a0 Preparazione alla Celebrazione Eucaristica<\/span><\/span><span style=\"font-size:12.0pt;font-family:\"Times New Roman\",\"serif\"\"><o:p><\/o:p><\/span><\/div>\n<div><span style=\"font-size: medium;\"><span style=\"font-family: \"Times New Roman\";\">ore 11.30\u00a0\u00a0\u00a0\u00a0\u00a0\u00a0\u00a0 Celebrazione Eucaristica presieduta dal vescovo mons. Vincenzo Manzella<\/span><\/span><span style=\"font-size:12.0pt;font-family:\"Times New Roman\",\"serif\"\"><o:p><\/o:p><\/span><\/div>\n<div><span style=\"font-size: medium;\"><span style=\"font-family: \"Times New Roman\";\">ore 13.00 \u00a0\u00a0\u00a0\u00a0\u00a0\u00a0 Pranzo a sacco<\/span><\/span><span style=\"font-size:12.0pt;font-family:\"Times New Roman\",\"serif\"\"><o:p><\/o:p><\/span><\/div>\n<div><span style=\"font-size: medium;\"><span style=\"font-family: \"Times New Roman\";\">ore 14.30 \u00a0\u00a0\u00a0\u00a0\u00a0\u00a0 Possibilit\u00e0 di confessarsi e inizio laboratori<\/span><\/span><span style=\"font-size:12.0pt;font-family:\"Times New Roman\",\"serif\"\"><o:p><\/o:p><\/span><\/div>\n<div><span style=\"font-size: medium;\"><span style=\"font-family: \"Times New Roman\";\">I laboratori previsti sono per i bambini (a cura di Animatema); per le famiglie (a cura dell\u2019ufficio di pastorale familiare e del Servizio diocesano per<span style=\"background-image: initial; background-position: initial; background-size: initial; background-repeat: initial; background-attachment: initial; background-origin: initial; background-clip: initial;\">\u00a0l&#8217;accoglienza e l&#8217;accompagnamento dei fedeli nelle loro\u00a0<\/span>fragilit\u00e0 matrimoniali); per i giovani (a cura dell\u2019ACG e ACR); per i giovanissimi (a cura del CDV). L&#8217;evento si concluder\u00e0 intorno alle ore 16. [01]<\/span><\/span><span style=\"font-size:12.0pt;font-family:\n\"Times New Roman\",\"serif\"\"><o:p><\/o:p><\/span><\/div>\n","protected":false},"excerpt":{"rendered":"","protected":false},"author":1,"featured_media":0,"comment_status":"open","ping_status":"open","sticky":false,"template":"","format":"standard","meta":[],"categories":[30],"tags":[],"news-destination":[],"news-source":[],"is_homepage":[],"ta_other":[],"_links":{"self":[{"href":"https:\/\/www.chiesedisicilia.org\/chiesedisicilia\/news\/wp-json\/wp\/v2\/posts\/2208"}],"collection":[{"href":"https:\/\/www.chiesedisicilia.org\/chiesedisicilia\/news\/wp-json\/wp\/v2\/posts"}],"about":[{"href":"https:\/\/www.chiesedisicilia.org\/chiesedisicilia\/news\/wp-json\/wp\/v2\/types\/post"}],"author":[{"embeddable":true,"href":"https:\/\/www.chiesedisicilia.org\/chiesedisicilia\/news\/wp-json\/wp\/v2\/users\/1"}],"replies":[{"embeddable":true,"href":"https:\/\/www.chiesedisicilia.org\/chiesedisicilia\/news\/wp-json\/wp\/v2\/comments?post=2208"}],"version-history":[{"count":1,"href":"https:\/\/www.chiesedisicilia.org\/chiesedisicilia\/news\/wp-json\/wp\/v2\/posts\/2208\/revisions"}],"predecessor-version":[{"id":20696,"href":"https:\/\/www.chiesedisicilia.org\/chiesedisicilia\/news\/wp-json\/wp\/v2\/posts\/2208\/revisions\/20696"}],"wp:attachment":[{"href":"https:\/\/www.chiesedisicilia.org\/chiesedisicilia\/news\/wp-json\/wp\/v2\/media?parent=2208"}],"wp:term":[{"taxonomy":"category","embeddable":true,"href":"https:\/\/www.chiesedisicilia.org\/chiesedisicilia\/news\/wp-json\/wp\/v2\/categories?post=2208"},{"taxonomy":"post_tag","embeddable":true,"href":"https:\/\/www.chiesedisicilia.org\/chiesedisicilia\/news\/wp-json\/wp\/v2\/tags?post=2208"},{"taxonomy":"news-destination","embeddable":true,"href":"https:\/\/www.chiesedisicilia.org\/chiesedisicilia\/news\/wp-json\/wp\/v2\/news-destination?post=2208"},{"taxonomy":"news-source","embeddable":true,"href":"https:\/\/www.chiesedisicilia.org\/chiesedisicilia\/news\/wp-json\/wp\/v2\/news-source?post=2208"},{"taxonomy":"is_homepage","embeddable":true,"href":"https:\/\/www.chiesedisicilia.org\/chiesedisicilia\/news\/wp-json\/wp\/v2\/is_homepage?post=2208"},{"taxonomy":"ta_other","embeddable":true,"href":"https:\/\/www.chiesedisicilia.org\/chiesedisicilia\/news\/wp-json\/wp\/v2\/ta_other?post=2208"}],"curies":[{"name":"wp","href":"https:\/\/api.w.org\/{rel}","templated":true}]}}