{"id":2194,"date":"2016-06-09T10:45:00","date_gmt":"2016-06-09T08:45:00","guid":{"rendered":"http:\/\/wptestsite.tecnavia.com\/chiesedisicilia_clientsite\/news\/2016\/06\/09\/cefalu-misericordia-formato-famiglia-2\/"},"modified":"2018-11-09T11:00:57","modified_gmt":"2018-01-13T11:00:57","slug":"cefalu-misericordia-formato-famiglia-2","status":"publish","type":"post","link":"https:\/\/www.chiesedisicilia.org\/2016\/06\/09\/cefalu-misericordia-formato-famiglia-2\/","title":{"rendered":"CEFALU\u2019.  \u201cMISERICORDIA FORMATO FAMIGLIA\u201d"},"content":{"rendered":"<div><span style=\"font-size:12.0pt;font-family:\"Times New Roman\",\"serif\";\nmso-fareast-font-family:\"Times New Roman\"\"><span style=\"font-size: medium;\"><span style=\"font-family: 'Times New Roman';\">\u201cMisericordia formato famiglia\u201d \u00e8 il tema scelto per celebrare la Festa diocesana dei fidanzati e della famiglia che la Diocesi di Cefal\u00f9 propone domenica 19 giugno 2016 a Caltavuturo.<\/span><\/span><o:p><\/o:p><\/span><\/div>\n<div><span style=\"font-size: medium;\"><span style=\"font-family: 'Times New Roman';\">La Giornata giubilare sar\u00e0 guidata dal vescovo mons. Vincenzo Manzella, mentre a guidare la riflessione sar\u00e0 mons. Renzo Bonetti, gi\u00e0 direttore dell\u2019Ufficio per la Pastorale della Famiglia della CEI, oggi presidente della Fondazione Famiglia Dono Grande e membro del Comitato scientifico della Fondazione vaticana \u201cCentro internazionale Famiglia di Nazareth\u201d. \u201cCon la sua ricca esperienza sar\u00e0 valido aiuto alle nostre famiglie \u2013 si legge in una nota del delegato vescovile don Domenico Sausa e di Martin e Maria Milone, direttori dell\u2019Ufficio diocesano \u2013 a prendere ancora maggior consapevolezza di come \u2018la famiglia \u00e8 luogo della misericordia\u2019 e \u2018gli sposi segno visibile della misericordia\u2019\u201d.<\/span><\/span><span style=\"font-size:12.0pt;font-family:\"Times New Roman\",\"serif\";\nmso-fareast-font-family:\"Times New Roman\"\"><o:p><\/o:p><\/span><\/div>\n<div><span style=\"font-size: medium;\"><span style=\"font-family: 'Times New Roman';\">La Giornata giubilare avr\u00e0 inizio alle ore 9.00 con l\u2019accoglienza presso la Chiesa madre SS. Pietro e Paolo. Le relazioni di mons. Bonetti sono previste alle ore 10.30 e alle 14. Alle 15 la condivisione e i lavori di gruppo. La conclusione \u00e8 prevista per le 18.30. L\u2019Ufficio diocesano per la Pastorale della Famiglia della diocesi di Cefal\u00f9 ha previsto anche l\u2019animazione dei bambini delle famiglie che parteciperanno ai lavori, della quale si occuper\u00e0 Animatema. [01]<\/span><\/span><span style=\"font-size:12.0pt;font-family:\"Times New Roman\",\"serif\";\nmso-fareast-font-family:\"Times New Roman\"\"><o:p><\/o:p><\/span><\/div>\n","protected":false},"excerpt":{"rendered":"","protected":false},"author":1,"featured_media":0,"comment_status":"open","ping_status":"open","sticky":false,"template":"","format":"standard","meta":[],"categories":[30],"tags":[],"news-destination":[],"news-source":[],"is_homepage":[],"ta_other":[],"_links":{"self":[{"href":"https:\/\/www.chiesedisicilia.org\/chiesedisicilia\/news\/wp-json\/wp\/v2\/posts\/2194"}],"collection":[{"href":"https:\/\/www.chiesedisicilia.org\/chiesedisicilia\/news\/wp-json\/wp\/v2\/posts"}],"about":[{"href":"https:\/\/www.chiesedisicilia.org\/chiesedisicilia\/news\/wp-json\/wp\/v2\/types\/post"}],"author":[{"embeddable":true,"href":"https:\/\/www.chiesedisicilia.org\/chiesedisicilia\/news\/wp-json\/wp\/v2\/users\/1"}],"replies":[{"embeddable":true,"href":"https:\/\/www.chiesedisicilia.org\/chiesedisicilia\/news\/wp-json\/wp\/v2\/comments?post=2194"}],"version-history":[{"count":1,"href":"https:\/\/www.chiesedisicilia.org\/chiesedisicilia\/news\/wp-json\/wp\/v2\/posts\/2194\/revisions"}],"predecessor-version":[{"id":20682,"href":"https:\/\/www.chiesedisicilia.org\/chiesedisicilia\/news\/wp-json\/wp\/v2\/posts\/2194\/revisions\/20682"}],"wp:attachment":[{"href":"https:\/\/www.chiesedisicilia.org\/chiesedisicilia\/news\/wp-json\/wp\/v2\/media?parent=2194"}],"wp:term":[{"taxonomy":"category","embeddable":true,"href":"https:\/\/www.chiesedisicilia.org\/chiesedisicilia\/news\/wp-json\/wp\/v2\/categories?post=2194"},{"taxonomy":"post_tag","embeddable":true,"href":"https:\/\/www.chiesedisicilia.org\/chiesedisicilia\/news\/wp-json\/wp\/v2\/tags?post=2194"},{"taxonomy":"news-destination","embeddable":true,"href":"https:\/\/www.chiesedisicilia.org\/chiesedisicilia\/news\/wp-json\/wp\/v2\/news-destination?post=2194"},{"taxonomy":"news-source","embeddable":true,"href":"https:\/\/www.chiesedisicilia.org\/chiesedisicilia\/news\/wp-json\/wp\/v2\/news-source?post=2194"},{"taxonomy":"is_homepage","embeddable":true,"href":"https:\/\/www.chiesedisicilia.org\/chiesedisicilia\/news\/wp-json\/wp\/v2\/is_homepage?post=2194"},{"taxonomy":"ta_other","embeddable":true,"href":"https:\/\/www.chiesedisicilia.org\/chiesedisicilia\/news\/wp-json\/wp\/v2\/ta_other?post=2194"}],"curies":[{"name":"wp","href":"https:\/\/api.w.org\/{rel}","templated":true}]}}