{"id":2191,"date":"2016-01-28T13:30:00","date_gmt":"2016-01-28T12:30:00","guid":{"rendered":"http:\/\/wptestsite.tecnavia.com\/chiesedisicilia_clientsite\/news\/2016\/01\/28\/cefalu-giubileo-della-vita-consacrata\/"},"modified":"2018-11-09T11:00:57","modified_gmt":"2018-01-13T11:00:57","slug":"cefalu-giubileo-della-vita-consacrata","status":"publish","type":"post","link":"https:\/\/www.chiesedisicilia.org\/2016\/01\/28\/cefalu-giubileo-della-vita-consacrata\/","title":{"rendered":"CEFALU&#8217;. GIUBILEO DELLA VITA CONSACRATA"},"content":{"rendered":"<div><span style=\"font-size:12.0pt;font-family:\"Times New Roman\",\"serif\"\"><span style=\"font-size: medium;\"><span style=\"font-family: 'Times New Roman';\">&#8220;Per volont\u00e0 del santo Padre Papa Francesco, a 50 anni della pubblicazione del Decreto conciliare Perfectae caritatis e della chiusura del Concilio Vaticano II, \u00e8 stato vissuto come anno della Vita consacrata. Un anno che si era prefissato un triplice obiettivo: guardare il passato con gratitudine, vivere il presente con passione, abbracciare il futuro con speranza; con una triplice attesa: vita gioiosa, vita profetica, esperti di comunione; in un orizzonte che possiamo definire universale, poich\u00e9 destinatari di questo evento sono stati oltre che tutte le persone consacrate, i laici che, con esse, condividono ideali, spirito, missione, tutto il popolo cristiano, le persone consacrate e ai membri di fraternit\u00e0 e comunit\u00e0 appartenenti a Chiese di tradizione diversa da quella cattolica e in modo particolare i vescovi (dalla<span class=\"apple-converted-space\">\u00a0<\/span><em>Lettera Apostolica del Santo Padre Francesco a tutti i Consacrati in occasione dell\u2019Anno della Vita Consacrata<\/em>)&#8221;. Cos\u00ec f<em>ra Antonio Raimondo, delegato diocesano per la Vita Consacrata, che annuncia<\/em> il Giubileo della Cita Consacrata. Si terr\u00e0 luned\u00ec 1 febbraio 2016, alle ore 16.30, nella chiesa Cattedrale di Cefal\u00f9. La celebrazione sar\u00e0 presieduta dal vescovo mons. Vincenzo Manzella e concelebrata da tutti i sacerdoti. Dalla Chiesa del Santissimo, accanto alla Cattedrale, alle ore 16.00, religiosi e religiose si muoveranno in pellegrinaggio e attraverseranno insieme la Porta Santa. [01]<\/span><\/span><o:p><\/o:p><\/span><\/div>\n","protected":false},"excerpt":{"rendered":"","protected":false},"author":1,"featured_media":0,"comment_status":"open","ping_status":"open","sticky":false,"template":"","format":"standard","meta":[],"categories":[30],"tags":[],"news-destination":[],"news-source":[],"is_homepage":[],"ta_other":[],"_links":{"self":[{"href":"https:\/\/www.chiesedisicilia.org\/chiesedisicilia\/news\/wp-json\/wp\/v2\/posts\/2191"}],"collection":[{"href":"https:\/\/www.chiesedisicilia.org\/chiesedisicilia\/news\/wp-json\/wp\/v2\/posts"}],"about":[{"href":"https:\/\/www.chiesedisicilia.org\/chiesedisicilia\/news\/wp-json\/wp\/v2\/types\/post"}],"author":[{"embeddable":true,"href":"https:\/\/www.chiesedisicilia.org\/chiesedisicilia\/news\/wp-json\/wp\/v2\/users\/1"}],"replies":[{"embeddable":true,"href":"https:\/\/www.chiesedisicilia.org\/chiesedisicilia\/news\/wp-json\/wp\/v2\/comments?post=2191"}],"version-history":[{"count":1,"href":"https:\/\/www.chiesedisicilia.org\/chiesedisicilia\/news\/wp-json\/wp\/v2\/posts\/2191\/revisions"}],"predecessor-version":[{"id":20681,"href":"https:\/\/www.chiesedisicilia.org\/chiesedisicilia\/news\/wp-json\/wp\/v2\/posts\/2191\/revisions\/20681"}],"wp:attachment":[{"href":"https:\/\/www.chiesedisicilia.org\/chiesedisicilia\/news\/wp-json\/wp\/v2\/media?parent=2191"}],"wp:term":[{"taxonomy":"category","embeddable":true,"href":"https:\/\/www.chiesedisicilia.org\/chiesedisicilia\/news\/wp-json\/wp\/v2\/categories?post=2191"},{"taxonomy":"post_tag","embeddable":true,"href":"https:\/\/www.chiesedisicilia.org\/chiesedisicilia\/news\/wp-json\/wp\/v2\/tags?post=2191"},{"taxonomy":"news-destination","embeddable":true,"href":"https:\/\/www.chiesedisicilia.org\/chiesedisicilia\/news\/wp-json\/wp\/v2\/news-destination?post=2191"},{"taxonomy":"news-source","embeddable":true,"href":"https:\/\/www.chiesedisicilia.org\/chiesedisicilia\/news\/wp-json\/wp\/v2\/news-source?post=2191"},{"taxonomy":"is_homepage","embeddable":true,"href":"https:\/\/www.chiesedisicilia.org\/chiesedisicilia\/news\/wp-json\/wp\/v2\/is_homepage?post=2191"},{"taxonomy":"ta_other","embeddable":true,"href":"https:\/\/www.chiesedisicilia.org\/chiesedisicilia\/news\/wp-json\/wp\/v2\/ta_other?post=2191"}],"curies":[{"name":"wp","href":"https:\/\/api.w.org\/{rel}","templated":true}]}}