{"id":2180,"date":"2015-07-23T15:42:00","date_gmt":"2015-07-23T13:42:00","guid":{"rendered":"http:\/\/wptestsite.tecnavia.com\/chiesedisicilia_clientsite\/news\/2015\/07\/23\/cefalu-verso-cracovia-doppio-appuntamento-per-i-giovani\/"},"modified":"2018-11-09T11:00:57","modified_gmt":"2018-01-13T11:00:57","slug":"cefalu-verso-cracovia-doppio-appuntamento-per-i-giovani","status":"publish","type":"post","link":"https:\/\/www.chiesedisicilia.org\/2015\/07\/23\/cefalu-verso-cracovia-doppio-appuntamento-per-i-giovani\/","title":{"rendered":"CEFALU&#8217;. VERSO CRACOVIA: DOPPIO APPUNTAMENTO PER I GIOVANI"},"content":{"rendered":"<div><span style=\"font-size: medium;\"><span style=\"font-family: 'Times New Roman';\">&#8220;Siamo lieti di invitare giovani e giovanissimi a partecipare alla prima tappa del percorso verso la Giornata Mondiale della Giovent\u00f9 di Cracovia 2016. Cercheremo di vivere questo percorso come esperienza di fede nella sua globalit\u00e0&#8221;. Cos\u00ec l&#8217;Ufficio diocesano per la Pastorale giovanile annucnia il pellegrinaggio in Diocesi delle<span style=\"color: rgb(38, 38, 38);\"> icone di S. Maria di Loreto e della Croce di San Damiano.<\/span><\/span><\/span><span style=\"font-size:12.0pt;font-family:\"Times New Roman\",\"serif\";\ncolor:#262626\"><o:p><\/o:p><\/span><\/div>\n<div><span style=\"font-size: medium;\"><span style=\"font-family: 'Times New Roman';\"><span style=\"color: rgb(38, 38, 38);\">Sono i due simboli che fin dalla GMG di Buenos Aires del 1987 hanno accompagnato gli italiani ad incontrare i giovani di tutto il mondo. Papa Francesco ha benedetto le ha benedette durante l&#8217;udienza generale del 25 marzo scorso, perch\u00e9 il giorno della Domenica delle Palme iniziasse il pellegrinaggio nelle diocesi italiane. Saranno accolte in Sicilia dal 13 luglio all\u201911 agosto e arriveranno nella Diocesi di Cefal\u00f9 gioved\u00ec 30 luglio.<\/span><\/span><\/span><span style=\"font-size:12.0pt;font-family:\"Times New Roman\",\"serif\";\ncolor:#262626\"><o:p><\/o:p><\/span><\/div>\n<div><span style=\"font-size: medium;\"><span style=\"font-family: 'Times New Roman';\"><span style=\"color: rgb(38, 38, 38);\">La giornata sar\u00e0 divisa in\u00a0 due momenti: il primo a Castelbuono, presso il monastero S. Maria degli Angeli, e il secondo presso la parrocchia S. Francesco, in Cefal\u00f9.<\/span> <\/span><\/span><span style=\"font-size: 12pt; font-family: 'Times New Roman', serif;\"><o:p><\/o:p><\/span><\/div>\n<div><span style=\"font-size: medium;\"><span style=\"font-family: 'Times New Roman';\">Il percorso formativo che la Diocesi propone non riguarda solo i giovani che andranno a Cracovia, ma riguarda tutti. Durante la Giornata Mondiale della Giovent\u00f9 2013, tenutasi a Rio de Janeiro, Papa Francesco ha chiesto ai giovani, \u201ccon tutto il cuore\u201d, di rileggere le Beatitudini per farne un<\/span><\/span><span style=\"font-size: 12pt; font-family: 'Times New Roman', serif;\"><o:p><\/o:p><\/span><\/div>\n<div><span style=\"font-size: medium;\"><span style=\"font-family: 'Times New Roman';\">concreto programma di vita.<\/span><\/span><span style=\"font-size: 12pt; font-family: 'Times New Roman', serif;\"><o:p><\/o:p><\/span><\/div>\n<div><span style=\"font-size: medium;\"><span style=\"font-family: 'Times New Roman';\"><span style=\"color: rgb(38, 38, 38);\">A <\/span>febbraio 2014 lo stesso Papa Francesco ha stabilito i temi delle successive Giornate Mondiali della Giovent\u00f9, scandendo le tappe dell\u2019itinerario di preparazione spirituale che nell\u2019arco di tre anni avrebbe condotto a Cracovia dal 26 al 31 luglio 2016.<\/span><\/span><span style=\"font-size: 12pt; font-family: 'Times New Roman', serif;\"><o:p><\/o:p><\/span><\/div>\n<div><span style=\"font-size: medium; font-family: 'Times New Roman';\">Per la GMG diocesana del 2014, il tema \u00e8 stato \u201cBeati i poveri in spirito, perch\u00e9 di essi \u00e8 il regno dei cieli\u201d (Mt 5,3); per la GMG del 2015: \u201cBeati i puri di cuore, perch\u00e9 vedranno Dio\u201d (Mt 5,8); infine, per la GMG di Cracovia del 2016: \u201cBeati i misericordiosi, perch\u00e9 troveranno misericordia\u201d (Mt 5,7).<\/span><font face=\"Times New Roman, serif\"><span style=\"font-size: 16px;\">\u00a0<\/span><\/font><span style=\"font-family: 'Times New Roman'; font-size: medium;\">Le beatitudini, cos\u00ec come viene proposto dal Servizio Nazionale di Pastorale Giovanile, potranno essere il testo biblico di riferimento per la lectio divina da proporre ai giovani nell\u2019anno pastorale 2015\/16.<\/span><\/div>\n<div><span style=\"font-size: medium; font-family: 'Times New Roman';\">La quota di partecipazione prevede due modalit\u00e0: la prima (\u20ac 350,00) relativa solo ai giorni della GMG (26- 31 luglio 2016); la seconda (\u20ac 650,00) invece relativa anche alla visita di alcune citt\u00e0 e<\/span><font face=\"Times New Roman, serif\"><span style=\"font-size: 16px;\">\u00a0<\/span><\/font><span style=\"font-family: 'Times New Roman'; font-size: medium;\">luoghi importanti della Polonia (26 luglio- 4 agosto 2016). A queste quote preventivate dalla BBC Services \u00e8 da aggiungere la quota CEI, non ancora stabilita. Coloro che volessero partecipare sono pregati di versare la quota di \u20ac 100,00 entro settembre 2015, specificando quale delle due modalit\u00e0 di viaggio si preferisce scegliere. [01]<\/span><\/div>\n","protected":false},"excerpt":{"rendered":"","protected":false},"author":1,"featured_media":0,"comment_status":"open","ping_status":"open","sticky":false,"template":"","format":"standard","meta":[],"categories":[30],"tags":[],"news-destination":[],"news-source":[],"is_homepage":[],"ta_other":[],"_links":{"self":[{"href":"https:\/\/www.chiesedisicilia.org\/chiesedisicilia\/news\/wp-json\/wp\/v2\/posts\/2180"}],"collection":[{"href":"https:\/\/www.chiesedisicilia.org\/chiesedisicilia\/news\/wp-json\/wp\/v2\/posts"}],"about":[{"href":"https:\/\/www.chiesedisicilia.org\/chiesedisicilia\/news\/wp-json\/wp\/v2\/types\/post"}],"author":[{"embeddable":true,"href":"https:\/\/www.chiesedisicilia.org\/chiesedisicilia\/news\/wp-json\/wp\/v2\/users\/1"}],"replies":[{"embeddable":true,"href":"https:\/\/www.chiesedisicilia.org\/chiesedisicilia\/news\/wp-json\/wp\/v2\/comments?post=2180"}],"version-history":[{"count":1,"href":"https:\/\/www.chiesedisicilia.org\/chiesedisicilia\/news\/wp-json\/wp\/v2\/posts\/2180\/revisions"}],"predecessor-version":[{"id":20670,"href":"https:\/\/www.chiesedisicilia.org\/chiesedisicilia\/news\/wp-json\/wp\/v2\/posts\/2180\/revisions\/20670"}],"wp:attachment":[{"href":"https:\/\/www.chiesedisicilia.org\/chiesedisicilia\/news\/wp-json\/wp\/v2\/media?parent=2180"}],"wp:term":[{"taxonomy":"category","embeddable":true,"href":"https:\/\/www.chiesedisicilia.org\/chiesedisicilia\/news\/wp-json\/wp\/v2\/categories?post=2180"},{"taxonomy":"post_tag","embeddable":true,"href":"https:\/\/www.chiesedisicilia.org\/chiesedisicilia\/news\/wp-json\/wp\/v2\/tags?post=2180"},{"taxonomy":"news-destination","embeddable":true,"href":"https:\/\/www.chiesedisicilia.org\/chiesedisicilia\/news\/wp-json\/wp\/v2\/news-destination?post=2180"},{"taxonomy":"news-source","embeddable":true,"href":"https:\/\/www.chiesedisicilia.org\/chiesedisicilia\/news\/wp-json\/wp\/v2\/news-source?post=2180"},{"taxonomy":"is_homepage","embeddable":true,"href":"https:\/\/www.chiesedisicilia.org\/chiesedisicilia\/news\/wp-json\/wp\/v2\/is_homepage?post=2180"},{"taxonomy":"ta_other","embeddable":true,"href":"https:\/\/www.chiesedisicilia.org\/chiesedisicilia\/news\/wp-json\/wp\/v2\/ta_other?post=2180"}],"curies":[{"name":"wp","href":"https:\/\/api.w.org\/{rel}","templated":true}]}}