{"id":2168,"date":"2014-06-27T12:23:00","date_gmt":"2014-06-27T10:23:00","guid":{"rendered":"http:\/\/wptestsite.tecnavia.com\/chiesedisicilia_clientsite\/news\/2014\/06\/27\/cefalu-azione-cattolica-piedi-per-il-campo-scuola-per-giovani\/"},"modified":"2018-11-09T11:00:57","modified_gmt":"2018-01-13T11:00:57","slug":"cefalu-azione-cattolica-piedi-per-il-campo-scuola-per-giovani","status":"publish","type":"post","link":"https:\/\/www.chiesedisicilia.org\/2014\/06\/27\/cefalu-azione-cattolica-piedi-per-il-campo-scuola-per-giovani\/","title":{"rendered":"CEFAL\u00d9. AZIONE CATTOLICA: &#8220;PIEDI PER &#8230;&#8221; IL CAMPO SCUOLA PER GIOVANI"},"content":{"rendered":"<p style=\"margin: 9pt 0cm; background-image: initial; background-attachment: initial; background-size: initial; background-origin: initial; background-clip: initial; background-position: initial; background-repeat: initial;\"><span style=\"font-size: medium;\"><span style=\"font-family: 'Times New Roman';\"><span class=\"MsoIntenseEmphasis\">&#8220;<\/span><span class=\"MsoIntenseEmphasis\">Il periodo estivo \u00e8 per eccellenza il tempo del riposo, ma anche il tempo favorevole per incontrarsi e poter godere della bellezza e della ricchezza dell\u2019 \u201caltro\u201d.<\/span><span class=\"MsoIntenseEmphasis\"> A<\/span><span class=\"MsoIntenseEmphasis\">l termine dell\u2019anno della testimonianza, riconosciamo che ogni incontro \u00e8 momento privilegiato per la missione, ma anche occasione propizia per accrescere la nostra fede e per sperimentare la bellezza di \u201ccredere insieme\u201d.<\/span><span class=\"MsoIntenseEmphasis\"> <\/span><span class=\"MsoIntenseEmphasis\">\u00a0Proprio per questo, anche quest\u2019anno abbiamo pensato di riproporre l\u2019esperienza del campo scuola diocesano<\/span><span class=\"MsoIntenseEmphasis\">&#8220;<\/span><span class=\"MsoIntenseEmphasis\">.<\/span><span class=\"MsoIntenseEmphasis\"> Con queste parole l<\/span><span class=\"MsoIntenseEmphasis\">\u2019equipe diocesana giovani<\/span><span class=\"MsoIntenseEmphasis\"> dell&#8217;Azione Cattolica propone la propria iniziativa estiva, &#8220;<\/span><span class=\"MsoIntenseEmphasis\">occasione di crescita personale e una volta concluso lo porta nel cuore come una memoria preziosa<\/span><span class=\"MsoIntenseEmphasis\">&#8220;<\/span><span class=\"MsoIntenseEmphasis\">.<\/span><\/span><\/span><span class=\"MsoIntenseEmphasis\"><o:p><\/o:p><\/span><\/p>\n<p style=\"margin: 9pt 0cm; background-image: initial; background-attachment: initial; background-size: initial; background-origin: initial; background-clip: initial; background-position: initial; background-repeat: initial;\"><span style=\"font-size: medium;\"><span style=\"font-family: 'Times New Roman';\"><span class=\"MsoIntenseEmphasis\">Il <\/span><span class=\"MsoIntenseEmphasis\">titolo del <\/span><span class=\"MsoIntenseEmphasis\">campo scuola diocesano <\/span><span class=\"MsoIntenseEmphasis\">\u00e8 <\/span><span class=\"MsoIntenseEmphasis\">\u201cP<\/span><span class=\"MsoIntenseEmphasis\">iedi per <\/span><span class=\"MsoIntenseEmphasis\">\u2026\u201d <\/span><span class=\"MsoIntenseEmphasis\">\u00a0e <\/span><span class=\"MsoIntenseEmphasis\">si <\/span><span class=\"MsoIntenseEmphasis\">tiene<\/span><span class=\"MsoIntenseEmphasis\"><span style=\"color: windowtext;\"> <\/span><\/span><span class=\"MsoIntenseEmphasis\">da venerd\u00ec 1 a domenica 3 agosto<\/span><span class=\"MsoIntenseEmphasis\">, presso la\u00a0\u201cDomus Agathae\u201d\u00a0di\u00a0C<\/span><span class=\"MsoIntenseEmphasis\">atania, ed \u00e8 aperto ai<\/span><span class=\"MsoIntenseEmphasis\"> giovanissimi dai 15 ai 18 anni e ai giovani dai 19 ai 30 anni<\/span><span class=\"MsoIntenseEmphasis\">.<\/span><\/span><\/span><span class=\"MsoIntenseEmphasis\"><span style=\"color: windowtext;\"><o:p><\/o:p><\/span><\/span><\/p>\n<p style=\"margin: 9pt 0cm; background-image: initial; background-attachment: initial; background-size: initial; background-origin: initial; background-clip: initial; background-position: initial; background-repeat: initial;\"><span style=\"font-size: medium;\"><span style=\"font-family: 'Times New Roman';\"><span class=\"MsoIntenseEmphasis\">&#8220;<\/span><span class=\"MsoIntenseEmphasis\">Il campo scuola rappresenta, un\u2019esperienza forte nel cammino di formazione, \u00e8 un momento prezioso in cui, uscendo dalla routine della quotidianit\u00e0, si ha possibilit\u00e0 di mettersi in ascolto, di pregare, di condividere, di fraternizzare e creare nuove relazioni umane e cristiane nella gioia che il Signore ci dona nello stare insieme. Inoltre<\/span><span class=\"MsoIntenseEmphasis\"> &#8211; scrivono don Calogero Cerami, Gero Bertolino e Alessandra Mitra &#8211;<\/span><span class=\"MsoIntenseEmphasis\"> \u00e8 un\u2019occasione imperdibile da cui poter attingere le energie necessarie per vivere pienamente il prossimo anno associativo.<\/span><span class=\"MsoIntenseEmphasis\"> <\/span><span class=\"MsoIntenseEmphasis\">Essendo chiamati a condividere con tutti, la gioia che ci viene dalla nostra fede e dalla nostra appartenenza all\u2019Azione Cattolica, vogliamo estendere l\u2019invito non solo ai tesserati ma anche ai simpatizzanti, e a tutti i quei giovani che pensiate possano essere interessati a vivere questa esperienza<\/span><span class=\"MsoIntenseEmphasis\">&#8220;<\/span><span class=\"MsoIntenseEmphasis\">.<\/span><span class=\"MsoIntenseEmphasis\"> [01]<\/span><\/span><\/span><span class=\"MsoIntenseEmphasis\"><sup><o:p><\/o:p><\/sup><\/span><\/p>\n","protected":false},"excerpt":{"rendered":"","protected":false},"author":1,"featured_media":0,"comment_status":"open","ping_status":"open","sticky":false,"template":"","format":"standard","meta":[],"categories":[30],"tags":[],"news-destination":[],"news-source":[],"is_homepage":[],"ta_other":[],"_links":{"self":[{"href":"https:\/\/www.chiesedisicilia.org\/chiesedisicilia\/news\/wp-json\/wp\/v2\/posts\/2168"}],"collection":[{"href":"https:\/\/www.chiesedisicilia.org\/chiesedisicilia\/news\/wp-json\/wp\/v2\/posts"}],"about":[{"href":"https:\/\/www.chiesedisicilia.org\/chiesedisicilia\/news\/wp-json\/wp\/v2\/types\/post"}],"author":[{"embeddable":true,"href":"https:\/\/www.chiesedisicilia.org\/chiesedisicilia\/news\/wp-json\/wp\/v2\/users\/1"}],"replies":[{"embeddable":true,"href":"https:\/\/www.chiesedisicilia.org\/chiesedisicilia\/news\/wp-json\/wp\/v2\/comments?post=2168"}],"version-history":[{"count":1,"href":"https:\/\/www.chiesedisicilia.org\/chiesedisicilia\/news\/wp-json\/wp\/v2\/posts\/2168\/revisions"}],"predecessor-version":[{"id":20658,"href":"https:\/\/www.chiesedisicilia.org\/chiesedisicilia\/news\/wp-json\/wp\/v2\/posts\/2168\/revisions\/20658"}],"wp:attachment":[{"href":"https:\/\/www.chiesedisicilia.org\/chiesedisicilia\/news\/wp-json\/wp\/v2\/media?parent=2168"}],"wp:term":[{"taxonomy":"category","embeddable":true,"href":"https:\/\/www.chiesedisicilia.org\/chiesedisicilia\/news\/wp-json\/wp\/v2\/categories?post=2168"},{"taxonomy":"post_tag","embeddable":true,"href":"https:\/\/www.chiesedisicilia.org\/chiesedisicilia\/news\/wp-json\/wp\/v2\/tags?post=2168"},{"taxonomy":"news-destination","embeddable":true,"href":"https:\/\/www.chiesedisicilia.org\/chiesedisicilia\/news\/wp-json\/wp\/v2\/news-destination?post=2168"},{"taxonomy":"news-source","embeddable":true,"href":"https:\/\/www.chiesedisicilia.org\/chiesedisicilia\/news\/wp-json\/wp\/v2\/news-source?post=2168"},{"taxonomy":"is_homepage","embeddable":true,"href":"https:\/\/www.chiesedisicilia.org\/chiesedisicilia\/news\/wp-json\/wp\/v2\/is_homepage?post=2168"},{"taxonomy":"ta_other","embeddable":true,"href":"https:\/\/www.chiesedisicilia.org\/chiesedisicilia\/news\/wp-json\/wp\/v2\/ta_other?post=2168"}],"curies":[{"name":"wp","href":"https:\/\/api.w.org\/{rel}","templated":true}]}}