{"id":2164,"date":"2014-03-19T11:55:00","date_gmt":"2014-03-19T10:55:00","guid":{"rendered":"http:\/\/wptestsite.tecnavia.com\/chiesedisicilia_clientsite\/news\/2014\/03\/19\/cefalu-la-politica-come-realizzazione-del-bene-comune\/"},"modified":"2018-11-09T11:00:57","modified_gmt":"2018-01-13T11:00:57","slug":"cefalu-la-politica-come-realizzazione-del-bene-comune","status":"publish","type":"post","link":"https:\/\/www.chiesedisicilia.org\/2014\/03\/19\/cefalu-la-politica-come-realizzazione-del-bene-comune\/","title":{"rendered":"CEFAL\u00d9. LA POLITICA COME REALIZZAZIONE DEL BENE COMUNE"},"content":{"rendered":"<div>\u00a0<\/div>\n<div>\n<div>&#8220;Nella comunit\u00e0 politica, tutti sono chiamati, soprattutto quelli che si dedicano all\u2019attivit\u00e0 politica come sfera specifica di azione, a tendere e collaborare stabilmente per la realizzazione del bene comune prima che dei beni particolari: individuali o di gruppo che siano&#8221;: con queste parole mons. Giovanni Silvestri, docente di filosofia, anticipa la relazione che pronuncer\u00e0 domani 20 Marzo durante il quinto incontro della seconda annualit\u00e0 del Laboratorio di Formazione socio-politica, organizzato dall&#8217;Ufficio della Pastorale Sociale e del Lavoro della diocesi di Cefal\u00f9.<\/div>\n<div>\u00a0<\/div>\n<div>\n<div>&#8220;La mia relazione &#8211; dice Silvestri, che approfndir\u00e0 il tema &#8220;La politica come realizzazione del bene comune &#8211; focalizzer\u00e0 il fine proprio della \u201cpolitica&#8221;. Nel senso generale, tale fine potr\u00e0 essere ottenuto attraverso la dinamica realizzazione, da parte di tutti e di ognuno, del \u201cbene comune&#8221; da intendere come bene unico e integrale della comunit\u00e0 politica in quanto tale. Nel senso pi\u00f9 specifico, tale<\/div>\n<div>finalit\u00e0 dovr\u00e0 essere perseguita da quanti, eletti e\/o designati dalla comunit\u00e0, sono chiamati ad orientare, organizzare, normare concretamente la vita economica, culturale, sociale, politica, religiosa, ecc. della stessa comunit\u00e0 statale&#8221;.<\/div>\n<\/div>\n<\/div>\n<div>\u00a0<\/div>\n<div>L&#8217;incontro, al quale parteciper\u00e0 \u00a0don Calogero Falcone, direttore dell&#8217;ufficio diocesano per i problemi sociali e il lavoro, si terr\u00e0 a partire dalle 17.30 nella sala della Comunit\u00e0 di Betania, presso la Parrocchia Sant&#8217;Agata alla Kalura, a Cefal\u00f9.<\/div>\n<div>\u00a0<\/div>\n<div>\u00a0<\/div>\n","protected":false},"excerpt":{"rendered":"","protected":false},"author":1,"featured_media":0,"comment_status":"open","ping_status":"open","sticky":false,"template":"","format":"standard","meta":[],"categories":[30],"tags":[],"news-destination":[],"news-source":[],"is_homepage":[],"ta_other":[],"_links":{"self":[{"href":"https:\/\/www.chiesedisicilia.org\/chiesedisicilia\/news\/wp-json\/wp\/v2\/posts\/2164"}],"collection":[{"href":"https:\/\/www.chiesedisicilia.org\/chiesedisicilia\/news\/wp-json\/wp\/v2\/posts"}],"about":[{"href":"https:\/\/www.chiesedisicilia.org\/chiesedisicilia\/news\/wp-json\/wp\/v2\/types\/post"}],"author":[{"embeddable":true,"href":"https:\/\/www.chiesedisicilia.org\/chiesedisicilia\/news\/wp-json\/wp\/v2\/users\/1"}],"replies":[{"embeddable":true,"href":"https:\/\/www.chiesedisicilia.org\/chiesedisicilia\/news\/wp-json\/wp\/v2\/comments?post=2164"}],"version-history":[{"count":1,"href":"https:\/\/www.chiesedisicilia.org\/chiesedisicilia\/news\/wp-json\/wp\/v2\/posts\/2164\/revisions"}],"predecessor-version":[{"id":20652,"href":"https:\/\/www.chiesedisicilia.org\/chiesedisicilia\/news\/wp-json\/wp\/v2\/posts\/2164\/revisions\/20652"}],"wp:attachment":[{"href":"https:\/\/www.chiesedisicilia.org\/chiesedisicilia\/news\/wp-json\/wp\/v2\/media?parent=2164"}],"wp:term":[{"taxonomy":"category","embeddable":true,"href":"https:\/\/www.chiesedisicilia.org\/chiesedisicilia\/news\/wp-json\/wp\/v2\/categories?post=2164"},{"taxonomy":"post_tag","embeddable":true,"href":"https:\/\/www.chiesedisicilia.org\/chiesedisicilia\/news\/wp-json\/wp\/v2\/tags?post=2164"},{"taxonomy":"news-destination","embeddable":true,"href":"https:\/\/www.chiesedisicilia.org\/chiesedisicilia\/news\/wp-json\/wp\/v2\/news-destination?post=2164"},{"taxonomy":"news-source","embeddable":true,"href":"https:\/\/www.chiesedisicilia.org\/chiesedisicilia\/news\/wp-json\/wp\/v2\/news-source?post=2164"},{"taxonomy":"is_homepage","embeddable":true,"href":"https:\/\/www.chiesedisicilia.org\/chiesedisicilia\/news\/wp-json\/wp\/v2\/is_homepage?post=2164"},{"taxonomy":"ta_other","embeddable":true,"href":"https:\/\/www.chiesedisicilia.org\/chiesedisicilia\/news\/wp-json\/wp\/v2\/ta_other?post=2164"}],"curies":[{"name":"wp","href":"https:\/\/api.w.org\/{rel}","templated":true}]}}