{"id":2160,"date":"2014-01-31T12:23:00","date_gmt":"2014-01-31T11:23:00","guid":{"rendered":"http:\/\/wptestsite.tecnavia.com\/chiesedisicilia_clientsite\/news\/2014\/01\/31\/cefalu-laboratorio-socio-politico-la-fede-come-pratica-sociale\/"},"modified":"2018-11-09T11:00:57","modified_gmt":"2018-01-13T11:00:57","slug":"cefalu-laboratorio-socio-politico-la-fede-come-pratica-sociale","status":"publish","type":"post","link":"https:\/\/www.chiesedisicilia.org\/2014\/01\/31\/cefalu-laboratorio-socio-politico-la-fede-come-pratica-sociale\/","title":{"rendered":"CEFAL\u00d9. LABORATORIO SOCIO-POLITICO: \u201cLA FEDE COME PRATICA SOCIALE\u201d"},"content":{"rendered":"<p class=\"MsoNormal\"><span style=\"font-size: medium;\"><span style=\"font-family: 'Times New Roman';\">L&#8217;Ufficio della Pastorale sociale e del Lavoro aggiunge un pizzico di sale al secondo Laboratorio di formazione socio-politica iniziato il 17 gennaio. E&#8217; infatti in programma venerd\u00ec 31 gennaio, nella parrocchia Sant\u2019Agata alla Kalura, alle ore 17:30, il secondo incontro sul tema: \u201cLa fede come pratica sociale\u201d. Relatore mons. Giovanni Silvestri, direttore dell&#8217;Ufficio diocesano di Pastorale della Cultura, docente di filosofia.<\/span><\/span><\/p>\n<p class=\"MsoNormal\"><span style=\"font-size: medium;\"><span style=\"font-family: 'Times New Roman';\">\u201cGi\u00e0 Ges\u00f9 stesso parlando ai suoi discepoli li esorta a non vivere una fede asettica, distaccata dal contesto storico sociale in cui essi vivevano \u00a0&#8211; osserva don Calogero Falcone, direttore Ufficio di Pastorale sociale e del Lavoro -, \u2018Dai frutti vi riconosceranno&#8230;\u2019 \u00e8 chiaro l&#8217;invito di Ges\u00f9 ad un impegno a tradurre l&#8217;esperienza personale del discepolato in testimonianza collettiva di fede. Non esiste una fede che non sia incarnata nel territorio, nel contesto storico sociale a cui essa \u00e8 chiamata ad esprimersi: la fede ti chiama alla testimonianza, al servizio, alla preghiera. Se l\u2019affermazione \u2018la fede \u00e8 pratica sociale\u2019 venisse fatta propria da ogni cristiano nei vari ruoli che ricopre, sia esso imprenditore, politico, insegnante, operaio, padre di famiglia, consacrato, forse vivremmo una solidariet\u00e0 umana, cristiana e sociale capace di rispondere con pi\u00f9 efficacia ai bisogni ed alle fragilit\u00e0 dell&#8217;uomo\u201d.<\/span><\/span><\/p>\n<p class=\"MsoNormal\"><span style=\"font-size: medium;\"><span style=\"font-family: 'Times New Roman';\">Dell&#8217;incontro si occuper\u00e0 domenica 2 febbraio \u201cIl Giornale di Cefal\u00f9\u201d di Carlo Antonio Biondo su Radio Cammarata in Blu e potr\u00e0 essere integralmente seguito su \u201cfedericocammarata.tv\u201d. [01]<\/span><\/span><\/p>\n","protected":false},"excerpt":{"rendered":"","protected":false},"author":1,"featured_media":0,"comment_status":"open","ping_status":"open","sticky":false,"template":"","format":"standard","meta":[],"categories":[30],"tags":[],"news-destination":[],"news-source":[],"is_homepage":[],"ta_other":[],"_links":{"self":[{"href":"https:\/\/www.chiesedisicilia.org\/chiesedisicilia\/news\/wp-json\/wp\/v2\/posts\/2160"}],"collection":[{"href":"https:\/\/www.chiesedisicilia.org\/chiesedisicilia\/news\/wp-json\/wp\/v2\/posts"}],"about":[{"href":"https:\/\/www.chiesedisicilia.org\/chiesedisicilia\/news\/wp-json\/wp\/v2\/types\/post"}],"author":[{"embeddable":true,"href":"https:\/\/www.chiesedisicilia.org\/chiesedisicilia\/news\/wp-json\/wp\/v2\/users\/1"}],"replies":[{"embeddable":true,"href":"https:\/\/www.chiesedisicilia.org\/chiesedisicilia\/news\/wp-json\/wp\/v2\/comments?post=2160"}],"version-history":[{"count":1,"href":"https:\/\/www.chiesedisicilia.org\/chiesedisicilia\/news\/wp-json\/wp\/v2\/posts\/2160\/revisions"}],"predecessor-version":[{"id":20650,"href":"https:\/\/www.chiesedisicilia.org\/chiesedisicilia\/news\/wp-json\/wp\/v2\/posts\/2160\/revisions\/20650"}],"wp:attachment":[{"href":"https:\/\/www.chiesedisicilia.org\/chiesedisicilia\/news\/wp-json\/wp\/v2\/media?parent=2160"}],"wp:term":[{"taxonomy":"category","embeddable":true,"href":"https:\/\/www.chiesedisicilia.org\/chiesedisicilia\/news\/wp-json\/wp\/v2\/categories?post=2160"},{"taxonomy":"post_tag","embeddable":true,"href":"https:\/\/www.chiesedisicilia.org\/chiesedisicilia\/news\/wp-json\/wp\/v2\/tags?post=2160"},{"taxonomy":"news-destination","embeddable":true,"href":"https:\/\/www.chiesedisicilia.org\/chiesedisicilia\/news\/wp-json\/wp\/v2\/news-destination?post=2160"},{"taxonomy":"news-source","embeddable":true,"href":"https:\/\/www.chiesedisicilia.org\/chiesedisicilia\/news\/wp-json\/wp\/v2\/news-source?post=2160"},{"taxonomy":"is_homepage","embeddable":true,"href":"https:\/\/www.chiesedisicilia.org\/chiesedisicilia\/news\/wp-json\/wp\/v2\/is_homepage?post=2160"},{"taxonomy":"ta_other","embeddable":true,"href":"https:\/\/www.chiesedisicilia.org\/chiesedisicilia\/news\/wp-json\/wp\/v2\/ta_other?post=2160"}],"curies":[{"name":"wp","href":"https:\/\/api.w.org\/{rel}","templated":true}]}}