{"id":2152,"date":"2013-10-01T14:48:00","date_gmt":"2013-10-01T12:48:00","guid":{"rendered":"http:\/\/wptestsite.tecnavia.com\/chiesedisicilia_clientsite\/news\/2013\/10\/01\/cefalu-la-formazione-dei-formatori\/"},"modified":"2018-11-09T11:00:56","modified_gmt":"2018-01-13T11:00:56","slug":"cefalu-la-formazione-dei-formatori","status":"publish","type":"post","link":"https:\/\/www.chiesedisicilia.org\/2013\/10\/01\/cefalu-la-formazione-dei-formatori\/","title":{"rendered":"CEFALU&#8217;. &#8220;LA FORMAZIONE DEI FORMATORI&#8221;"},"content":{"rendered":"<div>Il 4 ottobre, festa di S. Francesco d&#8217;Assisi, la Chiesa di Cefal\u00f9 accoglier\u00e0 dal Suo Vescovo, in sintonia con le direttive della Conferenza Episcopale Italiana, il Programma per il nuovo anno pastorale: la formazione dei formatori. L&#8217;incontro avr\u00e0 luogo a Cefal\u00f9 in Cattedrale alle ore 16.30.\u00a0<\/div>\n<p style=\"margin:0cm;margin-bottom:.0001pt\"><o:p><\/o:p><\/p>\n<p style=\"margin:0cm;margin-bottom:.0001pt\" mce_style=\"margin: 0px; padding: 0px;\">Dopo la relazione tenuta dal Prof Carmelo Asciutto dell&#8217; Ufficio Catechistico Nazionale, Mons.Vincenzo Manzella presenter\u00e0 e consegner\u00e0 alla Comunit\u00e0 Ecclesiale di Cefal\u00f9 il Programma pastorale per il 2013-2014.<o:p><\/o:p><\/p>\n","protected":false},"excerpt":{"rendered":"","protected":false},"author":1,"featured_media":0,"comment_status":"open","ping_status":"open","sticky":false,"template":"","format":"standard","meta":[],"categories":[30],"tags":[],"news-destination":[],"news-source":[],"is_homepage":[],"ta_other":[],"_links":{"self":[{"href":"https:\/\/www.chiesedisicilia.org\/chiesedisicilia\/news\/wp-json\/wp\/v2\/posts\/2152"}],"collection":[{"href":"https:\/\/www.chiesedisicilia.org\/chiesedisicilia\/news\/wp-json\/wp\/v2\/posts"}],"about":[{"href":"https:\/\/www.chiesedisicilia.org\/chiesedisicilia\/news\/wp-json\/wp\/v2\/types\/post"}],"author":[{"embeddable":true,"href":"https:\/\/www.chiesedisicilia.org\/chiesedisicilia\/news\/wp-json\/wp\/v2\/users\/1"}],"replies":[{"embeddable":true,"href":"https:\/\/www.chiesedisicilia.org\/chiesedisicilia\/news\/wp-json\/wp\/v2\/comments?post=2152"}],"version-history":[{"count":1,"href":"https:\/\/www.chiesedisicilia.org\/chiesedisicilia\/news\/wp-json\/wp\/v2\/posts\/2152\/revisions"}],"predecessor-version":[{"id":20641,"href":"https:\/\/www.chiesedisicilia.org\/chiesedisicilia\/news\/wp-json\/wp\/v2\/posts\/2152\/revisions\/20641"}],"wp:attachment":[{"href":"https:\/\/www.chiesedisicilia.org\/chiesedisicilia\/news\/wp-json\/wp\/v2\/media?parent=2152"}],"wp:term":[{"taxonomy":"category","embeddable":true,"href":"https:\/\/www.chiesedisicilia.org\/chiesedisicilia\/news\/wp-json\/wp\/v2\/categories?post=2152"},{"taxonomy":"post_tag","embeddable":true,"href":"https:\/\/www.chiesedisicilia.org\/chiesedisicilia\/news\/wp-json\/wp\/v2\/tags?post=2152"},{"taxonomy":"news-destination","embeddable":true,"href":"https:\/\/www.chiesedisicilia.org\/chiesedisicilia\/news\/wp-json\/wp\/v2\/news-destination?post=2152"},{"taxonomy":"news-source","embeddable":true,"href":"https:\/\/www.chiesedisicilia.org\/chiesedisicilia\/news\/wp-json\/wp\/v2\/news-source?post=2152"},{"taxonomy":"is_homepage","embeddable":true,"href":"https:\/\/www.chiesedisicilia.org\/chiesedisicilia\/news\/wp-json\/wp\/v2\/is_homepage?post=2152"},{"taxonomy":"ta_other","embeddable":true,"href":"https:\/\/www.chiesedisicilia.org\/chiesedisicilia\/news\/wp-json\/wp\/v2\/ta_other?post=2152"}],"curies":[{"name":"wp","href":"https:\/\/api.w.org\/{rel}","templated":true}]}}