{"id":2133,"date":"2012-07-27T17:55:00","date_gmt":"2012-07-27T15:55:00","guid":{"rendered":"http:\/\/wptestsite.tecnavia.com\/chiesedisicilia_clientsite\/news\/2012\/07\/27\/cefalu-giovaninfesta-scateniamo-la-gioia\/"},"modified":"2018-11-09T11:00:56","modified_gmt":"2018-01-13T11:00:56","slug":"cefalu-giovaninfesta-scateniamo-la-gioia","status":"publish","type":"post","link":"https:\/\/www.chiesedisicilia.org\/2012\/07\/27\/cefalu-giovaninfesta-scateniamo-la-gioia\/","title":{"rendered":"CEFALU. GIOVANINFESTA: \u201cSCATENIAMO LA GIOIA!\u201d"},"content":{"rendered":"<div style=\"text-align: justify; \">Si svolger\u00e0 oggi, domenica 22 luglio, la Giornata diocesana dei giovani che avr\u00e0 come tema: \u201cScateniamo la gioia\u201d. Papa Benedetto XVI infatti nel messaggio per la XXVII Giornata mondiale della Giovent\u00f9 2012, ricordando l\u2019incontro di Madrid propone alla nostra attenzione il tema della gioia a partire dal passo biblico di Fil 4, 4: \u201cSiate sempre lieti nel Signore\u201d. \u201cForse potrebbe sembrare anacronistico e senza senso parlare di gioia nel contesto economico e valoriale in cui viviamo \u2013 dice don Calogero Cerami, direttore dell\u2019Ufficio diocesano per la Pastorale giovanile -, ma il Papa sottolinea che \u201cil cristiano autentico non \u00e8 mai disperato e triste, anche davanti alle prove pi\u00f9 dure\u201d perch\u00e8 \u201cla gioia cristiana non \u00e8 una fuga dalla realt\u00e0, ma una forza soprannaturale per affrontare e vivere le difficolt\u00e0 quotidiane\u201d. Il Giovaninfesta, occasione di incontro e confronto, di preghiera e di fraternit\u00e0, conclude un percorso di formazione biblica che il servizio diocesano per la Pastorale giovanile ha proposto sottoforma di lectio divina del Vangelo di Marco denominato \u201cTenda dell\u2019ascolto\u201d per i sei vicariati della Chiesa Cefaludense (Montemaggiore Belsito, Campofelice di Roccella, Cefal\u00f9, Petralia Soprana, San Mauro Castelverde) e una lectio divina a Palermo per gli universitari. [01]<\/div>\n<div>\u00a0<\/div>\n","protected":false},"excerpt":{"rendered":"","protected":false},"author":1,"featured_media":0,"comment_status":"open","ping_status":"open","sticky":false,"template":"","format":"standard","meta":[],"categories":[30],"tags":[],"news-destination":[],"news-source":[],"is_homepage":[],"ta_other":[],"_links":{"self":[{"href":"https:\/\/www.chiesedisicilia.org\/chiesedisicilia\/news\/wp-json\/wp\/v2\/posts\/2133"}],"collection":[{"href":"https:\/\/www.chiesedisicilia.org\/chiesedisicilia\/news\/wp-json\/wp\/v2\/posts"}],"about":[{"href":"https:\/\/www.chiesedisicilia.org\/chiesedisicilia\/news\/wp-json\/wp\/v2\/types\/post"}],"author":[{"embeddable":true,"href":"https:\/\/www.chiesedisicilia.org\/chiesedisicilia\/news\/wp-json\/wp\/v2\/users\/1"}],"replies":[{"embeddable":true,"href":"https:\/\/www.chiesedisicilia.org\/chiesedisicilia\/news\/wp-json\/wp\/v2\/comments?post=2133"}],"version-history":[{"count":1,"href":"https:\/\/www.chiesedisicilia.org\/chiesedisicilia\/news\/wp-json\/wp\/v2\/posts\/2133\/revisions"}],"predecessor-version":[{"id":20622,"href":"https:\/\/www.chiesedisicilia.org\/chiesedisicilia\/news\/wp-json\/wp\/v2\/posts\/2133\/revisions\/20622"}],"wp:attachment":[{"href":"https:\/\/www.chiesedisicilia.org\/chiesedisicilia\/news\/wp-json\/wp\/v2\/media?parent=2133"}],"wp:term":[{"taxonomy":"category","embeddable":true,"href":"https:\/\/www.chiesedisicilia.org\/chiesedisicilia\/news\/wp-json\/wp\/v2\/categories?post=2133"},{"taxonomy":"post_tag","embeddable":true,"href":"https:\/\/www.chiesedisicilia.org\/chiesedisicilia\/news\/wp-json\/wp\/v2\/tags?post=2133"},{"taxonomy":"news-destination","embeddable":true,"href":"https:\/\/www.chiesedisicilia.org\/chiesedisicilia\/news\/wp-json\/wp\/v2\/news-destination?post=2133"},{"taxonomy":"news-source","embeddable":true,"href":"https:\/\/www.chiesedisicilia.org\/chiesedisicilia\/news\/wp-json\/wp\/v2\/news-source?post=2133"},{"taxonomy":"is_homepage","embeddable":true,"href":"https:\/\/www.chiesedisicilia.org\/chiesedisicilia\/news\/wp-json\/wp\/v2\/is_homepage?post=2133"},{"taxonomy":"ta_other","embeddable":true,"href":"https:\/\/www.chiesedisicilia.org\/chiesedisicilia\/news\/wp-json\/wp\/v2\/ta_other?post=2133"}],"curies":[{"name":"wp","href":"https:\/\/api.w.org\/{rel}","templated":true}]}}