{"id":2122,"date":"2018-04-06T11:36:00","date_gmt":"2018-04-06T09:36:00","guid":{"rendered":"http:\/\/wptestsite.tecnavia.com\/chiesedisicilia_clientsite\/news\/2018\/04\/06\/catania-caritas-carmelitana-uova-pasquali-per-i-bambini-del-policlinico\/"},"modified":"2018-11-09T11:00:56","modified_gmt":"2018-01-13T11:00:56","slug":"catania-caritas-carmelitana-uova-pasquali-per-i-bambini-del-policlinico","status":"publish","type":"post","link":"https:\/\/www.chiesedisicilia.org\/2018\/04\/06\/catania-caritas-carmelitana-uova-pasquali-per-i-bambini-del-policlinico\/","title":{"rendered":"CATANIA. CARITAS CARMELITANA: UOVA PASQUALI PER I BAMBINI DEL POLICLINICO"},"content":{"rendered":"<div><span style=\"font-family: \"Times New Roman\", serif; font-size: 12pt;\"><span style=\"font-size: medium;\"><span style=\"font-family: \"Times New Roman\";\">Donazione di uova pasquali della Caritas Carmelitana italiana ai piccoli pazienti del reparto di Oncolologia pediatrica del Policlinico di Catania. Una giornata di solidariet\u00e0 per i volontari che hanno distribuito 40 uova di cioccolato per i bimbi ricoverati e per quelli in terapia in regime di day hospital. A fare gli onori di casa nei locali della Ludoteca del centro oncologico, diretto da Giovanna Russo, \u00e8 stato Andrea Di Cataldo che ha accolto padre Antonio Sapuppo, assistente ecclesiastico dei medici cattolici catanesi, Andrea Ventimiglia, presidente della Caritas Carmelitana italiana, e i numerosi volontari. L\u2019iniziativa ha donato un sorriso ai piccoli e alle famiglie che hanno ricevuto anche lo Scapolare della Madonna del Carmine, simbolo della spiritualit\u00e0 carmelitana e un ramoscello di ulivo benedetto. Al termine dell\u2019incontro padre Sapuppo ha rivolto gli auguri di buona Pasqua ai piccoli ricoverati, ai medici e agli operatori in servizio. <span style=\"background: white;\"><span style=\"font-variant-ligatures: normal; font-variant-caps: normal; orphans: 2; text-align: start; widows: 2; -webkit-text-stroke-width: 0px; text-decoration-style: initial; text-decoration-color: initial; float: none; word-spacing: 0px;\">La Caritas Carmelitana italiana, attenta ai pi\u00f9 bisognosi, inoltre, come ogni anno per Pasqua promuover\u00e0 una raccolta di generi alimentari presso la sede locale della Caritas Carmelitana italiana, il ricavato sar\u00e0 devoluto alle famiglie del quartiere e per le mense della Caritas diocesana. [01]<\/span><\/span><\/span><\/span><span style=\"font-size:12.0pt;font-family:\"Times New Roman\",\"serif\"\"><span style=\"color:black\"><o:p><\/o:p><\/span><\/span><\/span><\/div>\n","protected":false},"excerpt":{"rendered":"","protected":false},"author":1,"featured_media":0,"comment_status":"open","ping_status":"open","sticky":false,"template":"","format":"standard","meta":[],"categories":[30],"tags":[],"news-destination":[],"news-source":[],"is_homepage":[],"ta_other":[],"_links":{"self":[{"href":"https:\/\/www.chiesedisicilia.org\/chiesedisicilia\/news\/wp-json\/wp\/v2\/posts\/2122"}],"collection":[{"href":"https:\/\/www.chiesedisicilia.org\/chiesedisicilia\/news\/wp-json\/wp\/v2\/posts"}],"about":[{"href":"https:\/\/www.chiesedisicilia.org\/chiesedisicilia\/news\/wp-json\/wp\/v2\/types\/post"}],"author":[{"embeddable":true,"href":"https:\/\/www.chiesedisicilia.org\/chiesedisicilia\/news\/wp-json\/wp\/v2\/users\/1"}],"replies":[{"embeddable":true,"href":"https:\/\/www.chiesedisicilia.org\/chiesedisicilia\/news\/wp-json\/wp\/v2\/comments?post=2122"}],"version-history":[{"count":1,"href":"https:\/\/www.chiesedisicilia.org\/chiesedisicilia\/news\/wp-json\/wp\/v2\/posts\/2122\/revisions"}],"predecessor-version":[{"id":20612,"href":"https:\/\/www.chiesedisicilia.org\/chiesedisicilia\/news\/wp-json\/wp\/v2\/posts\/2122\/revisions\/20612"}],"wp:attachment":[{"href":"https:\/\/www.chiesedisicilia.org\/chiesedisicilia\/news\/wp-json\/wp\/v2\/media?parent=2122"}],"wp:term":[{"taxonomy":"category","embeddable":true,"href":"https:\/\/www.chiesedisicilia.org\/chiesedisicilia\/news\/wp-json\/wp\/v2\/categories?post=2122"},{"taxonomy":"post_tag","embeddable":true,"href":"https:\/\/www.chiesedisicilia.org\/chiesedisicilia\/news\/wp-json\/wp\/v2\/tags?post=2122"},{"taxonomy":"news-destination","embeddable":true,"href":"https:\/\/www.chiesedisicilia.org\/chiesedisicilia\/news\/wp-json\/wp\/v2\/news-destination?post=2122"},{"taxonomy":"news-source","embeddable":true,"href":"https:\/\/www.chiesedisicilia.org\/chiesedisicilia\/news\/wp-json\/wp\/v2\/news-source?post=2122"},{"taxonomy":"is_homepage","embeddable":true,"href":"https:\/\/www.chiesedisicilia.org\/chiesedisicilia\/news\/wp-json\/wp\/v2\/is_homepage?post=2122"},{"taxonomy":"ta_other","embeddable":true,"href":"https:\/\/www.chiesedisicilia.org\/chiesedisicilia\/news\/wp-json\/wp\/v2\/ta_other?post=2122"}],"curies":[{"name":"wp","href":"https:\/\/api.w.org\/{rel}","templated":true}]}}