{"id":2120,"date":"2018-03-06T13:21:00","date_gmt":"2018-03-06T12:21:00","guid":{"rendered":"http:\/\/wptestsite.tecnavia.com\/chiesedisicilia_clientsite\/news\/2018\/03\/06\/catania-caritas-la-mensa-beato-dusmet-a-librino-apre-a-pranzo-quattro-volte-a-settimana\/"},"modified":"2018-11-09T11:00:56","modified_gmt":"2018-01-13T11:00:56","slug":"catania-caritas-la-mensa-beato-dusmet-a-librino-apre-a-pranzo-quattro-volte-a-settimana","status":"publish","type":"post","link":"https:\/\/www.chiesedisicilia.org\/2018\/03\/06\/catania-caritas-la-mensa-beato-dusmet-a-librino-apre-a-pranzo-quattro-volte-a-settimana\/","title":{"rendered":"CATANIA. CARITAS: LA MENSA \u201cBEATO DUSMET\u201d A LIBRINO APRE A PRANZO QUATTRO VOLTE A SETTIMANA"},"content":{"rendered":"<div><span style=\"font-size: medium;\"><span style=\"font-family: \"Times New Roman\";\"><span style=\"background-image: initial; background-position: initial; background-size: initial; background-repeat: initial; background-attachment: initial; background-origin: initial; background-clip: initial;\">Crescono i servizi della Caritas diocesana di Catania nei confronti degli ultimi della citt\u00e0, grazie anche alla collaborazione dei numerosi volontari impegnati nell\u2019organismo pastorale. La mensa Caritas \u201cBeato Dusmet\u201d a Librino, presso la parrocchia \u201cResurrezione del Signore\u201d, in Viale Castagnola 4, dallo scorso venerd\u00ec \u00e8 aperta a pranzo per quattro volte a settimana. Agli appuntamenti gi\u00e0 consolidati del luned\u00ec, mercoled\u00ec e sabato, si \u00e8 aggiunto anche il venerd\u00ec.<\/span><br style=\"box-sizing: inherit;\" \/> <span style=\"background-image: initial; background-position: initial; background-size: initial; background-repeat: initial; background-attachment: initial; background-origin: initial; background-clip: initial;\">La mensa \u201cBeato Dusmet\u201d, ospitata all\u2019interno dei locali concessi in comodato gratuito dalla parrocchia \u201cResurrezione del Signore\u201d retta da Don Salvo Cubito, \u00e8 stata inaugurata nel novembre del 2016. L\u2019iniziale apertura di un giorno a settimana \u00e8 stata poi integrata con un secondo turno settimanale, nel marzo dello scorso anno, e col terzo giorno a partire dal mese di settembre. Da venerd\u00ec scorso sono quattro i giorni di apertura per un servizio mensa che \u00e8 un punto di riferimento essenziale per sostenere famiglie numerose e individui soli dei quartieri periferici a rischio criminalit\u00e0 e a basso tasso di occupazione come S. Giorgio, Villaggio S. Agata, Librino, Zia Lisa e Monte Po.<\/span><br style=\"box-sizing: inherit;\" \/> <span style=\"background-image: initial; background-position: initial; background-size: initial; background-repeat: initial; background-attachment: initial; background-origin: initial; background-clip: initial;\">Per ogni servizio, la mensa di Librino offre circa 250 pasti, quindi un migliaio complessivi a settimana, e garantisce agli assistiti un primo piatto, un secondo piatto con pane e, inoltre, contorno e bevande (in base alle donazioni ricevute si offrono anche frutta e dolce). Gli uomini costituiscono il 65% degli assistiti, mentre le donne raggiungono poco pi\u00f9 di un quinto del totale (22%) e i bambini la parte restante (13%). Rispetto all\u2019altra mensa della Caritas diocesana, sita all\u2019interno dell\u2019Help Center di Piazza Giovanni XXIII, il servizio di Librino \u00e8 rivolto quasi esclusivamente alle esigenze degli utenti che vivono nel territorio. Attualmente la mensa dell\u2019Help Center offre quotidianamente, dal luned\u00ec alla domenica, i servizi di colazione e cena ed entro un anno si prevede che la mensa \u201cBeato Dusmet\u201d possa coprire progressivamente il servizio del pranzo per tutti i giorni della settimana. [01]<\/span><\/span><\/span><span style=\"font-size:12.0pt;\nfont-family:\"Times New Roman\",\"serif\"\"><span style=\"color:#333333\"><o:p><\/o:p><\/span><\/span><\/div>\n","protected":false},"excerpt":{"rendered":"","protected":false},"author":1,"featured_media":0,"comment_status":"open","ping_status":"open","sticky":false,"template":"","format":"standard","meta":[],"categories":[30],"tags":[],"news-destination":[],"news-source":[],"is_homepage":[],"ta_other":[],"_links":{"self":[{"href":"https:\/\/www.chiesedisicilia.org\/chiesedisicilia\/news\/wp-json\/wp\/v2\/posts\/2120"}],"collection":[{"href":"https:\/\/www.chiesedisicilia.org\/chiesedisicilia\/news\/wp-json\/wp\/v2\/posts"}],"about":[{"href":"https:\/\/www.chiesedisicilia.org\/chiesedisicilia\/news\/wp-json\/wp\/v2\/types\/post"}],"author":[{"embeddable":true,"href":"https:\/\/www.chiesedisicilia.org\/chiesedisicilia\/news\/wp-json\/wp\/v2\/users\/1"}],"replies":[{"embeddable":true,"href":"https:\/\/www.chiesedisicilia.org\/chiesedisicilia\/news\/wp-json\/wp\/v2\/comments?post=2120"}],"version-history":[{"count":1,"href":"https:\/\/www.chiesedisicilia.org\/chiesedisicilia\/news\/wp-json\/wp\/v2\/posts\/2120\/revisions"}],"predecessor-version":[{"id":20607,"href":"https:\/\/www.chiesedisicilia.org\/chiesedisicilia\/news\/wp-json\/wp\/v2\/posts\/2120\/revisions\/20607"}],"wp:attachment":[{"href":"https:\/\/www.chiesedisicilia.org\/chiesedisicilia\/news\/wp-json\/wp\/v2\/media?parent=2120"}],"wp:term":[{"taxonomy":"category","embeddable":true,"href":"https:\/\/www.chiesedisicilia.org\/chiesedisicilia\/news\/wp-json\/wp\/v2\/categories?post=2120"},{"taxonomy":"post_tag","embeddable":true,"href":"https:\/\/www.chiesedisicilia.org\/chiesedisicilia\/news\/wp-json\/wp\/v2\/tags?post=2120"},{"taxonomy":"news-destination","embeddable":true,"href":"https:\/\/www.chiesedisicilia.org\/chiesedisicilia\/news\/wp-json\/wp\/v2\/news-destination?post=2120"},{"taxonomy":"news-source","embeddable":true,"href":"https:\/\/www.chiesedisicilia.org\/chiesedisicilia\/news\/wp-json\/wp\/v2\/news-source?post=2120"},{"taxonomy":"is_homepage","embeddable":true,"href":"https:\/\/www.chiesedisicilia.org\/chiesedisicilia\/news\/wp-json\/wp\/v2\/is_homepage?post=2120"},{"taxonomy":"ta_other","embeddable":true,"href":"https:\/\/www.chiesedisicilia.org\/chiesedisicilia\/news\/wp-json\/wp\/v2\/ta_other?post=2120"}],"curies":[{"name":"wp","href":"https:\/\/api.w.org\/{rel}","templated":true}]}}