{"id":2118,"date":"2018-02-15T10:57:00","date_gmt":"2018-02-15T09:57:00","guid":{"rendered":"http:\/\/wptestsite.tecnavia.com\/chiesedisicilia_clientsite\/news\/2018\/02\/15\/catania-la-caritas-diocesana-rappresentera-la-sicilia-per-la-study-visit-in-libano-2\/"},"modified":"2018-11-09T11:00:56","modified_gmt":"2018-01-13T11:00:56","slug":"catania-la-caritas-diocesana-rappresentera-la-sicilia-per-la-study-visit-in-libano-2","status":"publish","type":"post","link":"https:\/\/www.chiesedisicilia.org\/2018\/02\/15\/catania-la-caritas-diocesana-rappresentera-la-sicilia-per-la-study-visit-in-libano-2\/","title":{"rendered":"CATANIA. LA CARITAS DIOCESANA RAPPRESENTERA&#8217; LA SICILIA PER LA STUDY VISIT IN LIBANO"},"content":{"rendered":"<div><span style=\"font-size:12.0pt;font-family:\"Times New Roman\",\"serif\"\"><span style=\"font-size: medium;\"><span style=\"font-family: \"Times New Roman\";\">La Caritas diocesana di Catania rappresenter\u00e0 la Sicilia in occasione della study visit in Libano, organizzata da Caritas Italiana tra il 19 e il 24 febbraio 2018. Una missione di conoscenza e approfondimento sul campo del complesso contesto mediorientale dall&#8217;osservatorio privilegiato del Paese dei cedri. La realt\u00e0 libanese, in seguito a decenni di guerra di civile, ha visto la costruzione di un modello di convivenza pacifica che \u00e8 scosso, in questo periodo, da grandi tensioni a causa dei conflitti che riguardano i Paesi confinanti. La Caritas diocesana sar\u00e0 rappresentata da Salvo Pappalardo, responsabile delle attivit\u00e0 dell&#8217;organismo pastorale, che esporr\u00e0, nel corso degli incontri, un <a href=\"\/chiese_di_sicilia\/ufficio_stampa\/00006379_CATANIA__LA_CARITAS_DIOCESANA_RAPPRESENTERA__LA_SICILIA_PER_LA_STUDY_VISIT_IN_LIBANO.html\">dossier sull&#8217;accoglienza dei migranti in Sicilia<\/a>.<\/span><\/span><o:p><\/o:p><\/span><\/div>\n<div><span style=\"font-size: medium;\"><span style=\"font-family: \"Times New Roman\";\">&#8220;Il viaggio permetter\u00e0 di approfondire, con incontri, testimonianze e visite sul campo, gli aspetti dell&#8217;intercultura e della convivenza tra religioni, ma anche &#8211; si legge in una nota stampa della Caritas &#8211; la situazione relativa all&#8217;accoglienza dei rifugiati e le molteplici conseguenze prodotte dai conflitti in corso in Siria e in Terra Santa&#8221;.<\/span><\/span><span style=\"font-size:12.0pt;font-family:\"Times New Roman\",\"serif\"\"><o:p><\/o:p><\/span><\/div>\n<div><span style=\"font-size: medium;\"><span style=\"font-family: \"Times New Roman\";\">Il fitto programma di appuntamenti prevede anche delle tappe presso la Chiesa cattolica locale e gli incontri con Sua Eminenza Bechara el Rai, Patriarca cattolico dei maroniti e presidente del Sinodo dei vescovi e dei patriarchi cattolici del Libano, e con mons. Michel Aoun, vescovo maronita di Jbeil.<\/span><\/span><span style=\"font-size:12.0pt;font-family:\"Times New Roman\",\"serif\"\"><o:p><\/o:p><\/span><\/div>\n<div><span style=\"font-size: medium;\"><span style=\"font-family: \"Times New Roman\";\">Diversi momenti del viaggio saranno dedicati anche alla conoscenza del lavoro di Caritas Libano che illustrer\u00e0 i bisogni sociali del Paese e le necessit\u00e0 di rifugiati e migranti. [01]<\/span><\/span><span style=\"font-size:12.0pt;font-family:\"Times New Roman\",\"serif\"\"><o:p><\/o:p><\/span><\/div>\n","protected":false},"excerpt":{"rendered":"","protected":false},"author":1,"featured_media":0,"comment_status":"open","ping_status":"open","sticky":false,"template":"","format":"standard","meta":[],"categories":[30],"tags":[],"news-destination":[],"news-source":[],"is_homepage":[],"ta_other":[],"_links":{"self":[{"href":"https:\/\/www.chiesedisicilia.org\/chiesedisicilia\/news\/wp-json\/wp\/v2\/posts\/2118"}],"collection":[{"href":"https:\/\/www.chiesedisicilia.org\/chiesedisicilia\/news\/wp-json\/wp\/v2\/posts"}],"about":[{"href":"https:\/\/www.chiesedisicilia.org\/chiesedisicilia\/news\/wp-json\/wp\/v2\/types\/post"}],"author":[{"embeddable":true,"href":"https:\/\/www.chiesedisicilia.org\/chiesedisicilia\/news\/wp-json\/wp\/v2\/users\/1"}],"replies":[{"embeddable":true,"href":"https:\/\/www.chiesedisicilia.org\/chiesedisicilia\/news\/wp-json\/wp\/v2\/comments?post=2118"}],"version-history":[{"count":1,"href":"https:\/\/www.chiesedisicilia.org\/chiesedisicilia\/news\/wp-json\/wp\/v2\/posts\/2118\/revisions"}],"predecessor-version":[{"id":20605,"href":"https:\/\/www.chiesedisicilia.org\/chiesedisicilia\/news\/wp-json\/wp\/v2\/posts\/2118\/revisions\/20605"}],"wp:attachment":[{"href":"https:\/\/www.chiesedisicilia.org\/chiesedisicilia\/news\/wp-json\/wp\/v2\/media?parent=2118"}],"wp:term":[{"taxonomy":"category","embeddable":true,"href":"https:\/\/www.chiesedisicilia.org\/chiesedisicilia\/news\/wp-json\/wp\/v2\/categories?post=2118"},{"taxonomy":"post_tag","embeddable":true,"href":"https:\/\/www.chiesedisicilia.org\/chiesedisicilia\/news\/wp-json\/wp\/v2\/tags?post=2118"},{"taxonomy":"news-destination","embeddable":true,"href":"https:\/\/www.chiesedisicilia.org\/chiesedisicilia\/news\/wp-json\/wp\/v2\/news-destination?post=2118"},{"taxonomy":"news-source","embeddable":true,"href":"https:\/\/www.chiesedisicilia.org\/chiesedisicilia\/news\/wp-json\/wp\/v2\/news-source?post=2118"},{"taxonomy":"is_homepage","embeddable":true,"href":"https:\/\/www.chiesedisicilia.org\/chiesedisicilia\/news\/wp-json\/wp\/v2\/is_homepage?post=2118"},{"taxonomy":"ta_other","embeddable":true,"href":"https:\/\/www.chiesedisicilia.org\/chiesedisicilia\/news\/wp-json\/wp\/v2\/ta_other?post=2118"}],"curies":[{"name":"wp","href":"https:\/\/api.w.org\/{rel}","templated":true}]}}