{"id":2114,"date":"2018-01-09T15:25:00","date_gmt":"2018-01-09T14:25:00","guid":{"rendered":"http:\/\/wptestsite.tecnavia.com\/chiesedisicilia_clientsite\/news\/2018\/01\/09\/catania-giornata-migrante-e-rifugiato-una-settimana-di-iniziative\/"},"modified":"2018-11-09T11:00:56","modified_gmt":"2018-01-13T11:00:56","slug":"catania-giornata-migrante-e-rifugiato-una-settimana-di-iniziative","status":"publish","type":"post","link":"https:\/\/www.chiesedisicilia.org\/2018\/01\/09\/catania-giornata-migrante-e-rifugiato-una-settimana-di-iniziative\/","title":{"rendered":"CATANIA. GIORNATA MIGRANTE E RIFUGIATO: UNA SETTIMANA DI INIZIATIVE"},"content":{"rendered":"<div><span style=\"font-size:12.0pt;font-family:\"Times New Roman\",\"serif\"\"><span style=\"font-size: medium;\"><span style=\"font-family: \"Times New Roman\";\">Domenica 14 gennaio 2018 si celebrer\u00e0 la Giornata mondiale del Migrante e del Rifugiato 2018. L\u2019Ufficio per la Pastorale dei migranti dell\u2019arcidiocesi di Catania, diretto dal diacono Giuseppe Cannizzo, propone una settimana di preghiera e appuntamenti che aiutino nella riflessione sul tema scelto quest&#8217;anno da Papa Francesco: <i>&#8220;Accogliere, proteggere, promuovere e integrare i migranti e i rifugiati&#8221;.<\/i> <\/span><\/span><o:p><\/o:p><\/span><\/div>\n<div><span style=\"font-size: medium;\"><span style=\"font-family: \"Times New Roman\";\"><b>Mercoled\u00ec 10 gennaio<\/b>, alle ore 20, nella chiesa Santa Maria Ogninella (pressi di Piazza Universit\u00e0), sar\u00e0 celebrata la veglia di preghiera in memoria delle vittime del mare dei viaggi verso l\u2019Europa. Appuntamento che da oltre dieci anni rinsalda il rapporto di fede e solidariet\u00e0 con le comunit\u00e0 multietniche della citt\u00e0, in particolare con quelle cristiane di rito cattolico. La veglia, presieduta da mons. Salvatore Genchi, vicario generale, sar\u00e0 animata\u00a0 anche dagli stessi migranti: cingalesi, mauriziani, rumeni e nigeriani uniti in un solo credo. Durante la veglia saranno letti brani estratti dal messaggio di Papa Francesco con proposte e indicazioni concrete per una giusta politica dell&#8217;accoglienza e dell&#8217;integrazione: canali e visti umanitari, ricongiungimenti familiari, prima sistemazione dignitosa e libert\u00e0 di movimento per i\u00a0 migranti.<\/span><\/span><span style=\"font-size:12.0pt;font-family:\"Times New Roman\",\"serif\"\"><o:p><\/o:p><\/span><\/div>\n<div><span style=\"font-size: medium;\"><span style=\"font-family: \"Times New Roman\";\"><b>Sabato 10 gennaio<\/b>, alle ore 16, al campo sportivo San Leone Vescovo, spazio al consueto appuntamento sportivo con un mini torneo di calcio con squadre composte da migranti dello Sri Lanka e delle isole Mauritius.<\/span><\/span><span style=\"font-size:12.0pt;font-family:\"Times New Roman\",\"serif\"\"><o:p><\/o:p><\/span><\/div>\n<div><span style=\"font-size: medium;\"><span style=\"font-family: \"Times New Roman\";\"><b>Domenica 14 gennaio<\/b>, Giornata mondiale del migrante e del rifugiato, alle ore 17.15, in Piazza Universit\u00e0, il raduno delle comunit\u00e0 multietniche in costume tradizionale e l\u2019inizio della processione verso la Basilica Cattedrale dove alle ore 18, sar\u00e0 celebrata la messa presieduta da monsignor Salvatore Gristina, arcivescovo di Catania. In serata, infine, alle ore 20, \u00e8 previsto in momento di fraternit\u00e0 presso l\u2019oratorio San Filippo Neri. [01]<\/span><\/span><span style=\"font-size:12.0pt;font-family:\"Times New Roman\",\"serif\"\"><o:p><\/o:p><\/span><\/div>\n","protected":false},"excerpt":{"rendered":"","protected":false},"author":1,"featured_media":0,"comment_status":"open","ping_status":"open","sticky":false,"template":"","format":"standard","meta":[],"categories":[30],"tags":[],"news-destination":[],"news-source":[],"is_homepage":[],"ta_other":[],"_links":{"self":[{"href":"https:\/\/www.chiesedisicilia.org\/chiesedisicilia\/news\/wp-json\/wp\/v2\/posts\/2114"}],"collection":[{"href":"https:\/\/www.chiesedisicilia.org\/chiesedisicilia\/news\/wp-json\/wp\/v2\/posts"}],"about":[{"href":"https:\/\/www.chiesedisicilia.org\/chiesedisicilia\/news\/wp-json\/wp\/v2\/types\/post"}],"author":[{"embeddable":true,"href":"https:\/\/www.chiesedisicilia.org\/chiesedisicilia\/news\/wp-json\/wp\/v2\/users\/1"}],"replies":[{"embeddable":true,"href":"https:\/\/www.chiesedisicilia.org\/chiesedisicilia\/news\/wp-json\/wp\/v2\/comments?post=2114"}],"version-history":[{"count":1,"href":"https:\/\/www.chiesedisicilia.org\/chiesedisicilia\/news\/wp-json\/wp\/v2\/posts\/2114\/revisions"}],"predecessor-version":[{"id":20603,"href":"https:\/\/www.chiesedisicilia.org\/chiesedisicilia\/news\/wp-json\/wp\/v2\/posts\/2114\/revisions\/20603"}],"wp:attachment":[{"href":"https:\/\/www.chiesedisicilia.org\/chiesedisicilia\/news\/wp-json\/wp\/v2\/media?parent=2114"}],"wp:term":[{"taxonomy":"category","embeddable":true,"href":"https:\/\/www.chiesedisicilia.org\/chiesedisicilia\/news\/wp-json\/wp\/v2\/categories?post=2114"},{"taxonomy":"post_tag","embeddable":true,"href":"https:\/\/www.chiesedisicilia.org\/chiesedisicilia\/news\/wp-json\/wp\/v2\/tags?post=2114"},{"taxonomy":"news-destination","embeddable":true,"href":"https:\/\/www.chiesedisicilia.org\/chiesedisicilia\/news\/wp-json\/wp\/v2\/news-destination?post=2114"},{"taxonomy":"news-source","embeddable":true,"href":"https:\/\/www.chiesedisicilia.org\/chiesedisicilia\/news\/wp-json\/wp\/v2\/news-source?post=2114"},{"taxonomy":"is_homepage","embeddable":true,"href":"https:\/\/www.chiesedisicilia.org\/chiesedisicilia\/news\/wp-json\/wp\/v2\/is_homepage?post=2114"},{"taxonomy":"ta_other","embeddable":true,"href":"https:\/\/www.chiesedisicilia.org\/chiesedisicilia\/news\/wp-json\/wp\/v2\/ta_other?post=2114"}],"curies":[{"name":"wp","href":"https:\/\/api.w.org\/{rel}","templated":true}]}}