{"id":2101,"date":"2017-11-09T18:03:00","date_gmt":"2017-11-09T17:03:00","guid":{"rendered":"http:\/\/wptestsite.tecnavia.com\/chiesedisicilia_clientsite\/news\/2017\/11\/09\/catania-caritas-un-corso-per-formare-i-volontari\/"},"modified":"2018-11-09T11:00:55","modified_gmt":"2018-01-13T11:00:55","slug":"catania-caritas-un-corso-per-formare-i-volontari","status":"publish","type":"post","link":"https:\/\/www.chiesedisicilia.org\/2017\/11\/09\/catania-caritas-un-corso-per-formare-i-volontari\/","title":{"rendered":"CATANIA. CARITAS: UN CORSO PER FORMARE I VOLONTARI"},"content":{"rendered":"<div><span style=\"font-size:12.0pt;font-family:\"Times New Roman\",\"serif\"\"><span style=\"font-size: medium;\"><span style=\"font-family: \"Times New Roman\";\">Tre appuntamenti per prepararsi al servizio per gli ultimi della Citt\u00e0. Il corso di formazione per volontari, organizzato dalla Caritas diocesana di Catania, si terr\u00e0 in tre giorni: il 13, 16 e 20 novembre dalle ore 16 alle 18 presso il Museo diocesano cittadino. La partecipazione al corso \u00e8 un requisito obbligatorio per diventare volontario della Caritas diocesana. La frequenza \u00e8 richiesta per chi si appresta per la prima volta al servizio e anche per coloro che, pur avendo gi\u00e0 cominciato il percorso di volontario, non hanno avuto la possibilit\u00e0 di seguire i precedenti corsi.<\/span><\/span><o:p><\/o:p><\/span><\/div>\n<div><span style=\"font-size: medium;\"><span style=\"font-family: \"Times New Roman\";\">I tre incontri offrono un&#8217;opportunit\u00e0 di crescita umana e spirituale per quanti hanno deciso di impiegare parte del proprio tempo nelle numerose attivit\u00e0 di solidariet\u00e0 della Caritas cittadina. &#8220;La portata qualitativa delle lezioni &#8211; si legge in una nota stampa &#8211; \u00e8 confermata da un programma di alto profilo. Il corso di formazione \u00e8 indispensabile per tutti i volontari Caritas, non solo perch\u00e9 aiuta a capire le motivazioni del volontariato, ma soprattutto perch\u00e9 induce a fare bene il servizio nei confronti dei pi\u00f9 poveri&#8221;.<\/span><\/span><span style=\"font-size:12.0pt;font-family:\"Times New Roman\",\"serif\"\"><o:p><\/o:p><\/span><\/div>\n<div><span style=\"font-size: medium;\"><span style=\"font-family: \"Times New Roman\";\">Luned\u00ec 13 novembre a guidare la riflessione sar\u00e0 don Gianni Notari, docente di antropologia culturale presso la Facolt\u00e0 Teologica di Sicilia \u201cSan Giovanni Evangelista\u201d, il quale affronter\u00e0 il tema \u201c&#8217;Atti 2,42-48&#8242;: La vita della prima comunit\u00e0 cristiana\u201d; gioved\u00ec 16 novembre, Suor Gabriella Panebianco, figlie della Carit\u00e0 di S. Vincenzo de&#8217; Paoli\u201d parler\u00e0 di accoglienza; luned\u00ec 20 novembre il diacono Mario Orofino, della parrocchia S. Maria in Ognina di Catania, don Vincenzo Algeri, parroco in \u201cSan Biagio\u201d, Patern\u00f2, e suor Piera Leonardo, superiora \u201cFiglie della Sapienza\u201d di Catania, esamineranno il ruolo della Caritas parrocchiale.<\/span><\/span><span style=\"font-size:12.0pt;font-family:\"Times New Roman\",\"serif\"\"><o:p><\/o:p><\/span><\/div>\n<div><span style=\"font-size: medium;\"><span style=\"font-family: \"Times New Roman\";\">&#8220;L&#8217;evento &#8211; spiega don Piero Galvano, direttore Caritas Diocesana di Catania rappresenta un passaggio determinante per fornire quelle coordinate di consapevolezza e responsabilit\u00e0 necessarie a chi si appresta ad affrontare un compito cos\u00ec delicato quale l\u2019aiuto sistematico e non occasionale al prossimo&#8221;.<\/span><\/span><span style=\"font-size:12.0pt;font-family:\"Times New Roman\",\"serif\"\"><o:p><\/o:p><\/span><\/div>\n<div><span style=\"font-size: medium;\"><span style=\"font-family: \"Times New Roman\";\">Il corso \u00e8 gratuito. Per avere maggiori informazioni o per iscriversi, la Caritas diocesana ha messo a disposizione un numero telefonico &#8211; 095.2161224 &#8211; e un indirizzo email <\/span><\/span><span style=\"font-size:12.0pt;font-family:\"Times New Roman\",\"serif\"\"><a href=\"mailto:segreteria@caritascatania.it\"><span style=\"font-size: medium;\"><span style=\"font-family: \"Times New Roman\";\">segreteria@caritascatania.it<\/span><\/span><\/a><span style=\"font-size: medium;\"><span style=\"font-family: \"Times New Roman\";\">. [01]<\/span><\/span>\u00a0<o:p><\/o:p><\/span><\/div>\n","protected":false},"excerpt":{"rendered":"","protected":false},"author":1,"featured_media":0,"comment_status":"open","ping_status":"open","sticky":false,"template":"","format":"standard","meta":[],"categories":[30],"tags":[],"news-destination":[],"news-source":[],"is_homepage":[],"ta_other":[],"_links":{"self":[{"href":"https:\/\/www.chiesedisicilia.org\/chiesedisicilia\/news\/wp-json\/wp\/v2\/posts\/2101"}],"collection":[{"href":"https:\/\/www.chiesedisicilia.org\/chiesedisicilia\/news\/wp-json\/wp\/v2\/posts"}],"about":[{"href":"https:\/\/www.chiesedisicilia.org\/chiesedisicilia\/news\/wp-json\/wp\/v2\/types\/post"}],"author":[{"embeddable":true,"href":"https:\/\/www.chiesedisicilia.org\/chiesedisicilia\/news\/wp-json\/wp\/v2\/users\/1"}],"replies":[{"embeddable":true,"href":"https:\/\/www.chiesedisicilia.org\/chiesedisicilia\/news\/wp-json\/wp\/v2\/comments?post=2101"}],"version-history":[{"count":1,"href":"https:\/\/www.chiesedisicilia.org\/chiesedisicilia\/news\/wp-json\/wp\/v2\/posts\/2101\/revisions"}],"predecessor-version":[{"id":20589,"href":"https:\/\/www.chiesedisicilia.org\/chiesedisicilia\/news\/wp-json\/wp\/v2\/posts\/2101\/revisions\/20589"}],"wp:attachment":[{"href":"https:\/\/www.chiesedisicilia.org\/chiesedisicilia\/news\/wp-json\/wp\/v2\/media?parent=2101"}],"wp:term":[{"taxonomy":"category","embeddable":true,"href":"https:\/\/www.chiesedisicilia.org\/chiesedisicilia\/news\/wp-json\/wp\/v2\/categories?post=2101"},{"taxonomy":"post_tag","embeddable":true,"href":"https:\/\/www.chiesedisicilia.org\/chiesedisicilia\/news\/wp-json\/wp\/v2\/tags?post=2101"},{"taxonomy":"news-destination","embeddable":true,"href":"https:\/\/www.chiesedisicilia.org\/chiesedisicilia\/news\/wp-json\/wp\/v2\/news-destination?post=2101"},{"taxonomy":"news-source","embeddable":true,"href":"https:\/\/www.chiesedisicilia.org\/chiesedisicilia\/news\/wp-json\/wp\/v2\/news-source?post=2101"},{"taxonomy":"is_homepage","embeddable":true,"href":"https:\/\/www.chiesedisicilia.org\/chiesedisicilia\/news\/wp-json\/wp\/v2\/is_homepage?post=2101"},{"taxonomy":"ta_other","embeddable":true,"href":"https:\/\/www.chiesedisicilia.org\/chiesedisicilia\/news\/wp-json\/wp\/v2\/ta_other?post=2101"}],"curies":[{"name":"wp","href":"https:\/\/api.w.org\/{rel}","templated":true}]}}