{"id":2093,"date":"2017-09-05T17:45:00","date_gmt":"2017-09-05T15:45:00","guid":{"rendered":"http:\/\/wptestsite.tecnavia.com\/chiesedisicilia_clientsite\/news\/2017\/09\/05\/catania-caritas-un-aiuto-a-numerose-famiglie-che-sono-nel-bisogno\/"},"modified":"2018-11-09T11:00:55","modified_gmt":"2018-01-13T11:00:55","slug":"catania-caritas-un-aiuto-a-numerose-famiglie-che-sono-nel-bisogno","status":"publish","type":"post","link":"https:\/\/www.chiesedisicilia.org\/2017\/09\/05\/catania-caritas-un-aiuto-a-numerose-famiglie-che-sono-nel-bisogno\/","title":{"rendered":"CATANIA. CARITAS: \u201cUN AIUTO A NUMEROSE FAMIGLIE CHE SONO NEL BISOGNO\u201d"},"content":{"rendered":"<div><span style=\"font-size:12.0pt;font-family:\"Times New Roman\",\"serif\";\nmso-fareast-language:IT\"><span style=\"font-size: medium;\"><span style=\"font-family: \"Times New Roman\";\">La mensa Caritas \u201cBeato Dusmet\u201d a Librino, a Catania, realizzata presso la parrocchia Resurrezione del Signore, da luned\u00ec 4 settembre 2017 sar\u00e0 aperta tre volte a settimana, e non pi\u00f9 due. Agli appuntamenti gi\u00e0 attivi del mercoled\u00ec e del sabato (il pranzo dalle 12 alle 13), si aggiunger\u00e0 anche quello del luned\u00ec negli stessi orari. L\u2019iniziale apertura del sabato \u00e8 stata integrata, lo scorso marzo, con il mercoled\u00ec, come secondo giorno di servizio, e dal 4 settembre si aggiunger\u00e0 la terza giornata. Attualmente la mensa serve circa 250 pasti a servizio. Un lavoro che la Caritas di Catania compie grazie all\u2019impegno di 12 gruppi di volontari, ciascuno composto da 15 persone. \u201cQuesta mensa aiuta realmente numerose famiglie che sono nel bisogno \u2013 spiega don Piero Galvano, direttore della Caritas diocesana di Catania \u2013. Desidero ringraziare tutti i volontari che con amore dedicano il proprio tempo a servizio dei poveri. Fare volontariato \u2018salva\u2019 la vita: la propria e quella degli altri\u201d. Il 65% degli assistiti della mensa di Librino \u00e8 composto da uomini, il 22% da donne e il resto da bambini. Per molti poveri della citt\u00e0, i servizi della Caritas restano l\u2019unico punto di riferimento e di accoglienza. \u201cQuesto posto \u2013 dichiara uno degli assistiti \u2013 mi garantisce il minimo per continuare a vivere e gli altri servizi della Caritas mi danno la speranza di trovare una soluzione ai problemi\u201d. [01]<\/span><\/span><o:p><\/o:p><\/span><\/div>\n","protected":false},"excerpt":{"rendered":"","protected":false},"author":1,"featured_media":0,"comment_status":"open","ping_status":"open","sticky":false,"template":"","format":"standard","meta":[],"categories":[30],"tags":[],"news-destination":[],"news-source":[],"is_homepage":[],"ta_other":[],"_links":{"self":[{"href":"https:\/\/www.chiesedisicilia.org\/chiesedisicilia\/news\/wp-json\/wp\/v2\/posts\/2093"}],"collection":[{"href":"https:\/\/www.chiesedisicilia.org\/chiesedisicilia\/news\/wp-json\/wp\/v2\/posts"}],"about":[{"href":"https:\/\/www.chiesedisicilia.org\/chiesedisicilia\/news\/wp-json\/wp\/v2\/types\/post"}],"author":[{"embeddable":true,"href":"https:\/\/www.chiesedisicilia.org\/chiesedisicilia\/news\/wp-json\/wp\/v2\/users\/1"}],"replies":[{"embeddable":true,"href":"https:\/\/www.chiesedisicilia.org\/chiesedisicilia\/news\/wp-json\/wp\/v2\/comments?post=2093"}],"version-history":[{"count":1,"href":"https:\/\/www.chiesedisicilia.org\/chiesedisicilia\/news\/wp-json\/wp\/v2\/posts\/2093\/revisions"}],"predecessor-version":[{"id":20580,"href":"https:\/\/www.chiesedisicilia.org\/chiesedisicilia\/news\/wp-json\/wp\/v2\/posts\/2093\/revisions\/20580"}],"wp:attachment":[{"href":"https:\/\/www.chiesedisicilia.org\/chiesedisicilia\/news\/wp-json\/wp\/v2\/media?parent=2093"}],"wp:term":[{"taxonomy":"category","embeddable":true,"href":"https:\/\/www.chiesedisicilia.org\/chiesedisicilia\/news\/wp-json\/wp\/v2\/categories?post=2093"},{"taxonomy":"post_tag","embeddable":true,"href":"https:\/\/www.chiesedisicilia.org\/chiesedisicilia\/news\/wp-json\/wp\/v2\/tags?post=2093"},{"taxonomy":"news-destination","embeddable":true,"href":"https:\/\/www.chiesedisicilia.org\/chiesedisicilia\/news\/wp-json\/wp\/v2\/news-destination?post=2093"},{"taxonomy":"news-source","embeddable":true,"href":"https:\/\/www.chiesedisicilia.org\/chiesedisicilia\/news\/wp-json\/wp\/v2\/news-source?post=2093"},{"taxonomy":"is_homepage","embeddable":true,"href":"https:\/\/www.chiesedisicilia.org\/chiesedisicilia\/news\/wp-json\/wp\/v2\/is_homepage?post=2093"},{"taxonomy":"ta_other","embeddable":true,"href":"https:\/\/www.chiesedisicilia.org\/chiesedisicilia\/news\/wp-json\/wp\/v2\/ta_other?post=2093"}],"curies":[{"name":"wp","href":"https:\/\/api.w.org\/{rel}","templated":true}]}}