{"id":2081,"date":"2016-10-27T08:54:00","date_gmt":"2016-10-27T06:54:00","guid":{"rendered":"http:\/\/wptestsite.tecnavia.com\/chiesedisicilia_clientsite\/news\/2016\/10\/27\/catania-ai-legionari-di-cristo-le-parrocchie-santa-lucia-e-san-giuseppe-in-ognina\/"},"modified":"2018-11-09T11:00:55","modified_gmt":"2018-01-13T11:00:55","slug":"catania-ai-legionari-di-cristo-le-parrocchie-santa-lucia-e-san-giuseppe-in-ognina","status":"publish","type":"post","link":"https:\/\/www.chiesedisicilia.org\/2016\/10\/27\/catania-ai-legionari-di-cristo-le-parrocchie-santa-lucia-e-san-giuseppe-in-ognina\/","title":{"rendered":"CATANIA. AI LEGIONARI DI CRISTO LE PARROCCHIE SANTA LUCIA E SAN GIUSEPPE IN OGNINA"},"content":{"rendered":"<div><span style=\"font-size: medium;\"><span style=\"font-family: \"Times New Roman\";\"><span style=\"background-image: initial; background-position: initial; background-size: initial; background-repeat: initial; background-attachment: initial; background-origin: initial; background-clip: initial;\">La comunit\u00e0 dei Legionari di Cristo si \u00e8 ufficialmente insediata nella diocesi di Catania con la presa di possesso da parte di padre Luca Frontali delle parrocchie Santa Lucia e San Giuseppe in Ognina rispettivamente gioved\u00ec 20 e domenica 23 ottobre. \u00c8 stato monsignor Salvatore Gristina, arcivescovo di Catania, a presentare ai fedeli rispettivamente nella chiesa di Santa Lucia e nella chiesa di San Giuseppe in Ognina la nuova comunit\u00e0 spiegando che padre Luca sar\u00e0 parroco di entrambe le parrocchie, per motivi di diritto canonico coadiuvato in Santa Lucia dal vicario padre Claudio Garcia e, nella chiesa di San Giuseppe dai padre Miguel Cavall\u00e9 e Arqu\u00edmedes Sanchez. La nuova comunit\u00e0 risieder\u00e0 nella canonica della chiesa San Giuseppe.<\/span><br \/> <span style=\"background-image: initial; background-position: initial; background-size: initial; background-repeat: initial; background-attachment: initial; background-origin: initial; background-clip: initial;\">Hanno accompagnato l\u2019insediamento del nuovo parroco il direttore territoriale, padre Manuel \u00c1lvarez Vorrath, alcuni sacerdoti legionari delle comunit\u00e0 di Palermo e di Padova, da cui proviene padre Luca e alcuni sacerdoti diocesani che hanno concelebrato la S. Messa presieduta dal vescovo. Monsignor Gristina, nel dare il benvenuto alla nuova comunit\u00e0 dei Legionari composta dai sacerdoti Miguel Cavall\u00e9, Arqu\u00edmedes Sanchez, Luca Frontali e Claudio Garcia, ha espresso gratitudine alla Congregazione ricordando ai fedeli che gi\u00e0 da qualche anno due sacerdoti legionari, Miguel Cavall\u00e9 e Arqu\u00edmedes Sanchez, hanno servito la diocesi e che adesso, con la presa di possesso di queste due parrocchie, si \u00e8 potuto istituzionalizzare la loro presenza. Il presule ha, quindi, invitato i parrocchiani a vedere nell\u2019arrivo di questa nuova comunit\u00e0 un dono grande di Dio, perch\u00e9, ha detto, \u201c\u00e8 raro al giorno d\u2019oggi, poter contare sulla disponibilit\u00e0 di quattro sacerdoti\u201d. Durante l\u2019omelia p. Luca Frontali ha sottolineato il desiderio della nuova comunit\u00e0 di \u201cessere famiglia tra le famiglie\u201d mentre padre Manuel \u00c1lvarez Vorrath ha ringraziato il vescovo e tutti i presenti per l\u2019accoglienza. [01]<\/span><\/span><\/span><span style=\"font-size:12.0pt;font-family:\"Times New Roman\",\"serif\"\"><o:p><\/o:p><\/span><\/div>\n","protected":false},"excerpt":{"rendered":"","protected":false},"author":1,"featured_media":0,"comment_status":"open","ping_status":"open","sticky":false,"template":"","format":"standard","meta":[],"categories":[30],"tags":[],"news-destination":[],"news-source":[],"is_homepage":[],"ta_other":[],"_links":{"self":[{"href":"https:\/\/www.chiesedisicilia.org\/chiesedisicilia\/news\/wp-json\/wp\/v2\/posts\/2081"}],"collection":[{"href":"https:\/\/www.chiesedisicilia.org\/chiesedisicilia\/news\/wp-json\/wp\/v2\/posts"}],"about":[{"href":"https:\/\/www.chiesedisicilia.org\/chiesedisicilia\/news\/wp-json\/wp\/v2\/types\/post"}],"author":[{"embeddable":true,"href":"https:\/\/www.chiesedisicilia.org\/chiesedisicilia\/news\/wp-json\/wp\/v2\/users\/1"}],"replies":[{"embeddable":true,"href":"https:\/\/www.chiesedisicilia.org\/chiesedisicilia\/news\/wp-json\/wp\/v2\/comments?post=2081"}],"version-history":[{"count":1,"href":"https:\/\/www.chiesedisicilia.org\/chiesedisicilia\/news\/wp-json\/wp\/v2\/posts\/2081\/revisions"}],"predecessor-version":[{"id":20570,"href":"https:\/\/www.chiesedisicilia.org\/chiesedisicilia\/news\/wp-json\/wp\/v2\/posts\/2081\/revisions\/20570"}],"wp:attachment":[{"href":"https:\/\/www.chiesedisicilia.org\/chiesedisicilia\/news\/wp-json\/wp\/v2\/media?parent=2081"}],"wp:term":[{"taxonomy":"category","embeddable":true,"href":"https:\/\/www.chiesedisicilia.org\/chiesedisicilia\/news\/wp-json\/wp\/v2\/categories?post=2081"},{"taxonomy":"post_tag","embeddable":true,"href":"https:\/\/www.chiesedisicilia.org\/chiesedisicilia\/news\/wp-json\/wp\/v2\/tags?post=2081"},{"taxonomy":"news-destination","embeddable":true,"href":"https:\/\/www.chiesedisicilia.org\/chiesedisicilia\/news\/wp-json\/wp\/v2\/news-destination?post=2081"},{"taxonomy":"news-source","embeddable":true,"href":"https:\/\/www.chiesedisicilia.org\/chiesedisicilia\/news\/wp-json\/wp\/v2\/news-source?post=2081"},{"taxonomy":"is_homepage","embeddable":true,"href":"https:\/\/www.chiesedisicilia.org\/chiesedisicilia\/news\/wp-json\/wp\/v2\/is_homepage?post=2081"},{"taxonomy":"ta_other","embeddable":true,"href":"https:\/\/www.chiesedisicilia.org\/chiesedisicilia\/news\/wp-json\/wp\/v2\/ta_other?post=2081"}],"curies":[{"name":"wp","href":"https:\/\/api.w.org\/{rel}","templated":true}]}}