{"id":2056,"date":"2015-10-29T19:01:00","date_gmt":"2015-10-29T18:01:00","guid":{"rendered":"http:\/\/wptestsite.tecnavia.com\/chiesedisicilia_clientsite\/news\/2015\/10\/29\/catania-caritas-accoglienza-e-integrazione-sullesempio-di-papa-francesco\/"},"modified":"2018-11-09T11:00:54","modified_gmt":"2018-01-13T11:00:54","slug":"catania-caritas-accoglienza-e-integrazione-sullesempio-di-papa-francesco","status":"publish","type":"post","link":"https:\/\/www.chiesedisicilia.org\/2015\/10\/29\/catania-caritas-accoglienza-e-integrazione-sullesempio-di-papa-francesco\/","title":{"rendered":"CATANIA. CARITAS: ACCOGLIENZA E INTEGRAZIONE SULL&#8217;ESEMPIO DI PAPA FRANCESCO"},"content":{"rendered":"<div><span style=\"font-size:12.0pt;font-family:\"Times New Roman\",\"serif\";\nmso-fareast-font-family:\"Times New Roman\"\"><span style=\"font-size: medium;\"><span style=\"font-family: 'Times New Roman';\">Interrogare la comunit\u00e0 parrocchiale sul valore dell&#8217;accoglienza domestica ai migranti sull&#8217;esempio di Papa Francesco e promuovere l&#8217;integrazione tra differenti culture oltre stereotipi e false verit\u00e0 sull&#8217;immigrazione \u00e8 stato il tema affrontato presso il Santuario San Francesco d&#8217;Assisi all&#8217;Immacolata di Catania nell&#8217;ambito dell&#8217;incontro sul tema \u201c<i>Ero forestiero e mi avete ospitato\u201d<\/i>. L&#8217;appuntamento \u00e8 stato promosso\u00a0dall&#8217;Ordine francescano secolare in collaborazione con la Consulta per le Aggregazioni laicali della Diocesi. Relatori: don Piero Galvano, direttore Caritas diocesana; don Giuseppe Cannizzo, direttore dell&#8217;Ufficio migrantes di Catania; Santino Tornesi, \u00a0direttore dell&#8217;Ufficio migrantes di Messina.<\/span><\/span><\/span><\/div>\n<div><span style=\"font-size: medium;\"><span style=\"font-family: 'Times New Roman';\">Don Piero Galvano ha posto l&#8217;accento sul problema della \u201cprima accoglienza\u201d ai migranti che sbarcano a Catania affrontando il dramma dei minori stranieri non accompagnati e ribadendo l&#8217;invito del Santo Padre a farsi prossimo dei pi\u00f9 bisognosi. Sollecitazione estesa alle parrocchie, intese come comunit\u00e0 dei credenti che devono interrogarsi sulla possibilit\u00e0 di accoglienza, da parte delle famiglie, sia di profughi che di persone senza fissa dimora. Quest&#8217;ultimo aspetto di particolare importanza vista l&#8217;emergenza abitativa in citt\u00e0.\u00a0 \u201cA riguardo &#8211; ha sottolineato il direttore Caritas &#8211;\u00a0 ci stiamo adoperando nella ricerca di locali da adibire a dormitori per uomini soli o separati, visto che per donne sole con minori a carico sono gi\u00e0 attivi in Caritas tre gruppi-appartamento\u201d. <\/span><\/span><span style=\"font-size:12.0pt;font-family:\"Times New Roman\",\"serif\";\nmso-fareast-font-family:\"Times New Roman\"\"><o:p><\/o:p><\/span><\/div>\n<div><span style=\"font-size: medium;\"><span style=\"font-family: 'Times New Roman';\">Dall&#8217;iter che va da prima accoglienza all&#8217;integrazione attraverso la fede ha parlato, invece, il diacono Cannizzo, \u00a0ricordando il culto cristiano delle comunit\u00e0 di immigrati dello Sri Lanka verso Sant&#8217;Agata, Patrona cittadina. Una venerazione che affonda le sue radici nella storia della cultura e della tradizione cattolica srilankese, risalente al primo decennio del novecento e che ogni prima domenica di ottobre richiama in Cattedrale centinaia di fedeli\u00a0 provenienti da tutta la Sicilia. Devozione che a partire dagli anni &#8217;80, con l&#8217;arrivo della prima colonia di srilankesi a Catania, ha permesso all&#8217;intera comunit\u00e0 di essere riconosciuta come esempio di integrazione positiva al pari dei mauriziani.<\/span><\/span><span style=\"font-size:12.0pt;font-family:\"Times New Roman\",\"serif\";\nmso-fareast-font-family:\"Times New Roman\"\"><o:p><\/o:p><\/span><\/div>\n<div><span style=\"font-size: medium;\"><span style=\"font-family: 'Times New Roman';\">L&#8217;ultimo intervento \u00e8 stato proposto dal direttore dell&#8217;Ufficio migrantes di Messina e ha riguardato i numeri relativi ai migranti sbarcati in Sicilia. Ha riproposto la linea gi\u00e0 esposta dalla Fondazione migrantes di un&#8217;accoglienza diffusa tra tutti gli 8000 Comuni italiani. Ovvero ridistribuire i migranti in transito in Italia in almeno la met\u00e0 dei Comuni per un&#8217; accoglienza pi\u00f9 gestibile e senza spreco di risorse.<\/span><\/span><span style=\"font-size:12.0pt;font-family:\"Times New Roman\",\"serif\";\nmso-fareast-font-family:\"Times New Roman\"\"><o:p><\/o:p><\/span><\/div>\n<div><span style=\"font-size: medium;\"><span style=\"font-family: 'Times New Roman';\">L&#8217;incontro della Caritas ha voluto ricordare lo &#8216;Spirito di Assisi&#8217;, momento di preghiera per la pace tra leader di diverse religioni voluto ad Assisi nel 1986 da S. Giovanni Paolo II, del quale quest&#8217;anno ricorre il 29\u00b0 anniversario. Per questo motivo, come gesto concreto di solidariet\u00e0, durante la serata sono stati raccolti 55 litri di olio extra-vergine di oliva da destinare alla Caritas diocesana per le esigenze della mensa dell&#8217;Help Center.\u00a0 Altro segno importante sar\u00e0 il pranzo per i poveri che si svolger\u00e0 all&#8217;interno del Santuario San Francesco d&#8217;Assisi all&#8217;Immacolata il prossimo 22 novembre in occasione della memoria di Santa Elisabetta d&#8217;Ungheria, Patrona\u00a0dell&#8217;Ordine francescano secolare.<\/span><\/span><span style=\"font-size:12.0pt;font-family:\"Times New Roman\",\"serif\";\nmso-fareast-font-family:\"Times New Roman\"\"><o:p><\/o:p><\/span><\/div>\n<div><span style=\"font-size: medium;\"><span style=\"font-family: 'Times New Roman';\">Il commiato finale \u00e8 stato affidato ad Alfio Pagliaresi, dell&#8217;Ordine francescano secolare, volontario Caritas, che ha ricordato il compianto Pippo Maccarrone, scomparso qualche giorno fa il cui ricordo \u00e8 ancora vivo nei volontari che lo hanno conosciuto. [01]<\/span><\/span><span style=\"font-size:12.0pt;font-family:\"Times New Roman\",\"serif\";\nmso-fareast-font-family:\"Times New Roman\"\"><o:p><\/o:p><\/span><\/div>\n","protected":false},"excerpt":{"rendered":"","protected":false},"author":1,"featured_media":0,"comment_status":"open","ping_status":"open","sticky":false,"template":"","format":"standard","meta":[],"categories":[30],"tags":[],"news-destination":[],"news-source":[],"is_homepage":[],"ta_other":[],"_links":{"self":[{"href":"https:\/\/www.chiesedisicilia.org\/chiesedisicilia\/news\/wp-json\/wp\/v2\/posts\/2056"}],"collection":[{"href":"https:\/\/www.chiesedisicilia.org\/chiesedisicilia\/news\/wp-json\/wp\/v2\/posts"}],"about":[{"href":"https:\/\/www.chiesedisicilia.org\/chiesedisicilia\/news\/wp-json\/wp\/v2\/types\/post"}],"author":[{"embeddable":true,"href":"https:\/\/www.chiesedisicilia.org\/chiesedisicilia\/news\/wp-json\/wp\/v2\/users\/1"}],"replies":[{"embeddable":true,"href":"https:\/\/www.chiesedisicilia.org\/chiesedisicilia\/news\/wp-json\/wp\/v2\/comments?post=2056"}],"version-history":[{"count":1,"href":"https:\/\/www.chiesedisicilia.org\/chiesedisicilia\/news\/wp-json\/wp\/v2\/posts\/2056\/revisions"}],"predecessor-version":[{"id":20545,"href":"https:\/\/www.chiesedisicilia.org\/chiesedisicilia\/news\/wp-json\/wp\/v2\/posts\/2056\/revisions\/20545"}],"wp:attachment":[{"href":"https:\/\/www.chiesedisicilia.org\/chiesedisicilia\/news\/wp-json\/wp\/v2\/media?parent=2056"}],"wp:term":[{"taxonomy":"category","embeddable":true,"href":"https:\/\/www.chiesedisicilia.org\/chiesedisicilia\/news\/wp-json\/wp\/v2\/categories?post=2056"},{"taxonomy":"post_tag","embeddable":true,"href":"https:\/\/www.chiesedisicilia.org\/chiesedisicilia\/news\/wp-json\/wp\/v2\/tags?post=2056"},{"taxonomy":"news-destination","embeddable":true,"href":"https:\/\/www.chiesedisicilia.org\/chiesedisicilia\/news\/wp-json\/wp\/v2\/news-destination?post=2056"},{"taxonomy":"news-source","embeddable":true,"href":"https:\/\/www.chiesedisicilia.org\/chiesedisicilia\/news\/wp-json\/wp\/v2\/news-source?post=2056"},{"taxonomy":"is_homepage","embeddable":true,"href":"https:\/\/www.chiesedisicilia.org\/chiesedisicilia\/news\/wp-json\/wp\/v2\/is_homepage?post=2056"},{"taxonomy":"ta_other","embeddable":true,"href":"https:\/\/www.chiesedisicilia.org\/chiesedisicilia\/news\/wp-json\/wp\/v2\/ta_other?post=2056"}],"curies":[{"name":"wp","href":"https:\/\/api.w.org\/{rel}","templated":true}]}}