{"id":2054,"date":"2015-10-12T16:31:00","date_gmt":"2015-10-12T14:31:00","guid":{"rendered":"http:\/\/wptestsite.tecnavia.com\/chiesedisicilia_clientsite\/news\/2015\/10\/12\/catania-progetto-policoro-naturadivina-frutti-della-terra-2\/"},"modified":"2018-11-09T11:00:54","modified_gmt":"2018-01-13T11:00:54","slug":"catania-progetto-policoro-naturadivina-frutti-della-terra-2","status":"publish","type":"post","link":"https:\/\/www.chiesedisicilia.org\/2015\/10\/12\/catania-progetto-policoro-naturadivina-frutti-della-terra-2\/","title":{"rendered":"CATANIA. PROGETTO POLICORO: &#8220;NATURADIVINA. FRUTTI DELLA TERRA&#8221;"},"content":{"rendered":"<div><span style=\"font-size: medium;\"><span style=\"font-family: 'Times New Roman';\">Verr\u00e0 presentato mercoled\u00ec 14 ottobre 2015, nel Salone dei Vescovi, presso l&#8217;arcivescovado di Catania, il progetto &#8220;Naturadivina. Frutti della terra&#8221;. Quello che verr\u00e0 realizzato rappresenta la concretizzazione di una delle idee proposte dal Progetto Policoro per dare una risposta concreta al<\/span><\/span><\/div>\n<div><span style=\"font-size: medium;\"><span style=\"font-family: 'Times New Roman';\">problema della disoccupazione in Italia, resa ancora pi\u00f9 seria dall\u2019attuale profonda crisi economica.<\/span><\/span><\/div>\n<div><span style=\"font-size: medium;\"><span style=\"font-family: 'Times New Roman';\">La conferenza di presentazione avr\u00e0 inizio alle ore 10. Vi prenderanno parte: don Piero Sapienza, direttore dell\u2019Ufficio diocesano per i Problemi sociali e il Lavoro che presenter\u00e0 l&#8217;Enciclica &#8220;Laudato Si&#700;&#8221;; Michele Odierna, animatore di comunit\u00e0 del Progetto Policoro, per presenter\u00e0 il Progetto stesso; Diego Pistorio, responsabile dell&#8217;Istituto diocesano per il Sostentamento del clero della diocesi di Catania, che interverr\u00e0 sull&#8217;Intesa tra l&#8217;dsc di Catania e la Cooperativa sociale &#8220;Bios&#8221;; Riccardo Tomasello, amministratore unico della Cooperativa Sociale &#8220;Bios&#8221;, che presenter\u00e0 il Progetto &#8220;NaturaDivina&#8221;. <\/span><\/span><o:p><\/o:p><\/div>\n<div><span style=\"font-size: medium;\"><span style=\"font-family: 'Times New Roman';\">Saranno presenti: Gaetano Mancini, presidente Confcooperative di Catania; Luciano Ventura, direttore di Confcooperative Catania; Rosaria Rotolo, segretaria provinciale della CISL di Catania; Salvatore Luciano Cosentino, direttore del Dipartimento di Agricoltura, alimentazione e ambiente dell\u2019Universit\u00e0 degli Studi di Catania; Giovanni Mauromicale, ordinario di Agronomia e Coltivazioni erbacee presso il Di3A dell\u2019Universit\u00e0 degli Studi di Catania; Alessia Restuccia, ricercatore di Botanica ambientale e applicata presso il Di3A dell\u2019Universit\u00e0 degli Studi di Catania.<\/span><\/span><\/div>\n<div><span style=\"font-size: medium;\"><span style=\"font-family: 'Times New Roman';\">Concluder\u00e0 i lavori mons. Salvatore Gristina, arcivescovo di Catania.<\/span><\/span><\/div>\n<div><span style=\"font-size: medium;\"><span style=\"font-family: 'Times New Roman';\">Il Progetto gode del patrocinio di EXPO 2015 Progetto Scuola. [01]<\/span><\/span><\/div>\n<p class=\"MsoNoSpacing\">\u00a0<\/p>\n","protected":false},"excerpt":{"rendered":"","protected":false},"author":1,"featured_media":0,"comment_status":"open","ping_status":"open","sticky":false,"template":"","format":"standard","meta":[],"categories":[30],"tags":[],"news-destination":[],"news-source":[],"is_homepage":[],"ta_other":[],"_links":{"self":[{"href":"https:\/\/www.chiesedisicilia.org\/chiesedisicilia\/news\/wp-json\/wp\/v2\/posts\/2054"}],"collection":[{"href":"https:\/\/www.chiesedisicilia.org\/chiesedisicilia\/news\/wp-json\/wp\/v2\/posts"}],"about":[{"href":"https:\/\/www.chiesedisicilia.org\/chiesedisicilia\/news\/wp-json\/wp\/v2\/types\/post"}],"author":[{"embeddable":true,"href":"https:\/\/www.chiesedisicilia.org\/chiesedisicilia\/news\/wp-json\/wp\/v2\/users\/1"}],"replies":[{"embeddable":true,"href":"https:\/\/www.chiesedisicilia.org\/chiesedisicilia\/news\/wp-json\/wp\/v2\/comments?post=2054"}],"version-history":[{"count":1,"href":"https:\/\/www.chiesedisicilia.org\/chiesedisicilia\/news\/wp-json\/wp\/v2\/posts\/2054\/revisions"}],"predecessor-version":[{"id":20543,"href":"https:\/\/www.chiesedisicilia.org\/chiesedisicilia\/news\/wp-json\/wp\/v2\/posts\/2054\/revisions\/20543"}],"wp:attachment":[{"href":"https:\/\/www.chiesedisicilia.org\/chiesedisicilia\/news\/wp-json\/wp\/v2\/media?parent=2054"}],"wp:term":[{"taxonomy":"category","embeddable":true,"href":"https:\/\/www.chiesedisicilia.org\/chiesedisicilia\/news\/wp-json\/wp\/v2\/categories?post=2054"},{"taxonomy":"post_tag","embeddable":true,"href":"https:\/\/www.chiesedisicilia.org\/chiesedisicilia\/news\/wp-json\/wp\/v2\/tags?post=2054"},{"taxonomy":"news-destination","embeddable":true,"href":"https:\/\/www.chiesedisicilia.org\/chiesedisicilia\/news\/wp-json\/wp\/v2\/news-destination?post=2054"},{"taxonomy":"news-source","embeddable":true,"href":"https:\/\/www.chiesedisicilia.org\/chiesedisicilia\/news\/wp-json\/wp\/v2\/news-source?post=2054"},{"taxonomy":"is_homepage","embeddable":true,"href":"https:\/\/www.chiesedisicilia.org\/chiesedisicilia\/news\/wp-json\/wp\/v2\/is_homepage?post=2054"},{"taxonomy":"ta_other","embeddable":true,"href":"https:\/\/www.chiesedisicilia.org\/chiesedisicilia\/news\/wp-json\/wp\/v2\/ta_other?post=2054"}],"curies":[{"name":"wp","href":"https:\/\/api.w.org\/{rel}","templated":true}]}}