{"id":2039,"date":"2015-04-09T10:23:00","date_gmt":"2015-04-09T08:23:00","guid":{"rendered":"http:\/\/wptestsite.tecnavia.com\/chiesedisicilia_clientsite\/news\/2015\/04\/09\/catania-corso-di-formazione-per-volontari-caritas\/"},"modified":"2018-11-09T11:00:54","modified_gmt":"2018-01-13T11:00:54","slug":"catania-corso-di-formazione-per-volontari-caritas","status":"publish","type":"post","link":"https:\/\/www.chiesedisicilia.org\/2015\/04\/09\/catania-corso-di-formazione-per-volontari-caritas\/","title":{"rendered":"CATANIA. CORSO DI FORMAZIONE PER VOLONTARI CARITAS"},"content":{"rendered":"<div><span style=\"font-size: medium;\"><span style=\"font-family: 'Times New Roman';\">Si svolger\u00e0 il 13, 16 e 20 aprile 2015, il corso di formazione per volontari e operatori Caritas presso il M<\/span><\/span><span style=\"font-size:12.0pt;font-family:\"Times New Roman\",\"serif\";\nmso-fareast-font-family:\"Times New Roman\"\"><span style=\"font-size: medium;\"><span style=\"font-family: 'Times New Roman';\">useo diocesano di Catania, dalle ore 16.30 alle ore 18.30. I temi affrontati saranno l\u2019accoglienza, l\u2019ascolto e la presa in carico. Nella prima giornata di formazione <b>Paola Fecarotta<\/b>, psicologa e psicoterapeuta, tratter\u00e0 <i>\u201cIl contatto nell\u2019accoglienza\u201d<\/i>. La seconda giornata del corso promuover\u00e0 la <i>\u201cDinamica di ascolto e relazione di aiuto\u201d<\/i> a cura del diacono <b>Gino Licitra<\/b>, responsabile del Centro di Ascolto diocesano, e di <b>Giuseppe Ternullo<\/b>, responsabile del servizio Microcredito in Caritas. L&#8217;ultimo appuntamento in calendario riguarder\u00e0 <i>\u201cLa presa in carico nella Caritas\u201d, <\/i>tematica<i> <\/i>che sar\u00e0 trattata da <b>Valentina Cal\u00ec, <\/b>responsabile del Centro di Ascolto dell&#8217;Help Center.<\/span><\/span><o:p><\/o:p><\/span><\/div>\n<div><span style=\"font-size: medium;\"><span style=\"font-family: 'Times New Roman';\">Tutti gli incontri saranno introdotti da una riflessione sulla Parola di Dio a cura di don Piero Galvano, direttore della Caritas diocesana. Il corso \u00e8 gratuito. Per informazioni \u00e8 possibile rivolgersi alla segreteria, telefonando al numero 095.2161224, dal luned\u00ec al venerd\u00ec ore 08.30-12.30 e il sabato ore 08.30-11.00. [01]<\/span><\/span><span style=\"font-size:12.0pt;font-family:\"Times New Roman\",\"serif\";\nmso-fareast-font-family:\"Times New Roman\"\"><o:p><\/o:p><\/span><\/div>\n","protected":false},"excerpt":{"rendered":"","protected":false},"author":1,"featured_media":0,"comment_status":"open","ping_status":"open","sticky":false,"template":"","format":"standard","meta":[],"categories":[30],"tags":[],"news-destination":[],"news-source":[],"is_homepage":[],"ta_other":[],"_links":{"self":[{"href":"https:\/\/www.chiesedisicilia.org\/chiesedisicilia\/news\/wp-json\/wp\/v2\/posts\/2039"}],"collection":[{"href":"https:\/\/www.chiesedisicilia.org\/chiesedisicilia\/news\/wp-json\/wp\/v2\/posts"}],"about":[{"href":"https:\/\/www.chiesedisicilia.org\/chiesedisicilia\/news\/wp-json\/wp\/v2\/types\/post"}],"author":[{"embeddable":true,"href":"https:\/\/www.chiesedisicilia.org\/chiesedisicilia\/news\/wp-json\/wp\/v2\/users\/1"}],"replies":[{"embeddable":true,"href":"https:\/\/www.chiesedisicilia.org\/chiesedisicilia\/news\/wp-json\/wp\/v2\/comments?post=2039"}],"version-history":[{"count":1,"href":"https:\/\/www.chiesedisicilia.org\/chiesedisicilia\/news\/wp-json\/wp\/v2\/posts\/2039\/revisions"}],"predecessor-version":[{"id":20528,"href":"https:\/\/www.chiesedisicilia.org\/chiesedisicilia\/news\/wp-json\/wp\/v2\/posts\/2039\/revisions\/20528"}],"wp:attachment":[{"href":"https:\/\/www.chiesedisicilia.org\/chiesedisicilia\/news\/wp-json\/wp\/v2\/media?parent=2039"}],"wp:term":[{"taxonomy":"category","embeddable":true,"href":"https:\/\/www.chiesedisicilia.org\/chiesedisicilia\/news\/wp-json\/wp\/v2\/categories?post=2039"},{"taxonomy":"post_tag","embeddable":true,"href":"https:\/\/www.chiesedisicilia.org\/chiesedisicilia\/news\/wp-json\/wp\/v2\/tags?post=2039"},{"taxonomy":"news-destination","embeddable":true,"href":"https:\/\/www.chiesedisicilia.org\/chiesedisicilia\/news\/wp-json\/wp\/v2\/news-destination?post=2039"},{"taxonomy":"news-source","embeddable":true,"href":"https:\/\/www.chiesedisicilia.org\/chiesedisicilia\/news\/wp-json\/wp\/v2\/news-source?post=2039"},{"taxonomy":"is_homepage","embeddable":true,"href":"https:\/\/www.chiesedisicilia.org\/chiesedisicilia\/news\/wp-json\/wp\/v2\/is_homepage?post=2039"},{"taxonomy":"ta_other","embeddable":true,"href":"https:\/\/www.chiesedisicilia.org\/chiesedisicilia\/news\/wp-json\/wp\/v2\/ta_other?post=2039"}],"curies":[{"name":"wp","href":"https:\/\/api.w.org\/{rel}","templated":true}]}}