{"id":2026,"date":"2015-02-03T11:16:00","date_gmt":"2015-02-03T10:16:00","guid":{"rendered":"http:\/\/wptestsite.tecnavia.com\/chiesedisicilia_clientsite\/news\/2015\/02\/03\/catania-festa-santagata-le-offerte-del-pontificale-alla-caritas\/"},"modified":"2018-11-09T11:00:54","modified_gmt":"2018-01-13T11:00:54","slug":"catania-festa-santagata-le-offerte-del-pontificale-alla-caritas","status":"publish","type":"post","link":"https:\/\/www.chiesedisicilia.org\/2015\/02\/03\/catania-festa-santagata-le-offerte-del-pontificale-alla-caritas\/","title":{"rendered":"CATANIA. FESTA SANT&#8217;AGATA: LE OFFERTE DEL PONTIFICALE ALLA CARITAS"},"content":{"rendered":"<p class=\"MsoNoSpacing\"><span style=\"font-size: medium;\"><span style=\"font-family: 'Times New Roman';\">Il 5 febbraio le offerte della colletta per il solenne Pontificale in onore di Sant\u2019Agata saranno devolute per la realizzazione della mensa Caritas, intitolata alla memoria del Beato Cardinale Dusmet, nel quartiere di Librino. Cosi come il ricavato dalla cassetta delle offerte in Cattedrale durante i giorni della festa ed i proventi di un sorteggio sostenuto dagli &#8216;Amici del Rosario&#8217; e dalle &#8216;Associazioni Agatine&#8217; per la Missione Sant&#8217;Agata. Alle due raccolte si aggiunge anche quella promossa nella libreria &#8216;San Paolo&#8217; di via Vittorio Emanuele, 182. <\/span><\/span><span style=\"font-size:12.0pt;font-family:\"Times New Roman\",\"serif\";\nmso-fareast-font-family:\"Times New Roman\"\"><o:p><\/o:p><\/span><\/p>\n<p class=\"MsoNoSpacing\"><span style=\"font-size: medium;\"><span style=\"font-family: 'Times New Roman';\">La mensa per i poveri sorger\u00e0 a sud-ovest di Catania, presso la parrocchia &#8220;Resurrezione del Signore&#8221; di viale Castagnola 4, nel cuore di un quartiere che negli anni \u00e8 divenuto il simbolo di tutte le <i>&#8216;periferie&#8217;<\/i> della nostra citt\u00e0. In un luogo dove la crisi, la sofferenza materiale e spirituale, sono avvertite in maniera drammatica. I lavori cominceranno in estate e potr\u00e0 ospitare pi\u00f9 di 200 persone. E&#8217; proprio dall&#8217;esperienza pastorale di don Piero Galvano, direttore della Caritas diocesana, da dieci anni parroco di periferia presso la parrocchia <i>&#8216;Beato Padre Pio da Pietrelcina&#8217;<\/i> nel quartiere San Giorgio (al confine con Librino), \u00e8 maturata la necessit\u00e0 di coinvolgere tutto il clero cittadino nel progetto di realizzare un&#8217;opera concreta di carit\u00e0 nell&#8217;estrema periferia etnea. La mensa, infatti, mattone dopo mattone, sar\u00e0 costruita anche grazie ad un piccolo contributo mensile dei sacerdoti e dei diaconi della Diocesi, che in piena libert\u00e0 hanno aderito all&#8217;iniziativa. <\/span><\/span><span style=\"font-size:12.0pt;font-family:\"Times New Roman\",\"serif\";\nmso-fareast-font-family:\"Times New Roman\"\"><o:p><\/o:p><\/span><\/p>\n<p class=\"MsoNoSpacing\"><span style=\"font-size: medium;\"><span style=\"font-family: 'Times New Roman';\">Tutta la Chiesa catanese a nome dell\u2019Arcivescovo mons. Salvatore Gristina ha condiviso le intenzioni della Caritas diocesana, ed in pieno accordo con il parroco della Cattedrale, mons. Barbaro Scionti, ha promosso la raccolta fondi a favore dell&#8217;opera caritatevole. [01]<\/span><\/span><span style=\"font-size:12.0pt;font-family:\"Times New Roman\",\"serif\";\nmso-fareast-font-family:\"Times New Roman\"\"><o:p><\/o:p><\/span><\/p>\n","protected":false},"excerpt":{"rendered":"","protected":false},"author":1,"featured_media":0,"comment_status":"open","ping_status":"open","sticky":false,"template":"","format":"standard","meta":[],"categories":[30],"tags":[],"news-destination":[],"news-source":[],"is_homepage":[],"ta_other":[],"_links":{"self":[{"href":"https:\/\/www.chiesedisicilia.org\/chiesedisicilia\/news\/wp-json\/wp\/v2\/posts\/2026"}],"collection":[{"href":"https:\/\/www.chiesedisicilia.org\/chiesedisicilia\/news\/wp-json\/wp\/v2\/posts"}],"about":[{"href":"https:\/\/www.chiesedisicilia.org\/chiesedisicilia\/news\/wp-json\/wp\/v2\/types\/post"}],"author":[{"embeddable":true,"href":"https:\/\/www.chiesedisicilia.org\/chiesedisicilia\/news\/wp-json\/wp\/v2\/users\/1"}],"replies":[{"embeddable":true,"href":"https:\/\/www.chiesedisicilia.org\/chiesedisicilia\/news\/wp-json\/wp\/v2\/comments?post=2026"}],"version-history":[{"count":1,"href":"https:\/\/www.chiesedisicilia.org\/chiesedisicilia\/news\/wp-json\/wp\/v2\/posts\/2026\/revisions"}],"predecessor-version":[{"id":20516,"href":"https:\/\/www.chiesedisicilia.org\/chiesedisicilia\/news\/wp-json\/wp\/v2\/posts\/2026\/revisions\/20516"}],"wp:attachment":[{"href":"https:\/\/www.chiesedisicilia.org\/chiesedisicilia\/news\/wp-json\/wp\/v2\/media?parent=2026"}],"wp:term":[{"taxonomy":"category","embeddable":true,"href":"https:\/\/www.chiesedisicilia.org\/chiesedisicilia\/news\/wp-json\/wp\/v2\/categories?post=2026"},{"taxonomy":"post_tag","embeddable":true,"href":"https:\/\/www.chiesedisicilia.org\/chiesedisicilia\/news\/wp-json\/wp\/v2\/tags?post=2026"},{"taxonomy":"news-destination","embeddable":true,"href":"https:\/\/www.chiesedisicilia.org\/chiesedisicilia\/news\/wp-json\/wp\/v2\/news-destination?post=2026"},{"taxonomy":"news-source","embeddable":true,"href":"https:\/\/www.chiesedisicilia.org\/chiesedisicilia\/news\/wp-json\/wp\/v2\/news-source?post=2026"},{"taxonomy":"is_homepage","embeddable":true,"href":"https:\/\/www.chiesedisicilia.org\/chiesedisicilia\/news\/wp-json\/wp\/v2\/is_homepage?post=2026"},{"taxonomy":"ta_other","embeddable":true,"href":"https:\/\/www.chiesedisicilia.org\/chiesedisicilia\/news\/wp-json\/wp\/v2\/ta_other?post=2026"}],"curies":[{"name":"wp","href":"https:\/\/api.w.org\/{rel}","templated":true}]}}