{"id":2013,"date":"2014-11-06T16:39:00","date_gmt":"2014-11-06T15:39:00","guid":{"rendered":"http:\/\/wptestsite.tecnavia.com\/chiesedisicilia_clientsite\/news\/2014\/11\/06\/catania-europa-oggi-10-giornata-sociale-diocesana-2\/"},"modified":"2018-11-09T11:00:53","modified_gmt":"2018-01-13T11:00:53","slug":"catania-europa-oggi-10-giornata-sociale-diocesana-2","status":"publish","type":"post","link":"https:\/\/www.chiesedisicilia.org\/2014\/11\/06\/catania-europa-oggi-10-giornata-sociale-diocesana-2\/","title":{"rendered":"CATANIA. &#8220;EUROPA, OGGI&#8221;: 10\u00b0 GIORNATA SOCIALE DIOCESANA"},"content":{"rendered":"<p class=\"MsoNoSpacing\"><span style=\"font-size: medium;\"><span style=\"font-family: 'Times New Roman';\">L&#8217;Ufficio pastorale per i Problemi sociali e il lavoro dell&#8217;Arcidiocesi di Catania propone la 10\u00b0 edizione della <a href=\"\/chiese_di_sicilia\/ufficio_stampa\/00003677_CATANIA__EUROPA__OGGI__10__GIORNATA_SOCIALE_DIOCESANA.html\">Giornata sociale diocesana<\/a>. Il tema scelto per l&#8217;appuntamento \u00e8 &#8220;Europa, oggi&#8221; e prevede una intera giornata di lavoro, dalle ore 9 alle ore 17.30. <\/span><\/span><span style=\"font-size:12.0pt;font-family:\"Times New Roman\",\"serif\"\"><o:p><\/o:p><\/span><\/p>\n<p class=\"MsoNoSpacing\"><span style=\"font-size: medium;\"><span style=\"font-family: 'Times New Roman';\">L&#8217;appuntamento si svolge sabato 15 novembre, a Catania, presso il Seminario arcivescovile. Il relatore sar\u00e0 Andrea Ricciardi, docente emerito di Storia contemporanea all&#8217;Universit\u00e0 di Roma Tre e fondatore della Comunit\u00e0 di S. Egidio.<\/span><\/span><\/p>\n<p class=\"MsoNoSpacing\"><span style=\"font-size: medium;\"><span style=\"font-family: 'Times New Roman';\">In apertura l&#8217;intervento dell&#8217;Arcivescovo e di don Piero Sapienza, direttore dell&#8217;Ufficio diocesano per i Problemi sociali e il Lavoro, che illustrer\u00e0 il percorso formativo delle dieci Giornate sociali diocesane. Alle ore 9.45 la relazione di Ricciardi su &#8220;Europa, oggi&#8221;.<\/span><\/span><span style=\"font-size:12.0pt;font-family:\"Times New Roman\",\"serif\"\"><o:p><\/o:p><\/span><\/p>\n<p class=\"MsoNoSpacing\"><span style=\"font-size: medium;\"><span style=\"font-family: 'Times New Roman';\">I gruppi di studio lavoreranno sia nel corso della mattina che nel pomeriggio, mentre tra le 16.30 e le 17.30, in assemblea, \u00e8 prevista la restituzione dei gruppi di\u00a0 studio e le indicazioni di linee operative. [01]<\/span><\/span><span style=\"font-size:12.0pt;font-family:\"Times New Roman\",\"serif\"\"><o:p><\/o:p><\/span><\/p>\n","protected":false},"excerpt":{"rendered":"","protected":false},"author":1,"featured_media":0,"comment_status":"open","ping_status":"open","sticky":false,"template":"","format":"standard","meta":[],"categories":[30],"tags":[],"news-destination":[],"news-source":[],"is_homepage":[],"ta_other":[],"_links":{"self":[{"href":"https:\/\/www.chiesedisicilia.org\/chiesedisicilia\/news\/wp-json\/wp\/v2\/posts\/2013"}],"collection":[{"href":"https:\/\/www.chiesedisicilia.org\/chiesedisicilia\/news\/wp-json\/wp\/v2\/posts"}],"about":[{"href":"https:\/\/www.chiesedisicilia.org\/chiesedisicilia\/news\/wp-json\/wp\/v2\/types\/post"}],"author":[{"embeddable":true,"href":"https:\/\/www.chiesedisicilia.org\/chiesedisicilia\/news\/wp-json\/wp\/v2\/users\/1"}],"replies":[{"embeddable":true,"href":"https:\/\/www.chiesedisicilia.org\/chiesedisicilia\/news\/wp-json\/wp\/v2\/comments?post=2013"}],"version-history":[{"count":1,"href":"https:\/\/www.chiesedisicilia.org\/chiesedisicilia\/news\/wp-json\/wp\/v2\/posts\/2013\/revisions"}],"predecessor-version":[{"id":20503,"href":"https:\/\/www.chiesedisicilia.org\/chiesedisicilia\/news\/wp-json\/wp\/v2\/posts\/2013\/revisions\/20503"}],"wp:attachment":[{"href":"https:\/\/www.chiesedisicilia.org\/chiesedisicilia\/news\/wp-json\/wp\/v2\/media?parent=2013"}],"wp:term":[{"taxonomy":"category","embeddable":true,"href":"https:\/\/www.chiesedisicilia.org\/chiesedisicilia\/news\/wp-json\/wp\/v2\/categories?post=2013"},{"taxonomy":"post_tag","embeddable":true,"href":"https:\/\/www.chiesedisicilia.org\/chiesedisicilia\/news\/wp-json\/wp\/v2\/tags?post=2013"},{"taxonomy":"news-destination","embeddable":true,"href":"https:\/\/www.chiesedisicilia.org\/chiesedisicilia\/news\/wp-json\/wp\/v2\/news-destination?post=2013"},{"taxonomy":"news-source","embeddable":true,"href":"https:\/\/www.chiesedisicilia.org\/chiesedisicilia\/news\/wp-json\/wp\/v2\/news-source?post=2013"},{"taxonomy":"is_homepage","embeddable":true,"href":"https:\/\/www.chiesedisicilia.org\/chiesedisicilia\/news\/wp-json\/wp\/v2\/is_homepage?post=2013"},{"taxonomy":"ta_other","embeddable":true,"href":"https:\/\/www.chiesedisicilia.org\/chiesedisicilia\/news\/wp-json\/wp\/v2\/ta_other?post=2013"}],"curies":[{"name":"wp","href":"https:\/\/api.w.org\/{rel}","templated":true}]}}